{"id":9065,"date":"2021-05-26T12:49:11","date_gmt":"2021-05-26T10:49:11","guid":{"rendered":"https:\/\/lfsevilla.com\/?p=9065"},"modified":"2021-05-26T12:49:11","modified_gmt":"2021-05-26T10:49:11","slug":"visite-a-l-ensemble-archeologique-de-baelo-claudia","status":"publish","type":"post","link":"https:\/\/lfsevilla.com\/fr\/visite-a-l-ensemble-archeologique-de-baelo-claudia\/","title":{"rendered":"Visite a l&#8217; ensemble arch\u00e9ologique de Baelo Claudia"},"content":{"rendered":"<div>\n<div class=\"v1gmail-page\" title=\"Page 6\">\n<div class=\"v1gmail-layoutArea\">\n<p class=\"v1gmail-column\">L&#8217;ensemble arch\u00e9ologique de Baelo Claudia a \u00e9t\u00e9 d\u00e9clar\u00e9 Monument historique national. Cette ville- usine romaine surprend par son excellent \u00e9tat de conservation. \u00c0 l&#8217;\u00e9poque, elle tira son prestige de ses conserves et salaisons, origine de la sauce\u00a0garum, export\u00e9e vers l&#8217;empire.<\/p>\n<\/div>\n<\/div>\n<\/div>\n<div>\n<div class=\"v1gmail-page\" title=\"Page 6\">\n<div class=\"v1gmail-layoutArea\">\n<p class=\"v1gmail-column\">Avec l&#8217;ensemble arch\u00e9ologique de Baelo Claudia, la province de C\u00e1diz conserve l&#8217;un des meilleurs t\u00e9moignages connus de l&#8217;urbanisme romain. Certains \u00e9difices datent de l&#8217;\u00e9poque d&#8217;Auguste, m\u00eame si la majeure partie fut construite sous le mandat de Claude. D&#8217;apr\u00e8s les experts, le centre monumental, o\u00f9 se trouvent le forum et tous les b\u00e2timents destin\u00e9s \u00e0 l&#8217;organisation administrative, a \u00e9t\u00e9 construit en une seule fois, selon un axe perpendiculaire au rivage.<\/p>\n<p class=\"v1gmail-column\"><span style=\"font-family: Calibri;\">La visite de cet ensemble arch\u00e9logique nous a permis de travailler sur le terrain, les comp\u00e9tences acquises en classe.\u00a0<\/span><span style=\"font-family: Calibri;\">Nous avons cl\u00f4tur\u00e9 la journ\u00e9e en profitant du beau temps, sur l&#8217;une des nombreuses plages de Tarifa.\u00a0<\/span><\/p>\n<\/div>\n\n\t\t<style type=\"text\/css\">\n\t\t\t#gallery-1 {\n\t\t\t\tmargin: auto;\n\t\t\t}\n\t\t\t#gallery-1 .gallery-item {\n\t\t\t\tfloat: left;\n\t\t\t\tmargin-top: 10px;\n\t\t\t\ttext-align: center;\n\t\t\t\twidth: 14%;\n\t\t\t}\n\t\t\t#gallery-1 img {\n\t\t\t\tborder: 2px solid #cfcfcf;\n\t\t\t}\n\t\t\t#gallery-1 .gallery-caption {\n\t\t\t\tmargin-left: 0;\n\t\t\t}\n\t\t\t\/* see gallery_shortcode() in wp-includes\/media.php *\/\n\t\t<\/style>\n\t\t<div id='gallery-1' class='gallery galleryid-9065 gallery-columns-7 gallery-size-thumbnail'><dl class='gallery-item'>\n\t\t\t<dt class='gallery-icon landscape'>\n\t\t\t\t<a href='https:\/\/lfsevilla.com\/wp-content\/uploads\/2021\/05\/WhatsApp-Image-2021-05-25-at-13.31.33.jpeg'><img decoding=\"async\" width=\"150\" height=\"150\" src=\"https:\/\/lfsevilla.com\/wp-content\/uploads\/2021\/05\/WhatsApp-Image-2021-05-25-at-13.31.33-150x150.jpeg\" class=\"attachment-thumbnail size-thumbnail\" alt=\"\" \/><\/a>\n\t\t\t<\/dt><\/dl><dl class='gallery-item'>\n\t\t\t<dt class='gallery-icon landscape'>\n\t\t\t\t<a href='https:\/\/lfsevilla.com\/wp-content\/uploads\/2021\/05\/1.png'><img decoding=\"async\" width=\"150\" height=\"150\" src=\"https:\/\/lfsevilla.com\/wp-content\/uploads\/2021\/05\/1-150x150.png\" class=\"attachment-thumbnail size-thumbnail\" alt=\"\" \/><\/a>\n\t\t\t<\/dt><\/dl><dl class='gallery-item'>\n\t\t\t<dt class='gallery-icon portrait'>\n\t\t\t\t<a href='https:\/\/lfsevilla.com\/wp-content\/uploads\/2021\/05\/WhatsApp-Image-2021-05-25-at-13.31.16.jpeg'><img decoding=\"async\" width=\"150\" height=\"150\" src=\"https:\/\/lfsevilla.com\/wp-content\/uploads\/2021\/05\/WhatsApp-Image-2021-05-25-at-13.31.16-150x150.jpeg\" class=\"attachment-thumbnail size-thumbnail\" alt=\"\" \/><\/a>\n\t\t\t<\/dt><\/dl><dl class='gallery-item'>\n\t\t\t<dt class='gallery-icon landscape'>\n\t\t\t\t<a href='https:\/\/lfsevilla.com\/wp-content\/uploads\/2021\/05\/5.png'><img decoding=\"async\" width=\"150\" height=\"150\" src=\"https:\/\/lfsevilla.com\/wp-content\/uploads\/2021\/05\/5-150x150.png\" class=\"attachment-thumbnail size-thumbnail\" alt=\"\" \/><\/a>\n\t\t\t<\/dt><\/dl><dl class='gallery-item'>\n\t\t\t<dt class='gallery-icon landscape'>\n\t\t\t\t<a href='https:\/\/lfsevilla.com\/wp-content\/uploads\/2021\/05\/4.png'><img decoding=\"async\" width=\"150\" height=\"150\" src=\"https:\/\/lfsevilla.com\/wp-content\/uploads\/2021\/05\/4-150x150.png\" class=\"attachment-thumbnail size-thumbnail\" alt=\"\" \/><\/a>\n\t\t\t<\/dt><\/dl><dl class='gallery-item'>\n\t\t\t<dt class='gallery-icon landscape'>\n\t\t\t\t<a href='https:\/\/lfsevilla.com\/wp-content\/uploads\/2021\/05\/3.png'><img decoding=\"async\" width=\"150\" height=\"150\" src=\"https:\/\/lfsevilla.com\/wp-content\/uploads\/2021\/05\/3-150x150.png\" class=\"attachment-thumbnail size-thumbnail\" alt=\"\" \/><\/a>\n\t\t\t<\/dt><\/dl><dl class='gallery-item'>\n\t\t\t<dt class='gallery-icon landscape'>\n\t\t\t\t<a href='https:\/\/lfsevilla.com\/wp-content\/uploads\/2021\/05\/2.png'><img decoding=\"async\" width=\"150\" height=\"150\" src=\"https:\/\/lfsevilla.com\/wp-content\/uploads\/2021\/05\/2-150x150.png\" class=\"attachment-thumbnail size-thumbnail\" alt=\"\" \/><\/a>\n\t\t\t<\/dt><\/dl><br style=\"clear: both\" \/>\n\t\t<\/div>\n\n<\/div>\n<\/div>\n","protected":false},"excerpt":{"rendered":"<p>L&#8217;ensemble arch\u00e9ologique de Baelo Claudia a \u00e9t\u00e9 d\u00e9clar\u00e9 Monument historique national. Cette ville- usine romaine surprend par son excellent \u00e9tat de conservation. \u00c0 l&#8217;\u00e9poque, elle tira son prestige de ses conserves et salaisons, origine de la sauce\u00a0garum, export\u00e9e vers l&#8217;empire. Avec l&#8217;ensemble arch\u00e9ologique de Baelo Claudia, la province de C\u00e1diz conserve l&#8217;un des meilleurs t\u00e9moignages [&hellip;]<\/p>\n","protected":false},"author":2,"featured_media":9056,"comment_status":"closed","ping_status":"open","sticky":false,"template":"","format":"standard","meta":{"_et_pb_use_builder":"","_et_pb_old_content":"","_et_gb_content_width":"","footnotes":""},"categories":[48,32],"tags":[],"class_list":["post-9065","post","type-post","status-publish","format-standard","has-post-thumbnail","hentry","category-actualites","category-nouvelles"],"yoast_head":"<!-- This site is optimized with the Yoast SEO plugin v27.0 - https:\/\/yoast.com\/product\/yoast-seo-wordpress\/ -->\n<title>Visite a l&#039; ensemble arch\u00e9ologique de Baelo Claudia - Lyc\u00e9e Fran\u00e7ais de S\u00e9ville | Colegio privado biling\u00fce en Sevilla<\/title>\n<meta name=\"robots\" content=\"index, follow, max-snippet:-1, max-image-preview:large, max-video-preview:-1\" \/>\n<link rel=\"canonical\" href=\"https:\/\/lfsevilla.com\/fr\/visite-a-l-ensemble-archeologique-de-baelo-claudia\/\" \/>\n<meta property=\"og:locale\" content=\"fr_FR\" \/>\n<meta property=\"og:type\" content=\"article\" \/>\n<meta property=\"og:title\" content=\"Visite a l&#039; ensemble arch\u00e9ologique de Baelo Claudia - Lyc\u00e9e Fran\u00e7ais de S\u00e9ville | Colegio privado biling\u00fce en Sevilla\" \/>\n<meta property=\"og:description\" content=\"L&#8217;ensemble arch\u00e9ologique de Baelo Claudia a \u00e9t\u00e9 d\u00e9clar\u00e9 Monument historique national. Cette ville- usine romaine surprend par son excellent \u00e9tat de conservation. \u00c0 l&#8217;\u00e9poque, elle tira son prestige de ses conserves et salaisons, origine de la sauce\u00a0garum, export\u00e9e vers l&#8217;empire. Avec l&#8217;ensemble arch\u00e9ologique de Baelo Claudia, la province de C\u00e1diz conserve l&#8217;un des meilleurs t\u00e9moignages [&hellip;]\" \/>\n<meta property=\"og:url\" content=\"https:\/\/lfsevilla.com\/fr\/visite-a-l-ensemble-archeologique-de-baelo-claudia\/\" \/>\n<meta property=\"og:site_name\" content=\"Lyc\u00e9e Fran\u00e7ais de S\u00e9ville | Colegio privado biling\u00fce en Sevilla\" \/>\n<meta property=\"article:publisher\" content=\"https:\/\/www.facebook.com\/LiceoFrancesSevilla\/\" \/>\n<meta property=\"article:published_time\" content=\"2021-05-26T10:49:11+00:00\" \/>\n<meta property=\"og:image\" content=\"https:\/\/lfsevilla.com\/wp-content\/uploads\/2021\/05\/4.png\" \/>\n\t<meta property=\"og:image:width\" content=\"945\" \/>\n\t<meta property=\"og:image:height\" content=\"709\" \/>\n\t<meta property=\"og:image:type\" content=\"image\/png\" \/>\n<meta name=\"author\" content=\"LFS\" \/>\n<meta name=\"twitter:card\" content=\"summary_large_image\" \/>\n<meta name=\"twitter:creator\" content=\"@lfsevilla\" \/>\n<meta name=\"twitter:site\" content=\"@lfsevilla\" \/>\n<meta name=\"twitter:label1\" content=\"\u00c9crit par\" \/>\n\t<meta name=\"twitter:data1\" content=\"LFS\" \/>\n\t<meta name=\"twitter:label2\" content=\"Dur\u00e9e de lecture estim\u00e9e\" \/>\n\t<meta name=\"twitter:data2\" content=\"1 minute\" \/>\n<script type=\"application\/ld+json\" class=\"yoast-schema-graph\">{\"@context\":\"https:\/\/schema.org\",\"@graph\":[{\"@type\":\"Article\",\"@id\":\"https:\/\/lfsevilla.com\/fr\/visite-a-l-ensemble-archeologique-de-baelo-claudia\/#article\",\"isPartOf\":{\"@id\":\"https:\/\/lfsevilla.com\/fr\/visite-a-l-ensemble-archeologique-de-baelo-claudia\/\"},\"author\":{\"name\":\"LFS\",\"@id\":\"https:\/\/lfsevilla.com\/#\/schema\/person\/ead715d6b1b6b2cb0bb6f7a06675d093\"},\"headline\":\"Visite a l&#8217; ensemble arch\u00e9ologique de Baelo Claudia\",\"datePublished\":\"2021-05-26T10:49:11+00:00\",\"mainEntityOfPage\":{\"@id\":\"https:\/\/lfsevilla.com\/fr\/visite-a-l-ensemble-archeologique-de-baelo-claudia\/\"},\"wordCount\":183,\"publisher\":{\"@id\":\"https:\/\/lfsevilla.com\/#organization\"},\"image\":{\"@id\":\"https:\/\/lfsevilla.com\/fr\/visite-a-l-ensemble-archeologique-de-baelo-claudia\/#primaryimage\"},\"thumbnailUrl\":\"https:\/\/lfsevilla.com\/wp-content\/uploads\/2021\/05\/4.png\",\"articleSection\":[\"Actualit\u00e9s\",\"Nouvelles\"],\"inLanguage\":\"fr-FR\"},{\"@type\":\"WebPage\",\"@id\":\"https:\/\/lfsevilla.com\/fr\/visite-a-l-ensemble-archeologique-de-baelo-claudia\/\",\"url\":\"https:\/\/lfsevilla.com\/fr\/visite-a-l-ensemble-archeologique-de-baelo-claudia\/\",\"name\":\"Visite a l' ensemble arch\u00e9ologique de Baelo Claudia - Lyc\u00e9e Fran\u00e7ais de S\u00e9ville | Colegio privado biling\u00fce en Sevilla\",\"isPartOf\":{\"@id\":\"https:\/\/lfsevilla.com\/#website\"},\"primaryImageOfPage\":{\"@id\":\"https:\/\/lfsevilla.com\/fr\/visite-a-l-ensemble-archeologique-de-baelo-claudia\/#primaryimage\"},\"image\":{\"@id\":\"https:\/\/lfsevilla.com\/fr\/visite-a-l-ensemble-archeologique-de-baelo-claudia\/#primaryimage\"},\"thumbnailUrl\":\"https:\/\/lfsevilla.com\/wp-content\/uploads\/2021\/05\/4.png\",\"datePublished\":\"2021-05-26T10:49:11+00:00\",\"breadcrumb\":{\"@id\":\"https:\/\/lfsevilla.com\/fr\/visite-a-l-ensemble-archeologique-de-baelo-claudia\/#breadcrumb\"},\"inLanguage\":\"fr-FR\",\"potentialAction\":[{\"@type\":\"ReadAction\",\"target\":[\"https:\/\/lfsevilla.com\/fr\/visite-a-l-ensemble-archeologique-de-baelo-claudia\/\"]}]},{\"@type\":\"ImageObject\",\"inLanguage\":\"fr-FR\",\"@id\":\"https:\/\/lfsevilla.com\/fr\/visite-a-l-ensemble-archeologique-de-baelo-claudia\/#primaryimage\",\"url\":\"https:\/\/lfsevilla.com\/wp-content\/uploads\/2021\/05\/4.png\",\"contentUrl\":\"https:\/\/lfsevilla.com\/wp-content\/uploads\/2021\/05\/4.png\",\"width\":945,\"height\":709},{\"@type\":\"BreadcrumbList\",\"@id\":\"https:\/\/lfsevilla.com\/fr\/visite-a-l-ensemble-archeologique-de-baelo-claudia\/#breadcrumb\",\"itemListElement\":[{\"@type\":\"ListItem\",\"position\":1,\"name\":\"Portada\",\"item\":\"https:\/\/lfsevilla.com\/fr\/\"},{\"@type\":\"ListItem\",\"position\":2,\"name\":\"Visite a l&#8217; ensemble arch\u00e9ologique de Baelo Claudia\"}]},{\"@type\":\"WebSite\",\"@id\":\"https:\/\/lfsevilla.com\/#website\",\"url\":\"https:\/\/lfsevilla.com\/\",\"name\":\"Lyc\u00e9e Fran\u00e7ais de S\u00e9ville | Colegio privado internacional triling\u00fce en Sevilla\",\"description\":\"El Liceo franc\u00e9s de Sevilla ofrece una ense\u00f1anza pluriling\u00fce (ingl\u00e9s, franc\u00e9s y espa\u00f1ol), multicultural y respetuosa con las libertades individuales.\",\"publisher\":{\"@id\":\"https:\/\/lfsevilla.com\/#organization\"},\"potentialAction\":[{\"@type\":\"SearchAction\",\"target\":{\"@type\":\"EntryPoint\",\"urlTemplate\":\"https:\/\/lfsevilla.com\/?s={search_term_string}\"},\"query-input\":{\"@type\":\"PropertyValueSpecification\",\"valueRequired\":true,\"valueName\":\"search_term_string\"}}],\"inLanguage\":\"fr-FR\"},{\"@type\":\"Organization\",\"@id\":\"https:\/\/lfsevilla.com\/#organization\",\"name\":\"Lyc\u00e9e Fran\u00e7ais International de S\u00e9ville\",\"url\":\"https:\/\/lfsevilla.com\/\",\"logo\":{\"@type\":\"ImageObject\",\"inLanguage\":\"fr-FR\",\"@id\":\"https:\/\/lfsevilla.com\/#\/schema\/logo\/image\/\",\"url\":\"https:\/\/lfsevilla.com\/wp-content\/uploads\/2023\/05\/Logo-Liceo-Frances-de-Sevilla-223x223-1.jpg\",\"contentUrl\":\"https:\/\/lfsevilla.com\/wp-content\/uploads\/2023\/05\/Logo-Liceo-Frances-de-Sevilla-223x223-1.jpg\",\"width\":223,\"height\":223,\"caption\":\"Lyc\u00e9e Fran\u00e7ais International de S\u00e9ville\"},\"image\":{\"@id\":\"https:\/\/lfsevilla.com\/#\/schema\/logo\/image\/\"},\"sameAs\":[\"https:\/\/www.facebook.com\/LiceoFrancesSevilla\/\",\"https:\/\/x.com\/lfsevilla\",\"https:\/\/www.linkedin.com\/company\/liceo-francs-internacional-de-sevilla\/\",\"https:\/\/www.instagram.com\/liceofrancessevilla\/\",\"https:\/\/www.youtube.com\/@liceofrancessevilla1124\"]},{\"@type\":\"Person\",\"@id\":\"https:\/\/lfsevilla.com\/#\/schema\/person\/ead715d6b1b6b2cb0bb6f7a06675d093\",\"name\":\"LFS\",\"image\":{\"@type\":\"ImageObject\",\"inLanguage\":\"fr-FR\",\"@id\":\"https:\/\/lfsevilla.com\/#\/schema\/person\/image\/\",\"url\":\"https:\/\/secure.gravatar.com\/avatar\/2b2587b6982746a9eb2cb62bda174a08069748c2251c7ca9b6e683d4aab29597?s=96&d=mm&r=g\",\"contentUrl\":\"https:\/\/secure.gravatar.com\/avatar\/2b2587b6982746a9eb2cb62bda174a08069748c2251c7ca9b6e683d4aab29597?s=96&d=mm&r=g\",\"caption\":\"LFS\"},\"url\":\"https:\/\/lfsevilla.com\/fr\/author\/weblfsevilla-com\/\"}]}<\/script>\n<!-- \/ Yoast SEO plugin. -->","yoast_head_json":{"title":"Visite a l' ensemble arch\u00e9ologique de Baelo Claudia - Lyc\u00e9e Fran\u00e7ais de S\u00e9ville | Colegio privado biling\u00fce en Sevilla","robots":{"index":"index","follow":"follow","max-snippet":"max-snippet:-1","max-image-preview":"max-image-preview:large","max-video-preview":"max-video-preview:-1"},"canonical":"https:\/\/lfsevilla.com\/fr\/visite-a-l-ensemble-archeologique-de-baelo-claudia\/","og_locale":"fr_FR","og_type":"article","og_title":"Visite a l' ensemble arch\u00e9ologique de Baelo Claudia - Lyc\u00e9e Fran\u00e7ais de S\u00e9ville | Colegio privado biling\u00fce en Sevilla","og_description":"L&#8217;ensemble arch\u00e9ologique de Baelo Claudia a \u00e9t\u00e9 d\u00e9clar\u00e9 Monument historique national. Cette ville- usine romaine surprend par son excellent \u00e9tat de conservation. \u00c0 l&#8217;\u00e9poque, elle tira son prestige de ses conserves et salaisons, origine de la sauce\u00a0garum, export\u00e9e vers l&#8217;empire. Avec l&#8217;ensemble arch\u00e9ologique de Baelo Claudia, la province de C\u00e1diz conserve l&#8217;un des meilleurs t\u00e9moignages [&hellip;]","og_url":"https:\/\/lfsevilla.com\/fr\/visite-a-l-ensemble-archeologique-de-baelo-claudia\/","og_site_name":"Lyc\u00e9e Fran\u00e7ais de S\u00e9ville | Colegio privado biling\u00fce en Sevilla","article_publisher":"https:\/\/www.facebook.com\/LiceoFrancesSevilla\/","article_published_time":"2021-05-26T10:49:11+00:00","og_image":[{"width":945,"height":709,"url":"https:\/\/lfsevilla.com\/wp-content\/uploads\/2021\/05\/4.png","type":"image\/png"}],"author":"LFS","twitter_card":"summary_large_image","twitter_creator":"@lfsevilla","twitter_site":"@lfsevilla","twitter_misc":{"\u00c9crit par":"LFS","Dur\u00e9e de lecture estim\u00e9e":"1 minute"},"schema":{"@context":"https:\/\/schema.org","@graph":[{"@type":"Article","@id":"https:\/\/lfsevilla.com\/fr\/visite-a-l-ensemble-archeologique-de-baelo-claudia\/#article","isPartOf":{"@id":"https:\/\/lfsevilla.com\/fr\/visite-a-l-ensemble-archeologique-de-baelo-claudia\/"},"author":{"name":"LFS","@id":"https:\/\/lfsevilla.com\/#\/schema\/person\/ead715d6b1b6b2cb0bb6f7a06675d093"},"headline":"Visite a l&#8217; ensemble arch\u00e9ologique de Baelo Claudia","datePublished":"2021-05-26T10:49:11+00:00","mainEntityOfPage":{"@id":"https:\/\/lfsevilla.com\/fr\/visite-a-l-ensemble-archeologique-de-baelo-claudia\/"},"wordCount":183,"publisher":{"@id":"https:\/\/lfsevilla.com\/#organization"},"image":{"@id":"https:\/\/lfsevilla.com\/fr\/visite-a-l-ensemble-archeologique-de-baelo-claudia\/#primaryimage"},"thumbnailUrl":"https:\/\/lfsevilla.com\/wp-content\/uploads\/2021\/05\/4.png","articleSection":["Actualit\u00e9s","Nouvelles"],"inLanguage":"fr-FR"},{"@type":"WebPage","@id":"https:\/\/lfsevilla.com\/fr\/visite-a-l-ensemble-archeologique-de-baelo-claudia\/","url":"https:\/\/lfsevilla.com\/fr\/visite-a-l-ensemble-archeologique-de-baelo-claudia\/","name":"Visite a l' ensemble arch\u00e9ologique de Baelo Claudia - Lyc\u00e9e Fran\u00e7ais de S\u00e9ville | Colegio privado biling\u00fce en Sevilla","isPartOf":{"@id":"https:\/\/lfsevilla.com\/#website"},"primaryImageOfPage":{"@id":"https:\/\/lfsevilla.com\/fr\/visite-a-l-ensemble-archeologique-de-baelo-claudia\/#primaryimage"},"image":{"@id":"https:\/\/lfsevilla.com\/fr\/visite-a-l-ensemble-archeologique-de-baelo-claudia\/#primaryimage"},"thumbnailUrl":"https:\/\/lfsevilla.com\/wp-content\/uploads\/2021\/05\/4.png","datePublished":"2021-05-26T10:49:11+00:00","breadcrumb":{"@id":"https:\/\/lfsevilla.com\/fr\/visite-a-l-ensemble-archeologique-de-baelo-claudia\/#breadcrumb"},"inLanguage":"fr-FR","potentialAction":[{"@type":"ReadAction","target":["https:\/\/lfsevilla.com\/fr\/visite-a-l-ensemble-archeologique-de-baelo-claudia\/"]}]},{"@type":"ImageObject","inLanguage":"fr-FR","@id":"https:\/\/lfsevilla.com\/fr\/visite-a-l-ensemble-archeologique-de-baelo-claudia\/#primaryimage","url":"https:\/\/lfsevilla.com\/wp-content\/uploads\/2021\/05\/4.png","contentUrl":"https:\/\/lfsevilla.com\/wp-content\/uploads\/2021\/05\/4.png","width":945,"height":709},{"@type":"BreadcrumbList","@id":"https:\/\/lfsevilla.com\/fr\/visite-a-l-ensemble-archeologique-de-baelo-claudia\/#breadcrumb","itemListElement":[{"@type":"ListItem","position":1,"name":"Portada","item":"https:\/\/lfsevilla.com\/fr\/"},{"@type":"ListItem","position":2,"name":"Visite a l&#8217; ensemble arch\u00e9ologique de Baelo Claudia"}]},{"@type":"WebSite","@id":"https:\/\/lfsevilla.com\/#website","url":"https:\/\/lfsevilla.com\/","name":"Lyc\u00e9e Fran\u00e7ais de S\u00e9ville | Colegio privado internacional triling\u00fce en Sevilla","description":"El Liceo franc\u00e9s de Sevilla ofrece una ense\u00f1anza pluriling\u00fce (ingl\u00e9s, franc\u00e9s y espa\u00f1ol), multicultural y respetuosa con las libertades individuales.","publisher":{"@id":"https:\/\/lfsevilla.com\/#organization"},"potentialAction":[{"@type":"SearchAction","target":{"@type":"EntryPoint","urlTemplate":"https:\/\/lfsevilla.com\/?s={search_term_string}"},"query-input":{"@type":"PropertyValueSpecification","valueRequired":true,"valueName":"search_term_string"}}],"inLanguage":"fr-FR"},{"@type":"Organization","@id":"https:\/\/lfsevilla.com\/#organization","name":"Lyc\u00e9e Fran\u00e7ais International de S\u00e9ville","url":"https:\/\/lfsevilla.com\/","logo":{"@type":"ImageObject","inLanguage":"fr-FR","@id":"https:\/\/lfsevilla.com\/#\/schema\/logo\/image\/","url":"https:\/\/lfsevilla.com\/wp-content\/uploads\/2023\/05\/Logo-Liceo-Frances-de-Sevilla-223x223-1.jpg","contentUrl":"https:\/\/lfsevilla.com\/wp-content\/uploads\/2023\/05\/Logo-Liceo-Frances-de-Sevilla-223x223-1.jpg","width":223,"height":223,"caption":"Lyc\u00e9e Fran\u00e7ais International de S\u00e9ville"},"image":{"@id":"https:\/\/lfsevilla.com\/#\/schema\/logo\/image\/"},"sameAs":["https:\/\/www.facebook.com\/LiceoFrancesSevilla\/","https:\/\/x.com\/lfsevilla","https:\/\/www.linkedin.com\/company\/liceo-francs-internacional-de-sevilla\/","https:\/\/www.instagram.com\/liceofrancessevilla\/","https:\/\/www.youtube.com\/@liceofrancessevilla1124"]},{"@type":"Person","@id":"https:\/\/lfsevilla.com\/#\/schema\/person\/ead715d6b1b6b2cb0bb6f7a06675d093","name":"LFS","image":{"@type":"ImageObject","inLanguage":"fr-FR","@id":"https:\/\/lfsevilla.com\/#\/schema\/person\/image\/","url":"https:\/\/secure.gravatar.com\/avatar\/2b2587b6982746a9eb2cb62bda174a08069748c2251c7ca9b6e683d4aab29597?s=96&d=mm&r=g","contentUrl":"https:\/\/secure.gravatar.com\/avatar\/2b2587b6982746a9eb2cb62bda174a08069748c2251c7ca9b6e683d4aab29597?s=96&d=mm&r=g","caption":"LFS"},"url":"https:\/\/lfsevilla.com\/fr\/author\/weblfsevilla-com\/"}]}},"_links":{"self":[{"href":"https:\/\/lfsevilla.com\/fr\/wp-json\/wp\/v2\/posts\/9065","targetHints":{"allow":["GET"]}}],"collection":[{"href":"https:\/\/lfsevilla.com\/fr\/wp-json\/wp\/v2\/posts"}],"about":[{"href":"https:\/\/lfsevilla.com\/fr\/wp-json\/wp\/v2\/types\/post"}],"author":[{"embeddable":true,"href":"https:\/\/lfsevilla.com\/fr\/wp-json\/wp\/v2\/users\/2"}],"replies":[{"embeddable":true,"href":"https:\/\/lfsevilla.com\/fr\/wp-json\/wp\/v2\/comments?post=9065"}],"version-history":[{"count":1,"href":"https:\/\/lfsevilla.com\/fr\/wp-json\/wp\/v2\/posts\/9065\/revisions"}],"predecessor-version":[{"id":9066,"href":"https:\/\/lfsevilla.com\/fr\/wp-json\/wp\/v2\/posts\/9065\/revisions\/9066"}],"wp:featuredmedia":[{"embeddable":true,"href":"https:\/\/lfsevilla.com\/fr\/wp-json\/wp\/v2\/media\/9056"}],"wp:attachment":[{"href":"https:\/\/lfsevilla.com\/fr\/wp-json\/wp\/v2\/media?parent=9065"}],"wp:term":[{"taxonomy":"category","embeddable":true,"href":"https:\/\/lfsevilla.com\/fr\/wp-json\/wp\/v2\/categories?post=9065"},{"taxonomy":"post_tag","embeddable":true,"href":"https:\/\/lfsevilla.com\/fr\/wp-json\/wp\/v2\/tags?post=9065"}],"curies":[{"name":"wp","href":"https:\/\/api.w.org\/{rel}","templated":true}]}}