{"id":9001,"date":"2021-05-10T12:08:49","date_gmt":"2021-05-10T10:08:49","guid":{"rendered":"https:\/\/lfsevilla.com\/?p=9001"},"modified":"2021-05-10T12:08:49","modified_gmt":"2021-05-10T10:08:49","slug":"le-tiers-etat-au-18eme-siecle","status":"publish","type":"post","link":"https:\/\/lfsevilla.com\/fr\/le-tiers-etat-au-18eme-siecle\/","title":{"rendered":"Le tiers \u00c9tat au 18\u00e8me si\u00e8cle"},"content":{"rendered":"<p>Dans le cadre de leur programme d histoire, Les CM1 passent l apr\u00e8s midi sur les traces du roi, des nobles, du clerg\u00e9 et du tiers \u00c9tat au 18\u00e8me si\u00e8cle.<\/p>\n\n\t\t<style type=\"text\/css\">\n\t\t\t#gallery-1 {\n\t\t\t\tmargin: auto;\n\t\t\t}\n\t\t\t#gallery-1 .gallery-item {\n\t\t\t\tfloat: left;\n\t\t\t\tmargin-top: 10px;\n\t\t\t\ttext-align: center;\n\t\t\t\twidth: 14%;\n\t\t\t}\n\t\t\t#gallery-1 img {\n\t\t\t\tborder: 2px solid #cfcfcf;\n\t\t\t}\n\t\t\t#gallery-1 .gallery-caption {\n\t\t\t\tmargin-left: 0;\n\t\t\t}\n\t\t\t\/* see gallery_shortcode() in wp-includes\/media.php *\/\n\t\t<\/style>\n\t\t<div id='gallery-1' class='gallery galleryid-9001 gallery-columns-7 gallery-size-thumbnail'><dl class='gallery-item'>\n\t\t\t<dt class='gallery-icon portrait'>\n\t\t\t\t<a href='https:\/\/lfsevilla.com\/wp-content\/uploads\/2021\/05\/IMG_8885-rotated.jpg'><img decoding=\"async\" width=\"150\" height=\"150\" src=\"https:\/\/lfsevilla.com\/wp-content\/uploads\/2021\/05\/IMG_8885-150x150.jpg\" class=\"attachment-thumbnail size-thumbnail\" alt=\"\" \/><\/a>\n\t\t\t<\/dt><\/dl><dl class='gallery-item'>\n\t\t\t<dt class='gallery-icon portrait'>\n\t\t\t\t<a href='https:\/\/lfsevilla.com\/wp-content\/uploads\/2021\/05\/IMG_8884-rotated.jpg'><img decoding=\"async\" width=\"150\" height=\"150\" src=\"https:\/\/lfsevilla.com\/wp-content\/uploads\/2021\/05\/IMG_8884-150x150.jpg\" class=\"attachment-thumbnail size-thumbnail\" alt=\"\" \/><\/a>\n\t\t\t<\/dt><\/dl><dl class='gallery-item'>\n\t\t\t<dt class='gallery-icon portrait'>\n\t\t\t\t<a href='https:\/\/lfsevilla.com\/wp-content\/uploads\/2021\/05\/IMG_8883-rotated.jpg'><img decoding=\"async\" width=\"150\" height=\"150\" src=\"https:\/\/lfsevilla.com\/wp-content\/uploads\/2021\/05\/IMG_8883-150x150.jpg\" class=\"attachment-thumbnail size-thumbnail\" alt=\"\" \/><\/a>\n\t\t\t<\/dt><\/dl><dl class='gallery-item'>\n\t\t\t<dt class='gallery-icon portrait'>\n\t\t\t\t<a href='https:\/\/lfsevilla.com\/wp-content\/uploads\/2021\/05\/IMG_8882-rotated.jpg'><img decoding=\"async\" width=\"150\" height=\"150\" src=\"https:\/\/lfsevilla.com\/wp-content\/uploads\/2021\/05\/IMG_8882-150x150.jpg\" class=\"attachment-thumbnail size-thumbnail\" alt=\"\" \/><\/a>\n\t\t\t<\/dt><\/dl><dl class='gallery-item'>\n\t\t\t<dt class='gallery-icon portrait'>\n\t\t\t\t<a href='https:\/\/lfsevilla.com\/wp-content\/uploads\/2021\/05\/IMG_8881-rotated.jpg'><img decoding=\"async\" width=\"150\" height=\"150\" src=\"https:\/\/lfsevilla.com\/wp-content\/uploads\/2021\/05\/IMG_8881-150x150.jpg\" class=\"attachment-thumbnail size-thumbnail\" alt=\"\" \/><\/a>\n\t\t\t<\/dt><\/dl><dl class='gallery-item'>\n\t\t\t<dt class='gallery-icon portrait'>\n\t\t\t\t<a href='https:\/\/lfsevilla.com\/wp-content\/uploads\/2021\/05\/IMG_8874-rotated.jpg'><img decoding=\"async\" width=\"150\" height=\"150\" src=\"https:\/\/lfsevilla.com\/wp-content\/uploads\/2021\/05\/IMG_8874-150x150.jpg\" class=\"attachment-thumbnail size-thumbnail\" alt=\"\" \/><\/a>\n\t\t\t<\/dt><\/dl><dl class='gallery-item'>\n\t\t\t<dt class='gallery-icon landscape'>\n\t\t\t\t<a href='https:\/\/lfsevilla.com\/wp-content\/uploads\/2021\/05\/IMG_8875.jpg'><img decoding=\"async\" width=\"150\" height=\"150\" src=\"https:\/\/lfsevilla.com\/wp-content\/uploads\/2021\/05\/IMG_8875-150x150.jpg\" class=\"attachment-thumbnail size-thumbnail\" alt=\"\" \/><\/a>\n\t\t\t<\/dt><\/dl><br style=\"clear: both\" \/><dl class='gallery-item'>\n\t\t\t<dt class='gallery-icon landscape'>\n\t\t\t\t<a href='https:\/\/lfsevilla.com\/wp-content\/uploads\/2021\/05\/IMG_8876.jpg'><img decoding=\"async\" width=\"150\" height=\"150\" src=\"https:\/\/lfsevilla.com\/wp-content\/uploads\/2021\/05\/IMG_8876-150x150.jpg\" class=\"attachment-thumbnail size-thumbnail\" alt=\"\" \/><\/a>\n\t\t\t<\/dt><\/dl><dl class='gallery-item'>\n\t\t\t<dt class='gallery-icon landscape'>\n\t\t\t\t<a href='https:\/\/lfsevilla.com\/wp-content\/uploads\/2021\/05\/IMG_8877.jpg'><img decoding=\"async\" width=\"150\" height=\"150\" src=\"https:\/\/lfsevilla.com\/wp-content\/uploads\/2021\/05\/IMG_8877-150x150.jpg\" class=\"attachment-thumbnail size-thumbnail\" alt=\"\" \/><\/a>\n\t\t\t<\/dt><\/dl><dl class='gallery-item'>\n\t\t\t<dt class='gallery-icon portrait'>\n\t\t\t\t<a href='https:\/\/lfsevilla.com\/wp-content\/uploads\/2021\/05\/IMG_8878-rotated.jpg'><img decoding=\"async\" width=\"150\" height=\"150\" src=\"https:\/\/lfsevilla.com\/wp-content\/uploads\/2021\/05\/IMG_8878-150x150.jpg\" class=\"attachment-thumbnail size-thumbnail\" alt=\"\" \/><\/a>\n\t\t\t<\/dt><\/dl><dl class='gallery-item'>\n\t\t\t<dt class='gallery-icon portrait'>\n\t\t\t\t<a href='https:\/\/lfsevilla.com\/wp-content\/uploads\/2021\/05\/IMG_8879-rotated.jpg'><img decoding=\"async\" width=\"150\" height=\"150\" src=\"https:\/\/lfsevilla.com\/wp-content\/uploads\/2021\/05\/IMG_8879-150x150.jpg\" class=\"attachment-thumbnail size-thumbnail\" alt=\"\" \/><\/a>\n\t\t\t<\/dt><\/dl><dl class='gallery-item'>\n\t\t\t<dt class='gallery-icon portrait'>\n\t\t\t\t<a href='https:\/\/lfsevilla.com\/wp-content\/uploads\/2021\/05\/IMG_8873-rotated.jpg'><img decoding=\"async\" width=\"150\" height=\"150\" src=\"https:\/\/lfsevilla.com\/wp-content\/uploads\/2021\/05\/IMG_8873-150x150.jpg\" class=\"attachment-thumbnail size-thumbnail\" alt=\"\" \/><\/a>\n\t\t\t<\/dt><\/dl><dl class='gallery-item'>\n\t\t\t<dt class='gallery-icon landscape'>\n\t\t\t\t<a href='https:\/\/lfsevilla.com\/wp-content\/uploads\/2021\/05\/IMG_8872.jpg'><img decoding=\"async\" width=\"150\" height=\"150\" src=\"https:\/\/lfsevilla.com\/wp-content\/uploads\/2021\/05\/IMG_8872-150x150.jpg\" class=\"attachment-thumbnail size-thumbnail\" alt=\"\" \/><\/a>\n\t\t\t<\/dt><\/dl><dl class='gallery-item'>\n\t\t\t<dt class='gallery-icon landscape'>\n\t\t\t\t<a href='https:\/\/lfsevilla.com\/wp-content\/uploads\/2021\/05\/IMG_8871.jpg'><img decoding=\"async\" width=\"150\" height=\"150\" src=\"https:\/\/lfsevilla.com\/wp-content\/uploads\/2021\/05\/IMG_8871-150x150.jpg\" class=\"attachment-thumbnail size-thumbnail\" alt=\"\" \/><\/a>\n\t\t\t<\/dt><\/dl><br style=\"clear: both\" \/><dl class='gallery-item'>\n\t\t\t<dt class='gallery-icon landscape'>\n\t\t\t\t<a href='https:\/\/lfsevilla.com\/wp-content\/uploads\/2021\/05\/IMG_8870.jpg'><img decoding=\"async\" width=\"150\" height=\"150\" src=\"https:\/\/lfsevilla.com\/wp-content\/uploads\/2021\/05\/IMG_8870-150x150.jpg\" class=\"attachment-thumbnail size-thumbnail\" alt=\"\" \/><\/a>\n\t\t\t<\/dt><\/dl><dl class='gallery-item'>\n\t\t\t<dt class='gallery-icon landscape'>\n\t\t\t\t<a href='https:\/\/lfsevilla.com\/wp-content\/uploads\/2021\/05\/IMG_8869.jpg'><img decoding=\"async\" width=\"150\" height=\"150\" src=\"https:\/\/lfsevilla.com\/wp-content\/uploads\/2021\/05\/IMG_8869-150x150.jpg\" class=\"attachment-thumbnail size-thumbnail\" alt=\"\" \/><\/a>\n\t\t\t<\/dt><\/dl><dl class='gallery-item'>\n\t\t\t<dt class='gallery-icon portrait'>\n\t\t\t\t<a href='https:\/\/lfsevilla.com\/wp-content\/uploads\/2021\/05\/IMG_8867-rotated.jpg'><img decoding=\"async\" width=\"150\" height=\"150\" src=\"https:\/\/lfsevilla.com\/wp-content\/uploads\/2021\/05\/IMG_8867-150x150.jpg\" class=\"attachment-thumbnail size-thumbnail\" alt=\"\" \/><\/a>\n\t\t\t<\/dt><\/dl><dl class='gallery-item'>\n\t\t\t<dt class='gallery-icon landscape'>\n\t\t\t\t<a href='https:\/\/lfsevilla.com\/wp-content\/uploads\/2021\/05\/IMG_8863.jpg'><img decoding=\"async\" width=\"150\" height=\"150\" src=\"https:\/\/lfsevilla.com\/wp-content\/uploads\/2021\/05\/IMG_8863-150x150.jpg\" class=\"attachment-thumbnail size-thumbnail\" alt=\"\" \/><\/a>\n\t\t\t<\/dt><\/dl><dl class='gallery-item'>\n\t\t\t<dt class='gallery-icon landscape'>\n\t\t\t\t<a href='https:\/\/lfsevilla.com\/wp-content\/uploads\/2021\/05\/IMG_8864.jpg'><img decoding=\"async\" width=\"150\" height=\"150\" src=\"https:\/\/lfsevilla.com\/wp-content\/uploads\/2021\/05\/IMG_8864-150x150.jpg\" class=\"attachment-thumbnail size-thumbnail\" alt=\"\" \/><\/a>\n\t\t\t<\/dt><\/dl><dl class='gallery-item'>\n\t\t\t<dt class='gallery-icon landscape'>\n\t\t\t\t<a href='https:\/\/lfsevilla.com\/wp-content\/uploads\/2021\/05\/IMG_8865.jpg'><img decoding=\"async\" width=\"150\" height=\"150\" src=\"https:\/\/lfsevilla.com\/wp-content\/uploads\/2021\/05\/IMG_8865-150x150.jpg\" class=\"attachment-thumbnail size-thumbnail\" alt=\"\" \/><\/a>\n\t\t\t<\/dt><\/dl><dl class='gallery-item'>\n\t\t\t<dt class='gallery-icon portrait'>\n\t\t\t\t<a href='https:\/\/lfsevilla.com\/wp-content\/uploads\/2021\/05\/IMG_8866-rotated.jpg'><img decoding=\"async\" width=\"150\" height=\"150\" src=\"https:\/\/lfsevilla.com\/wp-content\/uploads\/2021\/05\/IMG_8866-150x150.jpg\" class=\"attachment-thumbnail size-thumbnail\" alt=\"\" \/><\/a>\n\t\t\t<\/dt><\/dl><br style=\"clear: both\" \/>\n\t\t<\/div>\n\n","protected":false},"excerpt":{"rendered":"<p>Dans le cadre de leur programme d histoire, Les CM1 passent l apr\u00e8s midi sur les traces du roi, des nobles, du clerg\u00e9 et du tiers \u00c9tat au 18\u00e8me si\u00e8cle.<\/p>\n","protected":false},"author":2,"featured_media":8993,"comment_status":"closed","ping_status":"open","sticky":false,"template":"","format":"gallery","meta":{"_et_pb_use_builder":"","_et_pb_old_content":"","_et_gb_content_width":"","footnotes":""},"categories":[48,32],"tags":[283,275,323,269,324,279,262,285,268],"class_list":["post-9001","post","type-post","status-publish","format-gallery","has-post-thumbnail","hentry","category-actualites","category-nouvelles","tag-art","tag-citoyennete","tag-culture","tag-ecole","tag-histoire","tag-isla-de-la-cartuja-fr","tag-lycee-francais-seville","tag-mission-laique-francaise","tag-seville","post_format-post-format-gallery"],"yoast_head":"<!-- This site is optimized with the Yoast SEO plugin v27.0 - https:\/\/yoast.com\/product\/yoast-seo-wordpress\/ -->\n<title>Le tiers \u00c9tat au 18\u00e8me si\u00e8cle - Lyc\u00e9e Fran\u00e7ais de S\u00e9ville | Colegio privado biling\u00fce en Sevilla<\/title>\n<meta name=\"robots\" content=\"index, follow, max-snippet:-1, max-image-preview:large, max-video-preview:-1\" \/>\n<link rel=\"canonical\" href=\"https:\/\/lfsevilla.com\/fr\/le-tiers-etat-au-18eme-siecle\/\" \/>\n<meta property=\"og:locale\" content=\"fr_FR\" \/>\n<meta property=\"og:type\" content=\"article\" \/>\n<meta property=\"og:title\" content=\"Le tiers \u00c9tat au 18\u00e8me si\u00e8cle - Lyc\u00e9e Fran\u00e7ais de S\u00e9ville | Colegio privado biling\u00fce en Sevilla\" \/>\n<meta property=\"og:description\" content=\"Dans le cadre de leur programme d histoire, Les CM1 passent l apr\u00e8s midi sur les traces du roi, des nobles, du clerg\u00e9 et du tiers \u00c9tat au 18\u00e8me si\u00e8cle.\" \/>\n<meta property=\"og:url\" content=\"https:\/\/lfsevilla.com\/fr\/le-tiers-etat-au-18eme-siecle\/\" \/>\n<meta property=\"og:site_name\" content=\"Lyc\u00e9e Fran\u00e7ais de S\u00e9ville | Colegio privado biling\u00fce en Sevilla\" \/>\n<meta property=\"article:publisher\" content=\"https:\/\/www.facebook.com\/LiceoFrancesSevilla\/\" \/>\n<meta property=\"article:published_time\" content=\"2021-05-10T10:08:49+00:00\" \/>\n<meta property=\"og:image\" content=\"https:\/\/lfsevilla.com\/wp-content\/uploads\/2021\/05\/IMG_8882-rotated.jpg\" \/>\n\t<meta property=\"og:image:width\" content=\"1224\" \/>\n\t<meta property=\"og:image:height\" content=\"1632\" \/>\n\t<meta property=\"og:image:type\" content=\"image\/jpeg\" \/>\n<meta name=\"author\" content=\"LFS\" \/>\n<meta name=\"twitter:card\" content=\"summary_large_image\" \/>\n<meta name=\"twitter:creator\" content=\"@lfsevilla\" \/>\n<meta name=\"twitter:site\" content=\"@lfsevilla\" \/>\n<meta name=\"twitter:label1\" content=\"\u00c9crit par\" \/>\n\t<meta name=\"twitter:data1\" content=\"LFS\" \/>\n\t<meta name=\"twitter:label2\" content=\"Dur\u00e9e de lecture estim\u00e9e\" \/>\n\t<meta name=\"twitter:data2\" content=\"1 minute\" \/>\n<script type=\"application\/ld+json\" class=\"yoast-schema-graph\">{\"@context\":\"https:\/\/schema.org\",\"@graph\":[{\"@type\":\"Article\",\"@id\":\"https:\/\/lfsevilla.com\/fr\/le-tiers-etat-au-18eme-siecle\/#article\",\"isPartOf\":{\"@id\":\"https:\/\/lfsevilla.com\/fr\/le-tiers-etat-au-18eme-siecle\/\"},\"author\":{\"name\":\"LFS\",\"@id\":\"https:\/\/lfsevilla.com\/#\/schema\/person\/ead715d6b1b6b2cb0bb6f7a06675d093\"},\"headline\":\"Le tiers \u00c9tat au 18\u00e8me si\u00e8cle\",\"datePublished\":\"2021-05-10T10:08:49+00:00\",\"mainEntityOfPage\":{\"@id\":\"https:\/\/lfsevilla.com\/fr\/le-tiers-etat-au-18eme-siecle\/\"},\"wordCount\":44,\"publisher\":{\"@id\":\"https:\/\/lfsevilla.com\/#organization\"},\"image\":{\"@id\":\"https:\/\/lfsevilla.com\/fr\/le-tiers-etat-au-18eme-siecle\/#primaryimage\"},\"thumbnailUrl\":\"https:\/\/lfsevilla.com\/wp-content\/uploads\/2021\/05\/IMG_8882-rotated.jpg\",\"keywords\":[\"art\",\"citoyennet\u00e9\",\"culture\",\"\u00e9cole\",\"histoire\",\"Isla de la Cartuja\",\"Lyc\u00e9e Fran\u00e7ais S\u00e9ville\",\"Mission La\u00efque Fran\u00e7aise\",\"S\u00e9ville\"],\"articleSection\":[\"Actualit\u00e9s\",\"Nouvelles\"],\"inLanguage\":\"fr-FR\"},{\"@type\":\"WebPage\",\"@id\":\"https:\/\/lfsevilla.com\/fr\/le-tiers-etat-au-18eme-siecle\/\",\"url\":\"https:\/\/lfsevilla.com\/fr\/le-tiers-etat-au-18eme-siecle\/\",\"name\":\"Le tiers \u00c9tat au 18\u00e8me si\u00e8cle - Lyc\u00e9e Fran\u00e7ais de S\u00e9ville | Colegio privado biling\u00fce en Sevilla\",\"isPartOf\":{\"@id\":\"https:\/\/lfsevilla.com\/#website\"},\"primaryImageOfPage\":{\"@id\":\"https:\/\/lfsevilla.com\/fr\/le-tiers-etat-au-18eme-siecle\/#primaryimage\"},\"image\":{\"@id\":\"https:\/\/lfsevilla.com\/fr\/le-tiers-etat-au-18eme-siecle\/#primaryimage\"},\"thumbnailUrl\":\"https:\/\/lfsevilla.com\/wp-content\/uploads\/2021\/05\/IMG_8882-rotated.jpg\",\"datePublished\":\"2021-05-10T10:08:49+00:00\",\"breadcrumb\":{\"@id\":\"https:\/\/lfsevilla.com\/fr\/le-tiers-etat-au-18eme-siecle\/#breadcrumb\"},\"inLanguage\":\"fr-FR\",\"potentialAction\":[{\"@type\":\"ReadAction\",\"target\":[\"https:\/\/lfsevilla.com\/fr\/le-tiers-etat-au-18eme-siecle\/\"]}]},{\"@type\":\"ImageObject\",\"inLanguage\":\"fr-FR\",\"@id\":\"https:\/\/lfsevilla.com\/fr\/le-tiers-etat-au-18eme-siecle\/#primaryimage\",\"url\":\"https:\/\/lfsevilla.com\/wp-content\/uploads\/2021\/05\/IMG_8882-rotated.jpg\",\"contentUrl\":\"https:\/\/lfsevilla.com\/wp-content\/uploads\/2021\/05\/IMG_8882-rotated.jpg\",\"width\":1224,\"height\":1632},{\"@type\":\"BreadcrumbList\",\"@id\":\"https:\/\/lfsevilla.com\/fr\/le-tiers-etat-au-18eme-siecle\/#breadcrumb\",\"itemListElement\":[{\"@type\":\"ListItem\",\"position\":1,\"name\":\"Portada\",\"item\":\"https:\/\/lfsevilla.com\/fr\/\"},{\"@type\":\"ListItem\",\"position\":2,\"name\":\"Le tiers \u00c9tat au 18\u00e8me si\u00e8cle\"}]},{\"@type\":\"WebSite\",\"@id\":\"https:\/\/lfsevilla.com\/#website\",\"url\":\"https:\/\/lfsevilla.com\/\",\"name\":\"Lyc\u00e9e Fran\u00e7ais de S\u00e9ville | Colegio privado internacional triling\u00fce en Sevilla\",\"description\":\"El Liceo franc\u00e9s de Sevilla ofrece una ense\u00f1anza pluriling\u00fce (ingl\u00e9s, franc\u00e9s y espa\u00f1ol), multicultural y respetuosa con las libertades individuales.\",\"publisher\":{\"@id\":\"https:\/\/lfsevilla.com\/#organization\"},\"potentialAction\":[{\"@type\":\"SearchAction\",\"target\":{\"@type\":\"EntryPoint\",\"urlTemplate\":\"https:\/\/lfsevilla.com\/?s={search_term_string}\"},\"query-input\":{\"@type\":\"PropertyValueSpecification\",\"valueRequired\":true,\"valueName\":\"search_term_string\"}}],\"inLanguage\":\"fr-FR\"},{\"@type\":\"Organization\",\"@id\":\"https:\/\/lfsevilla.com\/#organization\",\"name\":\"Lyc\u00e9e Fran\u00e7ais International de S\u00e9ville\",\"url\":\"https:\/\/lfsevilla.com\/\",\"logo\":{\"@type\":\"ImageObject\",\"inLanguage\":\"fr-FR\",\"@id\":\"https:\/\/lfsevilla.com\/#\/schema\/logo\/image\/\",\"url\":\"https:\/\/lfsevilla.com\/wp-content\/uploads\/2023\/05\/Logo-Liceo-Frances-de-Sevilla-223x223-1.jpg\",\"contentUrl\":\"https:\/\/lfsevilla.com\/wp-content\/uploads\/2023\/05\/Logo-Liceo-Frances-de-Sevilla-223x223-1.jpg\",\"width\":223,\"height\":223,\"caption\":\"Lyc\u00e9e Fran\u00e7ais International de S\u00e9ville\"},\"image\":{\"@id\":\"https:\/\/lfsevilla.com\/#\/schema\/logo\/image\/\"},\"sameAs\":[\"https:\/\/www.facebook.com\/LiceoFrancesSevilla\/\",\"https:\/\/x.com\/lfsevilla\",\"https:\/\/www.linkedin.com\/company\/liceo-francs-internacional-de-sevilla\/\",\"https:\/\/www.instagram.com\/liceofrancessevilla\/\",\"https:\/\/www.youtube.com\/@liceofrancessevilla1124\"]},{\"@type\":\"Person\",\"@id\":\"https:\/\/lfsevilla.com\/#\/schema\/person\/ead715d6b1b6b2cb0bb6f7a06675d093\",\"name\":\"LFS\",\"image\":{\"@type\":\"ImageObject\",\"inLanguage\":\"fr-FR\",\"@id\":\"https:\/\/lfsevilla.com\/#\/schema\/person\/image\/\",\"url\":\"https:\/\/secure.gravatar.com\/avatar\/2b2587b6982746a9eb2cb62bda174a08069748c2251c7ca9b6e683d4aab29597?s=96&d=mm&r=g\",\"contentUrl\":\"https:\/\/secure.gravatar.com\/avatar\/2b2587b6982746a9eb2cb62bda174a08069748c2251c7ca9b6e683d4aab29597?s=96&d=mm&r=g\",\"caption\":\"LFS\"},\"url\":\"https:\/\/lfsevilla.com\/fr\/author\/weblfsevilla-com\/\"}]}<\/script>\n<!-- \/ Yoast SEO plugin. -->","yoast_head_json":{"title":"Le tiers \u00c9tat au 18\u00e8me si\u00e8cle - Lyc\u00e9e Fran\u00e7ais de S\u00e9ville | Colegio privado biling\u00fce en Sevilla","robots":{"index":"index","follow":"follow","max-snippet":"max-snippet:-1","max-image-preview":"max-image-preview:large","max-video-preview":"max-video-preview:-1"},"canonical":"https:\/\/lfsevilla.com\/fr\/le-tiers-etat-au-18eme-siecle\/","og_locale":"fr_FR","og_type":"article","og_title":"Le tiers \u00c9tat au 18\u00e8me si\u00e8cle - Lyc\u00e9e Fran\u00e7ais de S\u00e9ville | Colegio privado biling\u00fce en Sevilla","og_description":"Dans le cadre de leur programme d histoire, Les CM1 passent l apr\u00e8s midi sur les traces du roi, des nobles, du clerg\u00e9 et du tiers \u00c9tat au 18\u00e8me si\u00e8cle.","og_url":"https:\/\/lfsevilla.com\/fr\/le-tiers-etat-au-18eme-siecle\/","og_site_name":"Lyc\u00e9e Fran\u00e7ais de S\u00e9ville | Colegio privado biling\u00fce en Sevilla","article_publisher":"https:\/\/www.facebook.com\/LiceoFrancesSevilla\/","article_published_time":"2021-05-10T10:08:49+00:00","og_image":[{"width":1224,"height":1632,"url":"https:\/\/lfsevilla.com\/wp-content\/uploads\/2021\/05\/IMG_8882-rotated.jpg","type":"image\/jpeg"}],"author":"LFS","twitter_card":"summary_large_image","twitter_creator":"@lfsevilla","twitter_site":"@lfsevilla","twitter_misc":{"\u00c9crit par":"LFS","Dur\u00e9e de lecture estim\u00e9e":"1 minute"},"schema":{"@context":"https:\/\/schema.org","@graph":[{"@type":"Article","@id":"https:\/\/lfsevilla.com\/fr\/le-tiers-etat-au-18eme-siecle\/#article","isPartOf":{"@id":"https:\/\/lfsevilla.com\/fr\/le-tiers-etat-au-18eme-siecle\/"},"author":{"name":"LFS","@id":"https:\/\/lfsevilla.com\/#\/schema\/person\/ead715d6b1b6b2cb0bb6f7a06675d093"},"headline":"Le tiers \u00c9tat au 18\u00e8me si\u00e8cle","datePublished":"2021-05-10T10:08:49+00:00","mainEntityOfPage":{"@id":"https:\/\/lfsevilla.com\/fr\/le-tiers-etat-au-18eme-siecle\/"},"wordCount":44,"publisher":{"@id":"https:\/\/lfsevilla.com\/#organization"},"image":{"@id":"https:\/\/lfsevilla.com\/fr\/le-tiers-etat-au-18eme-siecle\/#primaryimage"},"thumbnailUrl":"https:\/\/lfsevilla.com\/wp-content\/uploads\/2021\/05\/IMG_8882-rotated.jpg","keywords":["art","citoyennet\u00e9","culture","\u00e9cole","histoire","Isla de la Cartuja","Lyc\u00e9e Fran\u00e7ais S\u00e9ville","Mission La\u00efque Fran\u00e7aise","S\u00e9ville"],"articleSection":["Actualit\u00e9s","Nouvelles"],"inLanguage":"fr-FR"},{"@type":"WebPage","@id":"https:\/\/lfsevilla.com\/fr\/le-tiers-etat-au-18eme-siecle\/","url":"https:\/\/lfsevilla.com\/fr\/le-tiers-etat-au-18eme-siecle\/","name":"Le tiers \u00c9tat au 18\u00e8me si\u00e8cle - Lyc\u00e9e Fran\u00e7ais de S\u00e9ville | Colegio privado biling\u00fce en Sevilla","isPartOf":{"@id":"https:\/\/lfsevilla.com\/#website"},"primaryImageOfPage":{"@id":"https:\/\/lfsevilla.com\/fr\/le-tiers-etat-au-18eme-siecle\/#primaryimage"},"image":{"@id":"https:\/\/lfsevilla.com\/fr\/le-tiers-etat-au-18eme-siecle\/#primaryimage"},"thumbnailUrl":"https:\/\/lfsevilla.com\/wp-content\/uploads\/2021\/05\/IMG_8882-rotated.jpg","datePublished":"2021-05-10T10:08:49+00:00","breadcrumb":{"@id":"https:\/\/lfsevilla.com\/fr\/le-tiers-etat-au-18eme-siecle\/#breadcrumb"},"inLanguage":"fr-FR","potentialAction":[{"@type":"ReadAction","target":["https:\/\/lfsevilla.com\/fr\/le-tiers-etat-au-18eme-siecle\/"]}]},{"@type":"ImageObject","inLanguage":"fr-FR","@id":"https:\/\/lfsevilla.com\/fr\/le-tiers-etat-au-18eme-siecle\/#primaryimage","url":"https:\/\/lfsevilla.com\/wp-content\/uploads\/2021\/05\/IMG_8882-rotated.jpg","contentUrl":"https:\/\/lfsevilla.com\/wp-content\/uploads\/2021\/05\/IMG_8882-rotated.jpg","width":1224,"height":1632},{"@type":"BreadcrumbList","@id":"https:\/\/lfsevilla.com\/fr\/le-tiers-etat-au-18eme-siecle\/#breadcrumb","itemListElement":[{"@type":"ListItem","position":1,"name":"Portada","item":"https:\/\/lfsevilla.com\/fr\/"},{"@type":"ListItem","position":2,"name":"Le tiers \u00c9tat au 18\u00e8me si\u00e8cle"}]},{"@type":"WebSite","@id":"https:\/\/lfsevilla.com\/#website","url":"https:\/\/lfsevilla.com\/","name":"Lyc\u00e9e Fran\u00e7ais de S\u00e9ville | Colegio privado internacional triling\u00fce en Sevilla","description":"El Liceo franc\u00e9s de Sevilla ofrece una ense\u00f1anza pluriling\u00fce (ingl\u00e9s, franc\u00e9s y espa\u00f1ol), multicultural y respetuosa con las libertades individuales.","publisher":{"@id":"https:\/\/lfsevilla.com\/#organization"},"potentialAction":[{"@type":"SearchAction","target":{"@type":"EntryPoint","urlTemplate":"https:\/\/lfsevilla.com\/?s={search_term_string}"},"query-input":{"@type":"PropertyValueSpecification","valueRequired":true,"valueName":"search_term_string"}}],"inLanguage":"fr-FR"},{"@type":"Organization","@id":"https:\/\/lfsevilla.com\/#organization","name":"Lyc\u00e9e Fran\u00e7ais International de S\u00e9ville","url":"https:\/\/lfsevilla.com\/","logo":{"@type":"ImageObject","inLanguage":"fr-FR","@id":"https:\/\/lfsevilla.com\/#\/schema\/logo\/image\/","url":"https:\/\/lfsevilla.com\/wp-content\/uploads\/2023\/05\/Logo-Liceo-Frances-de-Sevilla-223x223-1.jpg","contentUrl":"https:\/\/lfsevilla.com\/wp-content\/uploads\/2023\/05\/Logo-Liceo-Frances-de-Sevilla-223x223-1.jpg","width":223,"height":223,"caption":"Lyc\u00e9e Fran\u00e7ais International de S\u00e9ville"},"image":{"@id":"https:\/\/lfsevilla.com\/#\/schema\/logo\/image\/"},"sameAs":["https:\/\/www.facebook.com\/LiceoFrancesSevilla\/","https:\/\/x.com\/lfsevilla","https:\/\/www.linkedin.com\/company\/liceo-francs-internacional-de-sevilla\/","https:\/\/www.instagram.com\/liceofrancessevilla\/","https:\/\/www.youtube.com\/@liceofrancessevilla1124"]},{"@type":"Person","@id":"https:\/\/lfsevilla.com\/#\/schema\/person\/ead715d6b1b6b2cb0bb6f7a06675d093","name":"LFS","image":{"@type":"ImageObject","inLanguage":"fr-FR","@id":"https:\/\/lfsevilla.com\/#\/schema\/person\/image\/","url":"https:\/\/secure.gravatar.com\/avatar\/2b2587b6982746a9eb2cb62bda174a08069748c2251c7ca9b6e683d4aab29597?s=96&d=mm&r=g","contentUrl":"https:\/\/secure.gravatar.com\/avatar\/2b2587b6982746a9eb2cb62bda174a08069748c2251c7ca9b6e683d4aab29597?s=96&d=mm&r=g","caption":"LFS"},"url":"https:\/\/lfsevilla.com\/fr\/author\/weblfsevilla-com\/"}]}},"_links":{"self":[{"href":"https:\/\/lfsevilla.com\/fr\/wp-json\/wp\/v2\/posts\/9001","targetHints":{"allow":["GET"]}}],"collection":[{"href":"https:\/\/lfsevilla.com\/fr\/wp-json\/wp\/v2\/posts"}],"about":[{"href":"https:\/\/lfsevilla.com\/fr\/wp-json\/wp\/v2\/types\/post"}],"author":[{"embeddable":true,"href":"https:\/\/lfsevilla.com\/fr\/wp-json\/wp\/v2\/users\/2"}],"replies":[{"embeddable":true,"href":"https:\/\/lfsevilla.com\/fr\/wp-json\/wp\/v2\/comments?post=9001"}],"version-history":[{"count":1,"href":"https:\/\/lfsevilla.com\/fr\/wp-json\/wp\/v2\/posts\/9001\/revisions"}],"predecessor-version":[{"id":9002,"href":"https:\/\/lfsevilla.com\/fr\/wp-json\/wp\/v2\/posts\/9001\/revisions\/9002"}],"wp:featuredmedia":[{"embeddable":true,"href":"https:\/\/lfsevilla.com\/fr\/wp-json\/wp\/v2\/media\/8993"}],"wp:attachment":[{"href":"https:\/\/lfsevilla.com\/fr\/wp-json\/wp\/v2\/media?parent=9001"}],"wp:term":[{"taxonomy":"category","embeddable":true,"href":"https:\/\/lfsevilla.com\/fr\/wp-json\/wp\/v2\/categories?post=9001"},{"taxonomy":"post_tag","embeddable":true,"href":"https:\/\/lfsevilla.com\/fr\/wp-json\/wp\/v2\/tags?post=9001"}],"curies":[{"name":"wp","href":"https:\/\/api.w.org\/{rel}","templated":true}]}}