{"id":7931,"date":"2020-11-09T11:55:03","date_gmt":"2020-11-09T10:55:03","guid":{"rendered":"https:\/\/lfsevilla.com\/?p=7931"},"modified":"2020-11-09T11:55:03","modified_gmt":"2020-11-09T10:55:03","slug":"quinzaine-citoyenne-dans-le-reseau-mlf-monde","status":"publish","type":"post","link":"https:\/\/lfsevilla.com\/fr\/quinzaine-citoyenne-dans-le-reseau-mlf-monde\/","title":{"rendered":"Quinzaine citoyenne dans le r\u00e9seau MLF Monde"},"content":{"rendered":"<p>Du 9 au 20 novembre, L\u2019\u00e9cole apprend la citoyennet\u00e9 sur le Forum p\u00e9dagogique du r\u00e9seau MLF Monde: \u00e9changes de pratiques et d\u2019outils, conf\u00e9rences et d\u00e9bats, paroles d\u2019\u00e9l\u00e8ves, d\u2019enseignants et de parents, pour construire et fortifier le dialogue interculturel d\u2019une p\u00e9dagogie la\u00efque.<\/p>\n<p class=\"has-text-color\"><a href=\"https:\/\/www.mlfmonde.org\/quinzaine-citoyenne-dans-le-reseau-mlfmonde\/\"><strong>Quinze jours pour lancer le d\u00e9bat<\/strong><\/a><\/p>\n","protected":false},"excerpt":{"rendered":"<p>Du 9 au 20 novembre, L\u2019\u00e9cole apprend la citoyennet\u00e9 sur le Forum p\u00e9dagogique du r\u00e9seau MLF Monde: \u00e9changes de pratiques et d\u2019outils, conf\u00e9rences et d\u00e9bats, paroles d\u2019\u00e9l\u00e8ves, d\u2019enseignants et de parents, pour construire et fortifier le dialogue interculturel d\u2019une p\u00e9dagogie la\u00efque. Quinze jours pour lancer le d\u00e9bat<\/p>\n","protected":false},"author":2,"featured_media":7929,"comment_status":"closed","ping_status":"open","sticky":false,"template":"","format":"standard","meta":{"_et_pb_use_builder":"","_et_pb_old_content":"","_et_gb_content_width":"","footnotes":""},"categories":[48,32],"tags":[275,269,263,262,268],"class_list":["post-7931","post","type-post","status-publish","format-standard","has-post-thumbnail","hentry","category-actualites","category-nouvelles","tag-citoyennete","tag-ecole","tag-egalite","tag-lycee-francais-seville","tag-seville"],"yoast_head":"<!-- This site is optimized with the Yoast SEO plugin v27.0 - https:\/\/yoast.com\/product\/yoast-seo-wordpress\/ -->\n<title>Quinzaine citoyenne dans le r\u00e9seau MLF Monde - Lyc\u00e9e Fran\u00e7ais de S\u00e9ville | Colegio privado biling\u00fce en Sevilla<\/title>\n<meta name=\"robots\" content=\"index, follow, max-snippet:-1, max-image-preview:large, max-video-preview:-1\" \/>\n<link rel=\"canonical\" href=\"https:\/\/lfsevilla.com\/fr\/quinzaine-citoyenne-dans-le-reseau-mlf-monde\/\" \/>\n<meta property=\"og:locale\" content=\"fr_FR\" \/>\n<meta property=\"og:type\" content=\"article\" \/>\n<meta property=\"og:title\" content=\"Quinzaine citoyenne dans le r\u00e9seau MLF Monde - Lyc\u00e9e Fran\u00e7ais de S\u00e9ville | Colegio privado biling\u00fce en Sevilla\" \/>\n<meta property=\"og:description\" content=\"Du 9 au 20 novembre, L\u2019\u00e9cole apprend la citoyennet\u00e9 sur le Forum p\u00e9dagogique du r\u00e9seau MLF Monde: \u00e9changes de pratiques et d\u2019outils, conf\u00e9rences et d\u00e9bats, paroles d\u2019\u00e9l\u00e8ves, d\u2019enseignants et de parents, pour construire et fortifier le dialogue interculturel d\u2019une p\u00e9dagogie la\u00efque. Quinze jours pour lancer le d\u00e9bat\" \/>\n<meta property=\"og:url\" content=\"https:\/\/lfsevilla.com\/fr\/quinzaine-citoyenne-dans-le-reseau-mlf-monde\/\" \/>\n<meta property=\"og:site_name\" content=\"Lyc\u00e9e Fran\u00e7ais de S\u00e9ville | Colegio privado biling\u00fce en Sevilla\" \/>\n<meta property=\"article:publisher\" content=\"https:\/\/www.facebook.com\/LiceoFrancesSevilla\/\" \/>\n<meta property=\"article:published_time\" content=\"2020-11-09T10:55:03+00:00\" \/>\n<meta property=\"og:image\" content=\"https:\/\/lfsevilla.com\/wp-content\/uploads\/2020\/11\/banniere-EMC.png\" \/>\n\t<meta property=\"og:image:width\" content=\"764\" \/>\n\t<meta property=\"og:image:height\" content=\"300\" \/>\n\t<meta property=\"og:image:type\" content=\"image\/png\" \/>\n<meta name=\"author\" content=\"LFS\" \/>\n<meta name=\"twitter:card\" content=\"summary_large_image\" \/>\n<meta name=\"twitter:creator\" content=\"@lfsevilla\" \/>\n<meta name=\"twitter:site\" content=\"@lfsevilla\" \/>\n<meta name=\"twitter:label1\" content=\"\u00c9crit par\" \/>\n\t<meta name=\"twitter:data1\" content=\"LFS\" \/>\n<script type=\"application\/ld+json\" class=\"yoast-schema-graph\">{\"@context\":\"https:\/\/schema.org\",\"@graph\":[{\"@type\":\"Article\",\"@id\":\"https:\/\/lfsevilla.com\/fr\/quinzaine-citoyenne-dans-le-reseau-mlf-monde\/#article\",\"isPartOf\":{\"@id\":\"https:\/\/lfsevilla.com\/fr\/quinzaine-citoyenne-dans-le-reseau-mlf-monde\/\"},\"author\":{\"name\":\"LFS\",\"@id\":\"https:\/\/lfsevilla.com\/#\/schema\/person\/ead715d6b1b6b2cb0bb6f7a06675d093\"},\"headline\":\"Quinzaine citoyenne dans le r\u00e9seau MLF Monde\",\"datePublished\":\"2020-11-09T10:55:03+00:00\",\"mainEntityOfPage\":{\"@id\":\"https:\/\/lfsevilla.com\/fr\/quinzaine-citoyenne-dans-le-reseau-mlf-monde\/\"},\"wordCount\":66,\"publisher\":{\"@id\":\"https:\/\/lfsevilla.com\/#organization\"},\"image\":{\"@id\":\"https:\/\/lfsevilla.com\/fr\/quinzaine-citoyenne-dans-le-reseau-mlf-monde\/#primaryimage\"},\"thumbnailUrl\":\"https:\/\/lfsevilla.com\/wp-content\/uploads\/2020\/11\/banniere-EMC.png\",\"keywords\":[\"citoyennet\u00e9\",\"\u00e9cole\",\"\u00e9galit\u00e9\",\"Lyc\u00e9e Fran\u00e7ais S\u00e9ville\",\"S\u00e9ville\"],\"articleSection\":[\"Actualit\u00e9s\",\"Nouvelles\"],\"inLanguage\":\"fr-FR\"},{\"@type\":\"WebPage\",\"@id\":\"https:\/\/lfsevilla.com\/fr\/quinzaine-citoyenne-dans-le-reseau-mlf-monde\/\",\"url\":\"https:\/\/lfsevilla.com\/fr\/quinzaine-citoyenne-dans-le-reseau-mlf-monde\/\",\"name\":\"Quinzaine citoyenne dans le r\u00e9seau MLF Monde - Lyc\u00e9e Fran\u00e7ais de S\u00e9ville | Colegio privado biling\u00fce en Sevilla\",\"isPartOf\":{\"@id\":\"https:\/\/lfsevilla.com\/#website\"},\"primaryImageOfPage\":{\"@id\":\"https:\/\/lfsevilla.com\/fr\/quinzaine-citoyenne-dans-le-reseau-mlf-monde\/#primaryimage\"},\"image\":{\"@id\":\"https:\/\/lfsevilla.com\/fr\/quinzaine-citoyenne-dans-le-reseau-mlf-monde\/#primaryimage\"},\"thumbnailUrl\":\"https:\/\/lfsevilla.com\/wp-content\/uploads\/2020\/11\/banniere-EMC.png\",\"datePublished\":\"2020-11-09T10:55:03+00:00\",\"breadcrumb\":{\"@id\":\"https:\/\/lfsevilla.com\/fr\/quinzaine-citoyenne-dans-le-reseau-mlf-monde\/#breadcrumb\"},\"inLanguage\":\"fr-FR\",\"potentialAction\":[{\"@type\":\"ReadAction\",\"target\":[\"https:\/\/lfsevilla.com\/fr\/quinzaine-citoyenne-dans-le-reseau-mlf-monde\/\"]}]},{\"@type\":\"ImageObject\",\"inLanguage\":\"fr-FR\",\"@id\":\"https:\/\/lfsevilla.com\/fr\/quinzaine-citoyenne-dans-le-reseau-mlf-monde\/#primaryimage\",\"url\":\"https:\/\/lfsevilla.com\/wp-content\/uploads\/2020\/11\/banniere-EMC.png\",\"contentUrl\":\"https:\/\/lfsevilla.com\/wp-content\/uploads\/2020\/11\/banniere-EMC.png\",\"width\":764,\"height\":300},{\"@type\":\"BreadcrumbList\",\"@id\":\"https:\/\/lfsevilla.com\/fr\/quinzaine-citoyenne-dans-le-reseau-mlf-monde\/#breadcrumb\",\"itemListElement\":[{\"@type\":\"ListItem\",\"position\":1,\"name\":\"Portada\",\"item\":\"https:\/\/lfsevilla.com\/fr\/\"},{\"@type\":\"ListItem\",\"position\":2,\"name\":\"Quinzaine citoyenne dans le r\u00e9seau MLF Monde\"}]},{\"@type\":\"WebSite\",\"@id\":\"https:\/\/lfsevilla.com\/#website\",\"url\":\"https:\/\/lfsevilla.com\/\",\"name\":\"Lyc\u00e9e Fran\u00e7ais de S\u00e9ville | Colegio privado internacional triling\u00fce en Sevilla\",\"description\":\"El Liceo franc\u00e9s de Sevilla ofrece una ense\u00f1anza pluriling\u00fce (ingl\u00e9s, franc\u00e9s y espa\u00f1ol), multicultural y respetuosa con las libertades individuales.\",\"publisher\":{\"@id\":\"https:\/\/lfsevilla.com\/#organization\"},\"potentialAction\":[{\"@type\":\"SearchAction\",\"target\":{\"@type\":\"EntryPoint\",\"urlTemplate\":\"https:\/\/lfsevilla.com\/?s={search_term_string}\"},\"query-input\":{\"@type\":\"PropertyValueSpecification\",\"valueRequired\":true,\"valueName\":\"search_term_string\"}}],\"inLanguage\":\"fr-FR\"},{\"@type\":\"Organization\",\"@id\":\"https:\/\/lfsevilla.com\/#organization\",\"name\":\"Lyc\u00e9e Fran\u00e7ais International de S\u00e9ville\",\"url\":\"https:\/\/lfsevilla.com\/\",\"logo\":{\"@type\":\"ImageObject\",\"inLanguage\":\"fr-FR\",\"@id\":\"https:\/\/lfsevilla.com\/#\/schema\/logo\/image\/\",\"url\":\"https:\/\/lfsevilla.com\/wp-content\/uploads\/2023\/05\/Logo-Liceo-Frances-de-Sevilla-223x223-1.jpg\",\"contentUrl\":\"https:\/\/lfsevilla.com\/wp-content\/uploads\/2023\/05\/Logo-Liceo-Frances-de-Sevilla-223x223-1.jpg\",\"width\":223,\"height\":223,\"caption\":\"Lyc\u00e9e Fran\u00e7ais International de S\u00e9ville\"},\"image\":{\"@id\":\"https:\/\/lfsevilla.com\/#\/schema\/logo\/image\/\"},\"sameAs\":[\"https:\/\/www.facebook.com\/LiceoFrancesSevilla\/\",\"https:\/\/x.com\/lfsevilla\",\"https:\/\/www.linkedin.com\/company\/liceo-francs-internacional-de-sevilla\/\",\"https:\/\/www.instagram.com\/liceofrancessevilla\/\",\"https:\/\/www.youtube.com\/@liceofrancessevilla1124\"]},{\"@type\":\"Person\",\"@id\":\"https:\/\/lfsevilla.com\/#\/schema\/person\/ead715d6b1b6b2cb0bb6f7a06675d093\",\"name\":\"LFS\",\"image\":{\"@type\":\"ImageObject\",\"inLanguage\":\"fr-FR\",\"@id\":\"https:\/\/lfsevilla.com\/#\/schema\/person\/image\/\",\"url\":\"https:\/\/secure.gravatar.com\/avatar\/2b2587b6982746a9eb2cb62bda174a08069748c2251c7ca9b6e683d4aab29597?s=96&d=mm&r=g\",\"contentUrl\":\"https:\/\/secure.gravatar.com\/avatar\/2b2587b6982746a9eb2cb62bda174a08069748c2251c7ca9b6e683d4aab29597?s=96&d=mm&r=g\",\"caption\":\"LFS\"},\"url\":\"https:\/\/lfsevilla.com\/fr\/author\/weblfsevilla-com\/\"}]}<\/script>\n<!-- \/ Yoast SEO plugin. -->","yoast_head_json":{"title":"Quinzaine citoyenne dans le r\u00e9seau MLF Monde - Lyc\u00e9e Fran\u00e7ais de S\u00e9ville | Colegio privado biling\u00fce en Sevilla","robots":{"index":"index","follow":"follow","max-snippet":"max-snippet:-1","max-image-preview":"max-image-preview:large","max-video-preview":"max-video-preview:-1"},"canonical":"https:\/\/lfsevilla.com\/fr\/quinzaine-citoyenne-dans-le-reseau-mlf-monde\/","og_locale":"fr_FR","og_type":"article","og_title":"Quinzaine citoyenne dans le r\u00e9seau MLF Monde - Lyc\u00e9e Fran\u00e7ais de S\u00e9ville | Colegio privado biling\u00fce en Sevilla","og_description":"Du 9 au 20 novembre, L\u2019\u00e9cole apprend la citoyennet\u00e9 sur le Forum p\u00e9dagogique du r\u00e9seau MLF Monde: \u00e9changes de pratiques et d\u2019outils, conf\u00e9rences et d\u00e9bats, paroles d\u2019\u00e9l\u00e8ves, d\u2019enseignants et de parents, pour construire et fortifier le dialogue interculturel d\u2019une p\u00e9dagogie la\u00efque. Quinze jours pour lancer le d\u00e9bat","og_url":"https:\/\/lfsevilla.com\/fr\/quinzaine-citoyenne-dans-le-reseau-mlf-monde\/","og_site_name":"Lyc\u00e9e Fran\u00e7ais de S\u00e9ville | Colegio privado biling\u00fce en Sevilla","article_publisher":"https:\/\/www.facebook.com\/LiceoFrancesSevilla\/","article_published_time":"2020-11-09T10:55:03+00:00","og_image":[{"width":764,"height":300,"url":"https:\/\/lfsevilla.com\/wp-content\/uploads\/2020\/11\/banniere-EMC.png","type":"image\/png"}],"author":"LFS","twitter_card":"summary_large_image","twitter_creator":"@lfsevilla","twitter_site":"@lfsevilla","twitter_misc":{"\u00c9crit par":"LFS"},"schema":{"@context":"https:\/\/schema.org","@graph":[{"@type":"Article","@id":"https:\/\/lfsevilla.com\/fr\/quinzaine-citoyenne-dans-le-reseau-mlf-monde\/#article","isPartOf":{"@id":"https:\/\/lfsevilla.com\/fr\/quinzaine-citoyenne-dans-le-reseau-mlf-monde\/"},"author":{"name":"LFS","@id":"https:\/\/lfsevilla.com\/#\/schema\/person\/ead715d6b1b6b2cb0bb6f7a06675d093"},"headline":"Quinzaine citoyenne dans le r\u00e9seau MLF Monde","datePublished":"2020-11-09T10:55:03+00:00","mainEntityOfPage":{"@id":"https:\/\/lfsevilla.com\/fr\/quinzaine-citoyenne-dans-le-reseau-mlf-monde\/"},"wordCount":66,"publisher":{"@id":"https:\/\/lfsevilla.com\/#organization"},"image":{"@id":"https:\/\/lfsevilla.com\/fr\/quinzaine-citoyenne-dans-le-reseau-mlf-monde\/#primaryimage"},"thumbnailUrl":"https:\/\/lfsevilla.com\/wp-content\/uploads\/2020\/11\/banniere-EMC.png","keywords":["citoyennet\u00e9","\u00e9cole","\u00e9galit\u00e9","Lyc\u00e9e Fran\u00e7ais S\u00e9ville","S\u00e9ville"],"articleSection":["Actualit\u00e9s","Nouvelles"],"inLanguage":"fr-FR"},{"@type":"WebPage","@id":"https:\/\/lfsevilla.com\/fr\/quinzaine-citoyenne-dans-le-reseau-mlf-monde\/","url":"https:\/\/lfsevilla.com\/fr\/quinzaine-citoyenne-dans-le-reseau-mlf-monde\/","name":"Quinzaine citoyenne dans le r\u00e9seau MLF Monde - Lyc\u00e9e Fran\u00e7ais de S\u00e9ville | Colegio privado biling\u00fce en Sevilla","isPartOf":{"@id":"https:\/\/lfsevilla.com\/#website"},"primaryImageOfPage":{"@id":"https:\/\/lfsevilla.com\/fr\/quinzaine-citoyenne-dans-le-reseau-mlf-monde\/#primaryimage"},"image":{"@id":"https:\/\/lfsevilla.com\/fr\/quinzaine-citoyenne-dans-le-reseau-mlf-monde\/#primaryimage"},"thumbnailUrl":"https:\/\/lfsevilla.com\/wp-content\/uploads\/2020\/11\/banniere-EMC.png","datePublished":"2020-11-09T10:55:03+00:00","breadcrumb":{"@id":"https:\/\/lfsevilla.com\/fr\/quinzaine-citoyenne-dans-le-reseau-mlf-monde\/#breadcrumb"},"inLanguage":"fr-FR","potentialAction":[{"@type":"ReadAction","target":["https:\/\/lfsevilla.com\/fr\/quinzaine-citoyenne-dans-le-reseau-mlf-monde\/"]}]},{"@type":"ImageObject","inLanguage":"fr-FR","@id":"https:\/\/lfsevilla.com\/fr\/quinzaine-citoyenne-dans-le-reseau-mlf-monde\/#primaryimage","url":"https:\/\/lfsevilla.com\/wp-content\/uploads\/2020\/11\/banniere-EMC.png","contentUrl":"https:\/\/lfsevilla.com\/wp-content\/uploads\/2020\/11\/banniere-EMC.png","width":764,"height":300},{"@type":"BreadcrumbList","@id":"https:\/\/lfsevilla.com\/fr\/quinzaine-citoyenne-dans-le-reseau-mlf-monde\/#breadcrumb","itemListElement":[{"@type":"ListItem","position":1,"name":"Portada","item":"https:\/\/lfsevilla.com\/fr\/"},{"@type":"ListItem","position":2,"name":"Quinzaine citoyenne dans le r\u00e9seau MLF Monde"}]},{"@type":"WebSite","@id":"https:\/\/lfsevilla.com\/#website","url":"https:\/\/lfsevilla.com\/","name":"Lyc\u00e9e Fran\u00e7ais de S\u00e9ville | Colegio privado internacional triling\u00fce en Sevilla","description":"El Liceo franc\u00e9s de Sevilla ofrece una ense\u00f1anza pluriling\u00fce (ingl\u00e9s, franc\u00e9s y espa\u00f1ol), multicultural y respetuosa con las libertades individuales.","publisher":{"@id":"https:\/\/lfsevilla.com\/#organization"},"potentialAction":[{"@type":"SearchAction","target":{"@type":"EntryPoint","urlTemplate":"https:\/\/lfsevilla.com\/?s={search_term_string}"},"query-input":{"@type":"PropertyValueSpecification","valueRequired":true,"valueName":"search_term_string"}}],"inLanguage":"fr-FR"},{"@type":"Organization","@id":"https:\/\/lfsevilla.com\/#organization","name":"Lyc\u00e9e Fran\u00e7ais International de S\u00e9ville","url":"https:\/\/lfsevilla.com\/","logo":{"@type":"ImageObject","inLanguage":"fr-FR","@id":"https:\/\/lfsevilla.com\/#\/schema\/logo\/image\/","url":"https:\/\/lfsevilla.com\/wp-content\/uploads\/2023\/05\/Logo-Liceo-Frances-de-Sevilla-223x223-1.jpg","contentUrl":"https:\/\/lfsevilla.com\/wp-content\/uploads\/2023\/05\/Logo-Liceo-Frances-de-Sevilla-223x223-1.jpg","width":223,"height":223,"caption":"Lyc\u00e9e Fran\u00e7ais International de S\u00e9ville"},"image":{"@id":"https:\/\/lfsevilla.com\/#\/schema\/logo\/image\/"},"sameAs":["https:\/\/www.facebook.com\/LiceoFrancesSevilla\/","https:\/\/x.com\/lfsevilla","https:\/\/www.linkedin.com\/company\/liceo-francs-internacional-de-sevilla\/","https:\/\/www.instagram.com\/liceofrancessevilla\/","https:\/\/www.youtube.com\/@liceofrancessevilla1124"]},{"@type":"Person","@id":"https:\/\/lfsevilla.com\/#\/schema\/person\/ead715d6b1b6b2cb0bb6f7a06675d093","name":"LFS","image":{"@type":"ImageObject","inLanguage":"fr-FR","@id":"https:\/\/lfsevilla.com\/#\/schema\/person\/image\/","url":"https:\/\/secure.gravatar.com\/avatar\/2b2587b6982746a9eb2cb62bda174a08069748c2251c7ca9b6e683d4aab29597?s=96&d=mm&r=g","contentUrl":"https:\/\/secure.gravatar.com\/avatar\/2b2587b6982746a9eb2cb62bda174a08069748c2251c7ca9b6e683d4aab29597?s=96&d=mm&r=g","caption":"LFS"},"url":"https:\/\/lfsevilla.com\/fr\/author\/weblfsevilla-com\/"}]}},"_links":{"self":[{"href":"https:\/\/lfsevilla.com\/fr\/wp-json\/wp\/v2\/posts\/7931","targetHints":{"allow":["GET"]}}],"collection":[{"href":"https:\/\/lfsevilla.com\/fr\/wp-json\/wp\/v2\/posts"}],"about":[{"href":"https:\/\/lfsevilla.com\/fr\/wp-json\/wp\/v2\/types\/post"}],"author":[{"embeddable":true,"href":"https:\/\/lfsevilla.com\/fr\/wp-json\/wp\/v2\/users\/2"}],"replies":[{"embeddable":true,"href":"https:\/\/lfsevilla.com\/fr\/wp-json\/wp\/v2\/comments?post=7931"}],"version-history":[{"count":1,"href":"https:\/\/lfsevilla.com\/fr\/wp-json\/wp\/v2\/posts\/7931\/revisions"}],"predecessor-version":[{"id":7932,"href":"https:\/\/lfsevilla.com\/fr\/wp-json\/wp\/v2\/posts\/7931\/revisions\/7932"}],"wp:featuredmedia":[{"embeddable":true,"href":"https:\/\/lfsevilla.com\/fr\/wp-json\/wp\/v2\/media\/7929"}],"wp:attachment":[{"href":"https:\/\/lfsevilla.com\/fr\/wp-json\/wp\/v2\/media?parent=7931"}],"wp:term":[{"taxonomy":"category","embeddable":true,"href":"https:\/\/lfsevilla.com\/fr\/wp-json\/wp\/v2\/categories?post=7931"},{"taxonomy":"post_tag","embeddable":true,"href":"https:\/\/lfsevilla.com\/fr\/wp-json\/wp\/v2\/tags?post=7931"}],"curies":[{"name":"wp","href":"https:\/\/api.w.org\/{rel}","templated":true}]}}