{"id":7858,"date":"2020-10-20T10:24:53","date_gmt":"2020-10-20T08:24:53","guid":{"rendered":"https:\/\/lfsevilla.com\/?p=7858"},"modified":"2020-10-20T10:24:53","modified_gmt":"2020-10-20T08:24:53","slug":"un-groupe-deleves-visite-lexposition-pirates","status":"publish","type":"post","link":"https:\/\/lfsevilla.com\/fr\/un-groupe-deleves-visite-lexposition-pirates\/","title":{"rendered":"Un groupe d&#8217;\u00e9l\u00e8ves visite l&#8217;exposition &#8220;Pirates&#8221;"},"content":{"rendered":"<p>Un groupe d&#8217;\u00e9l\u00e8ves de la 5\u00e9me a visit\u00e9 l&#8217;exposition &#8220;Pirates. Los ladrones del mar&#8221; dans le pavillon de navigation de l&#8217;\u00eele de la Cartuja.<br \/>\nAu cours de leur visite, ils ont ont appris l&#8217;histoire de la piraterie, qui est \u00e9troitement li\u00e9e au d\u00e9veloppement de la navigation depuis l&#8217;\u00e9poque de l&#8217;\u00e9mergence du commerce. Non seulement ils ont regard\u00e9 en arri\u00e8re, mais ils ont aussi vu comment la piraterie continue aujourd&#8217;hui dans les mers et les oc\u00e9ans de la plan\u00e8te ; elle a \u00e9t\u00e9 particuli\u00e8rement virulente en M\u00e9diterran\u00e9e, dans les Cara\u00efbes, sur les c\u00f4tes autour des Philippines, en Indon\u00e9sie, en Somalie et dans bien d&#8217;autres r\u00e9gions de la plan\u00e8te.<\/p>\n<p>L&#8217;exposition a pour but de faire le point sur l&#8217;histoire de la piraterie \u00e0 travers des objets originaux provenant de fouilles sous-marines, ainsi que des r\u00e9pliques et des reproductions qui permettront d&#8217;aborder le monde fascinant de la piraterie. Nos \u00e9l\u00e8ves ont pu d\u00e9couvrir la vie des pirates gr\u00e2ce \u00e0 l&#8217;utilisation de ces objets originaux et des reproductions.<\/p>\n\n\t\t<style type=\"text\/css\">\n\t\t\t#gallery-1 {\n\t\t\t\tmargin: auto;\n\t\t\t}\n\t\t\t#gallery-1 .gallery-item {\n\t\t\t\tfloat: left;\n\t\t\t\tmargin-top: 10px;\n\t\t\t\ttext-align: center;\n\t\t\t\twidth: 14%;\n\t\t\t}\n\t\t\t#gallery-1 img {\n\t\t\t\tborder: 2px solid #cfcfcf;\n\t\t\t}\n\t\t\t#gallery-1 .gallery-caption {\n\t\t\t\tmargin-left: 0;\n\t\t\t}\n\t\t\t\/* see gallery_shortcode() in wp-includes\/media.php *\/\n\t\t<\/style>\n\t\t<div id='gallery-1' class='gallery galleryid-7858 gallery-columns-7 gallery-size-thumbnail'><dl class='gallery-item'>\n\t\t\t<dt class='gallery-icon landscape'>\n\t\t\t\t<a href='https:\/\/lfsevilla.com\/wp-content\/uploads\/2020\/10\/P_20201015_115121.jpg'><img decoding=\"async\" width=\"150\" height=\"150\" src=\"https:\/\/lfsevilla.com\/wp-content\/uploads\/2020\/10\/P_20201015_115121-150x150.jpg\" class=\"attachment-thumbnail size-thumbnail\" alt=\"\" \/><\/a>\n\t\t\t<\/dt><\/dl><dl class='gallery-item'>\n\t\t\t<dt class='gallery-icon landscape'>\n\t\t\t\t<a href='https:\/\/lfsevilla.com\/wp-content\/uploads\/2020\/10\/P_20201015_122246.jpg'><img decoding=\"async\" width=\"150\" height=\"150\" src=\"https:\/\/lfsevilla.com\/wp-content\/uploads\/2020\/10\/P_20201015_122246-150x150.jpg\" class=\"attachment-thumbnail size-thumbnail\" alt=\"\" \/><\/a>\n\t\t\t<\/dt><\/dl><dl class='gallery-item'>\n\t\t\t<dt class='gallery-icon landscape'>\n\t\t\t\t<a href='https:\/\/lfsevilla.com\/wp-content\/uploads\/2020\/10\/P_20201015_122239.jpg'><img decoding=\"async\" width=\"150\" height=\"150\" src=\"https:\/\/lfsevilla.com\/wp-content\/uploads\/2020\/10\/P_20201015_122239-150x150.jpg\" class=\"attachment-thumbnail size-thumbnail\" alt=\"\" \/><\/a>\n\t\t\t<\/dt><\/dl><dl class='gallery-item'>\n\t\t\t<dt class='gallery-icon landscape'>\n\t\t\t\t<a href='https:\/\/lfsevilla.com\/wp-content\/uploads\/2020\/10\/P_20201015_121648.jpg'><img decoding=\"async\" width=\"150\" height=\"150\" src=\"https:\/\/lfsevilla.com\/wp-content\/uploads\/2020\/10\/P_20201015_121648-150x150.jpg\" class=\"attachment-thumbnail size-thumbnail\" alt=\"\" \/><\/a>\n\t\t\t<\/dt><\/dl><dl class='gallery-item'>\n\t\t\t<dt class='gallery-icon landscape'>\n\t\t\t\t<a href='https:\/\/lfsevilla.com\/wp-content\/uploads\/2020\/10\/P_20201015_115038.jpg'><img decoding=\"async\" width=\"150\" height=\"150\" src=\"https:\/\/lfsevilla.com\/wp-content\/uploads\/2020\/10\/P_20201015_115038-150x150.jpg\" class=\"attachment-thumbnail size-thumbnail\" alt=\"\" \/><\/a>\n\t\t\t<\/dt><\/dl><dl class='gallery-item'>\n\t\t\t<dt class='gallery-icon landscape'>\n\t\t\t\t<a href='https:\/\/lfsevilla.com\/wp-content\/uploads\/2020\/10\/P_20201015_115028.jpg'><img decoding=\"async\" width=\"150\" height=\"150\" src=\"https:\/\/lfsevilla.com\/wp-content\/uploads\/2020\/10\/P_20201015_115028-150x150.jpg\" class=\"attachment-thumbnail size-thumbnail\" alt=\"\" \/><\/a>\n\t\t\t<\/dt><\/dl><dl class='gallery-item'>\n\t\t\t<dt class='gallery-icon landscape'>\n\t\t\t\t<a href='https:\/\/lfsevilla.com\/wp-content\/uploads\/2020\/10\/P_20201015_114924-scaled.jpg'><img decoding=\"async\" width=\"150\" height=\"150\" src=\"https:\/\/lfsevilla.com\/wp-content\/uploads\/2020\/10\/P_20201015_114924-150x150.jpg\" class=\"attachment-thumbnail size-thumbnail\" alt=\"\" \/><\/a>\n\t\t\t<\/dt><\/dl><br style=\"clear: both\" \/><dl class='gallery-item'>\n\t\t\t<dt class='gallery-icon landscape'>\n\t\t\t\t<a href='https:\/\/lfsevilla.com\/wp-content\/uploads\/2020\/10\/P_20201015_114934.jpg'><img decoding=\"async\" width=\"150\" height=\"150\" src=\"https:\/\/lfsevilla.com\/wp-content\/uploads\/2020\/10\/P_20201015_114934-150x150.jpg\" class=\"attachment-thumbnail size-thumbnail\" alt=\"\" \/><\/a>\n\t\t\t<\/dt><\/dl><dl class='gallery-item'>\n\t\t\t<dt class='gallery-icon landscape'>\n\t\t\t\t<a href='https:\/\/lfsevilla.com\/wp-content\/uploads\/2020\/10\/P_20201015_114937.jpg'><img decoding=\"async\" width=\"150\" height=\"150\" src=\"https:\/\/lfsevilla.com\/wp-content\/uploads\/2020\/10\/P_20201015_114937-150x150.jpg\" class=\"attachment-thumbnail size-thumbnail\" alt=\"\" \/><\/a>\n\t\t\t<\/dt><\/dl><dl class='gallery-item'>\n\t\t\t<dt class='gallery-icon landscape'>\n\t\t\t\t<a href='https:\/\/lfsevilla.com\/wp-content\/uploads\/2020\/10\/P_20201015_114911-scaled.jpg'><img decoding=\"async\" width=\"150\" height=\"150\" src=\"https:\/\/lfsevilla.com\/wp-content\/uploads\/2020\/10\/P_20201015_114911-150x150.jpg\" class=\"attachment-thumbnail size-thumbnail\" alt=\"\" \/><\/a>\n\t\t\t<\/dt><\/dl><dl class='gallery-item'>\n\t\t\t<dt class='gallery-icon landscape'>\n\t\t\t\t<a href='https:\/\/lfsevilla.com\/wp-content\/uploads\/2020\/10\/P_20201015_115018.jpg'><img decoding=\"async\" width=\"150\" height=\"150\" src=\"https:\/\/lfsevilla.com\/wp-content\/uploads\/2020\/10\/P_20201015_115018-150x150.jpg\" class=\"attachment-thumbnail size-thumbnail\" alt=\"\" \/><\/a>\n\t\t\t<\/dt><\/dl><dl class='gallery-item'>\n\t\t\t<dt class='gallery-icon landscape'>\n\t\t\t\t<a href='https:\/\/lfsevilla.com\/wp-content\/uploads\/2020\/10\/P_20201015_115022.jpg'><img decoding=\"async\" width=\"150\" height=\"150\" src=\"https:\/\/lfsevilla.com\/wp-content\/uploads\/2020\/10\/P_20201015_115022-150x150.jpg\" class=\"attachment-thumbnail size-thumbnail\" alt=\"\" \/><\/a>\n\t\t\t<\/dt><\/dl><dl class='gallery-item'>\n\t\t\t<dt class='gallery-icon landscape'>\n\t\t\t\t<a href='https:\/\/lfsevilla.com\/wp-content\/uploads\/2020\/10\/P_20201015_114919-scaled.jpg'><img decoding=\"async\" width=\"150\" height=\"150\" src=\"https:\/\/lfsevilla.com\/wp-content\/uploads\/2020\/10\/P_20201015_114919-150x150.jpg\" class=\"attachment-thumbnail size-thumbnail\" alt=\"\" \/><\/a>\n\t\t\t<\/dt><\/dl><dl class='gallery-item'>\n\t\t\t<dt class='gallery-icon landscape'>\n\t\t\t\t<a href='https:\/\/lfsevilla.com\/wp-content\/uploads\/2020\/10\/P_20201015_114916-scaled.jpg'><img decoding=\"async\" width=\"150\" height=\"150\" src=\"https:\/\/lfsevilla.com\/wp-content\/uploads\/2020\/10\/P_20201015_114916-150x150.jpg\" class=\"attachment-thumbnail size-thumbnail\" alt=\"\" \/><\/a>\n\t\t\t<\/dt><\/dl><br style=\"clear: both\" \/><dl class='gallery-item'>\n\t\t\t<dt class='gallery-icon landscape'>\n\t\t\t\t<a href='https:\/\/lfsevilla.com\/wp-content\/uploads\/2020\/10\/P_20201015_115016.jpg'><img decoding=\"async\" width=\"150\" height=\"150\" src=\"https:\/\/lfsevilla.com\/wp-content\/uploads\/2020\/10\/P_20201015_115016-150x150.jpg\" class=\"attachment-thumbnail size-thumbnail\" alt=\"\" \/><\/a>\n\t\t\t<\/dt><\/dl>\n\t\t\t<br style='clear: both' \/>\n\t\t<\/div>\n\n","protected":false},"excerpt":{"rendered":"<p>Un groupe d&#8217;\u00e9l\u00e8ves de la 5\u00e9me a visit\u00e9 l&#8217;exposition &#8220;Pirates. Los ladrones del mar&#8221; dans le pavillon de navigation de l&#8217;\u00eele de la Cartuja. Au cours de leur visite, ils ont ont appris l&#8217;histoire de la piraterie, qui est \u00e9troitement li\u00e9e au d\u00e9veloppement de la navigation depuis l&#8217;\u00e9poque de l&#8217;\u00e9mergence du commerce. Non seulement ils [&hellip;]<\/p>\n","protected":false},"author":2,"featured_media":7852,"comment_status":"closed","ping_status":"open","sticky":false,"template":"","format":"standard","meta":{"_et_pb_use_builder":"","_et_pb_old_content":"","_et_gb_content_width":"","footnotes":""},"categories":[48,32],"tags":[269,262,268],"class_list":["post-7858","post","type-post","status-publish","format-standard","has-post-thumbnail","hentry","category-actualites","category-nouvelles","tag-ecole","tag-lycee-francais-seville","tag-seville"],"yoast_head":"<!-- This site is optimized with the Yoast SEO plugin v27.0 - https:\/\/yoast.com\/product\/yoast-seo-wordpress\/ -->\n<title>Un groupe d&#039;\u00e9l\u00e8ves visite l&#039;exposition &quot;Pirates&quot; - Lyc\u00e9e Fran\u00e7ais de S\u00e9ville | Colegio privado biling\u00fce en Sevilla<\/title>\n<meta name=\"robots\" content=\"index, follow, max-snippet:-1, max-image-preview:large, max-video-preview:-1\" \/>\n<link rel=\"canonical\" href=\"https:\/\/lfsevilla.com\/fr\/un-groupe-deleves-visite-lexposition-pirates\/\" \/>\n<meta property=\"og:locale\" content=\"fr_FR\" \/>\n<meta property=\"og:type\" content=\"article\" \/>\n<meta property=\"og:title\" content=\"Un groupe d&#039;\u00e9l\u00e8ves visite l&#039;exposition &quot;Pirates&quot; - Lyc\u00e9e Fran\u00e7ais de S\u00e9ville | Colegio privado biling\u00fce en Sevilla\" \/>\n<meta property=\"og:description\" content=\"Un groupe d&#8217;\u00e9l\u00e8ves de la 5\u00e9me a visit\u00e9 l&#8217;exposition &#8220;Pirates. Los ladrones del mar&#8221; dans le pavillon de navigation de l&#8217;\u00eele de la Cartuja. Au cours de leur visite, ils ont ont appris l&#8217;histoire de la piraterie, qui est \u00e9troitement li\u00e9e au d\u00e9veloppement de la navigation depuis l&#8217;\u00e9poque de l&#8217;\u00e9mergence du commerce. Non seulement ils [&hellip;]\" \/>\n<meta property=\"og:url\" content=\"https:\/\/lfsevilla.com\/fr\/un-groupe-deleves-visite-lexposition-pirates\/\" \/>\n<meta property=\"og:site_name\" content=\"Lyc\u00e9e Fran\u00e7ais de S\u00e9ville | Colegio privado biling\u00fce en Sevilla\" \/>\n<meta property=\"article:publisher\" content=\"https:\/\/www.facebook.com\/LiceoFrancesSevilla\/\" \/>\n<meta property=\"article:published_time\" content=\"2020-10-20T08:24:53+00:00\" \/>\n<meta property=\"og:image\" content=\"https:\/\/lfsevilla.com\/wp-content\/uploads\/2020\/10\/P_20201015_121648.jpg\" \/>\n\t<meta property=\"og:image:width\" content=\"1920\" \/>\n\t<meta property=\"og:image:height\" content=\"1080\" \/>\n\t<meta property=\"og:image:type\" content=\"image\/jpeg\" \/>\n<meta name=\"author\" content=\"LFS\" \/>\n<meta name=\"twitter:card\" content=\"summary_large_image\" \/>\n<meta name=\"twitter:creator\" content=\"@lfsevilla\" \/>\n<meta name=\"twitter:site\" content=\"@lfsevilla\" \/>\n<meta name=\"twitter:label1\" content=\"\u00c9crit par\" \/>\n\t<meta name=\"twitter:data1\" content=\"LFS\" \/>\n\t<meta name=\"twitter:label2\" content=\"Dur\u00e9e de lecture estim\u00e9e\" \/>\n\t<meta name=\"twitter:data2\" content=\"1 minute\" \/>\n<script type=\"application\/ld+json\" class=\"yoast-schema-graph\">{\"@context\":\"https:\/\/schema.org\",\"@graph\":[{\"@type\":\"Article\",\"@id\":\"https:\/\/lfsevilla.com\/fr\/un-groupe-deleves-visite-lexposition-pirates\/#article\",\"isPartOf\":{\"@id\":\"https:\/\/lfsevilla.com\/fr\/un-groupe-deleves-visite-lexposition-pirates\/\"},\"author\":{\"name\":\"LFS\",\"@id\":\"https:\/\/lfsevilla.com\/#\/schema\/person\/ead715d6b1b6b2cb0bb6f7a06675d093\"},\"headline\":\"Un groupe d&#8217;\u00e9l\u00e8ves visite l&#8217;exposition &#8220;Pirates&#8221;\",\"datePublished\":\"2020-10-20T08:24:53+00:00\",\"mainEntityOfPage\":{\"@id\":\"https:\/\/lfsevilla.com\/fr\/un-groupe-deleves-visite-lexposition-pirates\/\"},\"wordCount\":205,\"publisher\":{\"@id\":\"https:\/\/lfsevilla.com\/#organization\"},\"image\":{\"@id\":\"https:\/\/lfsevilla.com\/fr\/un-groupe-deleves-visite-lexposition-pirates\/#primaryimage\"},\"thumbnailUrl\":\"https:\/\/lfsevilla.com\/wp-content\/uploads\/2020\/10\/P_20201015_121648.jpg\",\"keywords\":[\"\u00e9cole\",\"Lyc\u00e9e Fran\u00e7ais S\u00e9ville\",\"S\u00e9ville\"],\"articleSection\":[\"Actualit\u00e9s\",\"Nouvelles\"],\"inLanguage\":\"fr-FR\"},{\"@type\":\"WebPage\",\"@id\":\"https:\/\/lfsevilla.com\/fr\/un-groupe-deleves-visite-lexposition-pirates\/\",\"url\":\"https:\/\/lfsevilla.com\/fr\/un-groupe-deleves-visite-lexposition-pirates\/\",\"name\":\"Un groupe d'\u00e9l\u00e8ves visite l'exposition \\\"Pirates\\\" - Lyc\u00e9e Fran\u00e7ais de S\u00e9ville | Colegio privado biling\u00fce en Sevilla\",\"isPartOf\":{\"@id\":\"https:\/\/lfsevilla.com\/#website\"},\"primaryImageOfPage\":{\"@id\":\"https:\/\/lfsevilla.com\/fr\/un-groupe-deleves-visite-lexposition-pirates\/#primaryimage\"},\"image\":{\"@id\":\"https:\/\/lfsevilla.com\/fr\/un-groupe-deleves-visite-lexposition-pirates\/#primaryimage\"},\"thumbnailUrl\":\"https:\/\/lfsevilla.com\/wp-content\/uploads\/2020\/10\/P_20201015_121648.jpg\",\"datePublished\":\"2020-10-20T08:24:53+00:00\",\"breadcrumb\":{\"@id\":\"https:\/\/lfsevilla.com\/fr\/un-groupe-deleves-visite-lexposition-pirates\/#breadcrumb\"},\"inLanguage\":\"fr-FR\",\"potentialAction\":[{\"@type\":\"ReadAction\",\"target\":[\"https:\/\/lfsevilla.com\/fr\/un-groupe-deleves-visite-lexposition-pirates\/\"]}]},{\"@type\":\"ImageObject\",\"inLanguage\":\"fr-FR\",\"@id\":\"https:\/\/lfsevilla.com\/fr\/un-groupe-deleves-visite-lexposition-pirates\/#primaryimage\",\"url\":\"https:\/\/lfsevilla.com\/wp-content\/uploads\/2020\/10\/P_20201015_121648.jpg\",\"contentUrl\":\"https:\/\/lfsevilla.com\/wp-content\/uploads\/2020\/10\/P_20201015_121648.jpg\",\"width\":1920,\"height\":1080},{\"@type\":\"BreadcrumbList\",\"@id\":\"https:\/\/lfsevilla.com\/fr\/un-groupe-deleves-visite-lexposition-pirates\/#breadcrumb\",\"itemListElement\":[{\"@type\":\"ListItem\",\"position\":1,\"name\":\"Portada\",\"item\":\"https:\/\/lfsevilla.com\/fr\/\"},{\"@type\":\"ListItem\",\"position\":2,\"name\":\"Un groupe d&#8217;\u00e9l\u00e8ves visite l&#8217;exposition &#8220;Pirates&#8221;\"}]},{\"@type\":\"WebSite\",\"@id\":\"https:\/\/lfsevilla.com\/#website\",\"url\":\"https:\/\/lfsevilla.com\/\",\"name\":\"Lyc\u00e9e Fran\u00e7ais de S\u00e9ville | Colegio privado internacional triling\u00fce en Sevilla\",\"description\":\"El Liceo franc\u00e9s de Sevilla ofrece una ense\u00f1anza pluriling\u00fce (ingl\u00e9s, franc\u00e9s y espa\u00f1ol), multicultural y respetuosa con las libertades individuales.\",\"publisher\":{\"@id\":\"https:\/\/lfsevilla.com\/#organization\"},\"potentialAction\":[{\"@type\":\"SearchAction\",\"target\":{\"@type\":\"EntryPoint\",\"urlTemplate\":\"https:\/\/lfsevilla.com\/?s={search_term_string}\"},\"query-input\":{\"@type\":\"PropertyValueSpecification\",\"valueRequired\":true,\"valueName\":\"search_term_string\"}}],\"inLanguage\":\"fr-FR\"},{\"@type\":\"Organization\",\"@id\":\"https:\/\/lfsevilla.com\/#organization\",\"name\":\"Lyc\u00e9e Fran\u00e7ais International de S\u00e9ville\",\"url\":\"https:\/\/lfsevilla.com\/\",\"logo\":{\"@type\":\"ImageObject\",\"inLanguage\":\"fr-FR\",\"@id\":\"https:\/\/lfsevilla.com\/#\/schema\/logo\/image\/\",\"url\":\"https:\/\/lfsevilla.com\/wp-content\/uploads\/2023\/05\/Logo-Liceo-Frances-de-Sevilla-223x223-1.jpg\",\"contentUrl\":\"https:\/\/lfsevilla.com\/wp-content\/uploads\/2023\/05\/Logo-Liceo-Frances-de-Sevilla-223x223-1.jpg\",\"width\":223,\"height\":223,\"caption\":\"Lyc\u00e9e Fran\u00e7ais International de S\u00e9ville\"},\"image\":{\"@id\":\"https:\/\/lfsevilla.com\/#\/schema\/logo\/image\/\"},\"sameAs\":[\"https:\/\/www.facebook.com\/LiceoFrancesSevilla\/\",\"https:\/\/x.com\/lfsevilla\",\"https:\/\/www.linkedin.com\/company\/liceo-francs-internacional-de-sevilla\/\",\"https:\/\/www.instagram.com\/liceofrancessevilla\/\",\"https:\/\/www.youtube.com\/@liceofrancessevilla1124\"]},{\"@type\":\"Person\",\"@id\":\"https:\/\/lfsevilla.com\/#\/schema\/person\/ead715d6b1b6b2cb0bb6f7a06675d093\",\"name\":\"LFS\",\"image\":{\"@type\":\"ImageObject\",\"inLanguage\":\"fr-FR\",\"@id\":\"https:\/\/lfsevilla.com\/#\/schema\/person\/image\/\",\"url\":\"https:\/\/secure.gravatar.com\/avatar\/2b2587b6982746a9eb2cb62bda174a08069748c2251c7ca9b6e683d4aab29597?s=96&d=mm&r=g\",\"contentUrl\":\"https:\/\/secure.gravatar.com\/avatar\/2b2587b6982746a9eb2cb62bda174a08069748c2251c7ca9b6e683d4aab29597?s=96&d=mm&r=g\",\"caption\":\"LFS\"},\"url\":\"https:\/\/lfsevilla.com\/fr\/author\/weblfsevilla-com\/\"}]}<\/script>\n<!-- \/ Yoast SEO plugin. -->","yoast_head_json":{"title":"Un groupe d'\u00e9l\u00e8ves visite l'exposition \"Pirates\" - Lyc\u00e9e Fran\u00e7ais de S\u00e9ville | Colegio privado biling\u00fce en Sevilla","robots":{"index":"index","follow":"follow","max-snippet":"max-snippet:-1","max-image-preview":"max-image-preview:large","max-video-preview":"max-video-preview:-1"},"canonical":"https:\/\/lfsevilla.com\/fr\/un-groupe-deleves-visite-lexposition-pirates\/","og_locale":"fr_FR","og_type":"article","og_title":"Un groupe d'\u00e9l\u00e8ves visite l'exposition \"Pirates\" - Lyc\u00e9e Fran\u00e7ais de S\u00e9ville | Colegio privado biling\u00fce en Sevilla","og_description":"Un groupe d&#8217;\u00e9l\u00e8ves de la 5\u00e9me a visit\u00e9 l&#8217;exposition &#8220;Pirates. Los ladrones del mar&#8221; dans le pavillon de navigation de l&#8217;\u00eele de la Cartuja. Au cours de leur visite, ils ont ont appris l&#8217;histoire de la piraterie, qui est \u00e9troitement li\u00e9e au d\u00e9veloppement de la navigation depuis l&#8217;\u00e9poque de l&#8217;\u00e9mergence du commerce. Non seulement ils [&hellip;]","og_url":"https:\/\/lfsevilla.com\/fr\/un-groupe-deleves-visite-lexposition-pirates\/","og_site_name":"Lyc\u00e9e Fran\u00e7ais de S\u00e9ville | Colegio privado biling\u00fce en Sevilla","article_publisher":"https:\/\/www.facebook.com\/LiceoFrancesSevilla\/","article_published_time":"2020-10-20T08:24:53+00:00","og_image":[{"width":1920,"height":1080,"url":"https:\/\/lfsevilla.com\/wp-content\/uploads\/2020\/10\/P_20201015_121648.jpg","type":"image\/jpeg"}],"author":"LFS","twitter_card":"summary_large_image","twitter_creator":"@lfsevilla","twitter_site":"@lfsevilla","twitter_misc":{"\u00c9crit par":"LFS","Dur\u00e9e de lecture estim\u00e9e":"1 minute"},"schema":{"@context":"https:\/\/schema.org","@graph":[{"@type":"Article","@id":"https:\/\/lfsevilla.com\/fr\/un-groupe-deleves-visite-lexposition-pirates\/#article","isPartOf":{"@id":"https:\/\/lfsevilla.com\/fr\/un-groupe-deleves-visite-lexposition-pirates\/"},"author":{"name":"LFS","@id":"https:\/\/lfsevilla.com\/#\/schema\/person\/ead715d6b1b6b2cb0bb6f7a06675d093"},"headline":"Un groupe d&#8217;\u00e9l\u00e8ves visite l&#8217;exposition &#8220;Pirates&#8221;","datePublished":"2020-10-20T08:24:53+00:00","mainEntityOfPage":{"@id":"https:\/\/lfsevilla.com\/fr\/un-groupe-deleves-visite-lexposition-pirates\/"},"wordCount":205,"publisher":{"@id":"https:\/\/lfsevilla.com\/#organization"},"image":{"@id":"https:\/\/lfsevilla.com\/fr\/un-groupe-deleves-visite-lexposition-pirates\/#primaryimage"},"thumbnailUrl":"https:\/\/lfsevilla.com\/wp-content\/uploads\/2020\/10\/P_20201015_121648.jpg","keywords":["\u00e9cole","Lyc\u00e9e Fran\u00e7ais S\u00e9ville","S\u00e9ville"],"articleSection":["Actualit\u00e9s","Nouvelles"],"inLanguage":"fr-FR"},{"@type":"WebPage","@id":"https:\/\/lfsevilla.com\/fr\/un-groupe-deleves-visite-lexposition-pirates\/","url":"https:\/\/lfsevilla.com\/fr\/un-groupe-deleves-visite-lexposition-pirates\/","name":"Un groupe d'\u00e9l\u00e8ves visite l'exposition \"Pirates\" - Lyc\u00e9e Fran\u00e7ais de S\u00e9ville | Colegio privado biling\u00fce en Sevilla","isPartOf":{"@id":"https:\/\/lfsevilla.com\/#website"},"primaryImageOfPage":{"@id":"https:\/\/lfsevilla.com\/fr\/un-groupe-deleves-visite-lexposition-pirates\/#primaryimage"},"image":{"@id":"https:\/\/lfsevilla.com\/fr\/un-groupe-deleves-visite-lexposition-pirates\/#primaryimage"},"thumbnailUrl":"https:\/\/lfsevilla.com\/wp-content\/uploads\/2020\/10\/P_20201015_121648.jpg","datePublished":"2020-10-20T08:24:53+00:00","breadcrumb":{"@id":"https:\/\/lfsevilla.com\/fr\/un-groupe-deleves-visite-lexposition-pirates\/#breadcrumb"},"inLanguage":"fr-FR","potentialAction":[{"@type":"ReadAction","target":["https:\/\/lfsevilla.com\/fr\/un-groupe-deleves-visite-lexposition-pirates\/"]}]},{"@type":"ImageObject","inLanguage":"fr-FR","@id":"https:\/\/lfsevilla.com\/fr\/un-groupe-deleves-visite-lexposition-pirates\/#primaryimage","url":"https:\/\/lfsevilla.com\/wp-content\/uploads\/2020\/10\/P_20201015_121648.jpg","contentUrl":"https:\/\/lfsevilla.com\/wp-content\/uploads\/2020\/10\/P_20201015_121648.jpg","width":1920,"height":1080},{"@type":"BreadcrumbList","@id":"https:\/\/lfsevilla.com\/fr\/un-groupe-deleves-visite-lexposition-pirates\/#breadcrumb","itemListElement":[{"@type":"ListItem","position":1,"name":"Portada","item":"https:\/\/lfsevilla.com\/fr\/"},{"@type":"ListItem","position":2,"name":"Un groupe d&#8217;\u00e9l\u00e8ves visite l&#8217;exposition &#8220;Pirates&#8221;"}]},{"@type":"WebSite","@id":"https:\/\/lfsevilla.com\/#website","url":"https:\/\/lfsevilla.com\/","name":"Lyc\u00e9e Fran\u00e7ais de S\u00e9ville | Colegio privado internacional triling\u00fce en Sevilla","description":"El Liceo franc\u00e9s de Sevilla ofrece una ense\u00f1anza pluriling\u00fce (ingl\u00e9s, franc\u00e9s y espa\u00f1ol), multicultural y respetuosa con las libertades individuales.","publisher":{"@id":"https:\/\/lfsevilla.com\/#organization"},"potentialAction":[{"@type":"SearchAction","target":{"@type":"EntryPoint","urlTemplate":"https:\/\/lfsevilla.com\/?s={search_term_string}"},"query-input":{"@type":"PropertyValueSpecification","valueRequired":true,"valueName":"search_term_string"}}],"inLanguage":"fr-FR"},{"@type":"Organization","@id":"https:\/\/lfsevilla.com\/#organization","name":"Lyc\u00e9e Fran\u00e7ais International de S\u00e9ville","url":"https:\/\/lfsevilla.com\/","logo":{"@type":"ImageObject","inLanguage":"fr-FR","@id":"https:\/\/lfsevilla.com\/#\/schema\/logo\/image\/","url":"https:\/\/lfsevilla.com\/wp-content\/uploads\/2023\/05\/Logo-Liceo-Frances-de-Sevilla-223x223-1.jpg","contentUrl":"https:\/\/lfsevilla.com\/wp-content\/uploads\/2023\/05\/Logo-Liceo-Frances-de-Sevilla-223x223-1.jpg","width":223,"height":223,"caption":"Lyc\u00e9e Fran\u00e7ais International de S\u00e9ville"},"image":{"@id":"https:\/\/lfsevilla.com\/#\/schema\/logo\/image\/"},"sameAs":["https:\/\/www.facebook.com\/LiceoFrancesSevilla\/","https:\/\/x.com\/lfsevilla","https:\/\/www.linkedin.com\/company\/liceo-francs-internacional-de-sevilla\/","https:\/\/www.instagram.com\/liceofrancessevilla\/","https:\/\/www.youtube.com\/@liceofrancessevilla1124"]},{"@type":"Person","@id":"https:\/\/lfsevilla.com\/#\/schema\/person\/ead715d6b1b6b2cb0bb6f7a06675d093","name":"LFS","image":{"@type":"ImageObject","inLanguage":"fr-FR","@id":"https:\/\/lfsevilla.com\/#\/schema\/person\/image\/","url":"https:\/\/secure.gravatar.com\/avatar\/2b2587b6982746a9eb2cb62bda174a08069748c2251c7ca9b6e683d4aab29597?s=96&d=mm&r=g","contentUrl":"https:\/\/secure.gravatar.com\/avatar\/2b2587b6982746a9eb2cb62bda174a08069748c2251c7ca9b6e683d4aab29597?s=96&d=mm&r=g","caption":"LFS"},"url":"https:\/\/lfsevilla.com\/fr\/author\/weblfsevilla-com\/"}]}},"_links":{"self":[{"href":"https:\/\/lfsevilla.com\/fr\/wp-json\/wp\/v2\/posts\/7858","targetHints":{"allow":["GET"]}}],"collection":[{"href":"https:\/\/lfsevilla.com\/fr\/wp-json\/wp\/v2\/posts"}],"about":[{"href":"https:\/\/lfsevilla.com\/fr\/wp-json\/wp\/v2\/types\/post"}],"author":[{"embeddable":true,"href":"https:\/\/lfsevilla.com\/fr\/wp-json\/wp\/v2\/users\/2"}],"replies":[{"embeddable":true,"href":"https:\/\/lfsevilla.com\/fr\/wp-json\/wp\/v2\/comments?post=7858"}],"version-history":[{"count":1,"href":"https:\/\/lfsevilla.com\/fr\/wp-json\/wp\/v2\/posts\/7858\/revisions"}],"predecessor-version":[{"id":7859,"href":"https:\/\/lfsevilla.com\/fr\/wp-json\/wp\/v2\/posts\/7858\/revisions\/7859"}],"wp:featuredmedia":[{"embeddable":true,"href":"https:\/\/lfsevilla.com\/fr\/wp-json\/wp\/v2\/media\/7852"}],"wp:attachment":[{"href":"https:\/\/lfsevilla.com\/fr\/wp-json\/wp\/v2\/media?parent=7858"}],"wp:term":[{"taxonomy":"category","embeddable":true,"href":"https:\/\/lfsevilla.com\/fr\/wp-json\/wp\/v2\/categories?post=7858"},{"taxonomy":"post_tag","embeddable":true,"href":"https:\/\/lfsevilla.com\/fr\/wp-json\/wp\/v2\/tags?post=7858"}],"curies":[{"name":"wp","href":"https:\/\/api.w.org\/{rel}","templated":true}]}}