{"id":7813,"date":"2020-10-15T11:09:55","date_gmt":"2020-10-15T09:09:55","guid":{"rendered":"https:\/\/lfsevilla.com\/?p=7813"},"modified":"2020-10-15T11:09:55","modified_gmt":"2020-10-15T09:09:55","slug":"projet-sur-legalite-filles-garcons","status":"publish","type":"post","link":"https:\/\/lfsevilla.com\/fr\/projet-sur-legalite-filles-garcons\/","title":{"rendered":"Projet sur l&#8217;\u00e9galit\u00e9 filles-gar\u00e7ons"},"content":{"rendered":"<p>Les \u00e9l\u00e8ves de CE1B-CE2B ont pu \u00e9changer avec la gardienne fran\u00e7aise internationale M\u00e9line G\u00e9rard (qui \u00e9volue actuellement au Betis F\u00e9minas), dans le cadre d&#8217;un projet sur l&#8217;\u00e9galit\u00e9 filles-gar\u00e7ons.<\/p>\n<p>Les \u00e9l\u00e8ves ont chant\u00e9 leur hymne \u00e0 l&#8217;\u00e9galit\u00e9.<\/p>\n<p>Ils ont interrog\u00e9 la joueuse sur les championnats qu&#8217;elle a pu remporter ;<\/p>\n<p><iframe title=\"Proyecto igualdad de g\u00e9nero (I)\" width=\"1080\" height=\"608\" src=\"https:\/\/www.youtube.com\/embed\/A4SVtAzMABM?feature=oembed\" frameborder=\"0\" allow=\"accelerometer; autoplay; clipboard-write; encrypted-media; gyroscope; picture-in-picture\" allowfullscreen><\/iframe><\/p>\n<p>&nbsp;<\/p>\n<p>Les langues qu&#8217;elle utilise au quotidien ;<\/p>\n<p><iframe title=\"Proyecto igualdad de g\u00e9nero (y III)\" width=\"1080\" height=\"608\" src=\"https:\/\/www.youtube.com\/embed\/AFL83snHx6w?feature=oembed\" frameborder=\"0\" allow=\"accelerometer; autoplay; clipboard-write; encrypted-media; gyroscope; picture-in-picture\" allowfullscreen><\/iframe><\/p>\n<p>&nbsp;<\/p>\n<p>La cr\u00e9ation d&#8217;un convenio femenino suite \u00e0 la gr\u00e8ve des joueuses espagnoles l&#8217;an dernier.<\/p>\n<p><iframe title=\"Proyecto igualdad de g\u00e9nero (II)\" width=\"1080\" height=\"608\" src=\"https:\/\/www.youtube.com\/embed\/Df2pqWJ8MQQ?feature=oembed\" frameborder=\"0\" allow=\"accelerometer; autoplay; clipboard-write; encrypted-media; gyroscope; picture-in-picture\" allowfullscreen><\/iframe><\/p>\n<p>&nbsp;<\/p>\n<p>&nbsp;<\/p>\n<p>&nbsp;<\/p>\n","protected":false},"excerpt":{"rendered":"<p>Les \u00e9l\u00e8ves de CE1B-CE2B ont pu \u00e9changer avec la gardienne fran\u00e7aise internationale M\u00e9line G\u00e9rard (qui \u00e9volue actuellement au Betis F\u00e9minas), dans le cadre d&#8217;un projet sur l&#8217;\u00e9galit\u00e9 filles-gar\u00e7ons. Les \u00e9l\u00e8ves ont chant\u00e9 leur hymne \u00e0 l&#8217;\u00e9galit\u00e9. Ils ont interrog\u00e9 la joueuse sur les championnats qu&#8217;elle a pu remporter ; &nbsp; Les langues qu&#8217;elle utilise au [&hellip;]<\/p>\n","protected":false},"author":2,"featured_media":7817,"comment_status":"closed","ping_status":"open","sticky":false,"template":"","format":"standard","meta":{"_et_pb_use_builder":"","_et_pb_old_content":"","_et_gb_content_width":"","footnotes":""},"categories":[48,32],"tags":[263,262],"class_list":["post-7813","post","type-post","status-publish","format-standard","has-post-thumbnail","hentry","category-actualites","category-nouvelles","tag-egalite","tag-lycee-francais-seville"],"yoast_head":"<!-- This site is optimized with the Yoast SEO plugin v27.0 - https:\/\/yoast.com\/product\/yoast-seo-wordpress\/ -->\n<title>Projet sur l&#039;\u00e9galit\u00e9 filles-gar\u00e7ons - Lyc\u00e9e Fran\u00e7ais de S\u00e9ville | Colegio privado biling\u00fce en Sevilla<\/title>\n<meta name=\"robots\" content=\"index, follow, max-snippet:-1, max-image-preview:large, max-video-preview:-1\" \/>\n<link rel=\"canonical\" href=\"https:\/\/lfsevilla.com\/fr\/projet-sur-legalite-filles-garcons\/\" \/>\n<meta property=\"og:locale\" content=\"fr_FR\" \/>\n<meta property=\"og:type\" content=\"article\" \/>\n<meta property=\"og:title\" content=\"Projet sur l&#039;\u00e9galit\u00e9 filles-gar\u00e7ons - Lyc\u00e9e Fran\u00e7ais de S\u00e9ville | Colegio privado biling\u00fce en Sevilla\" \/>\n<meta property=\"og:description\" content=\"Les \u00e9l\u00e8ves de CE1B-CE2B ont pu \u00e9changer avec la gardienne fran\u00e7aise internationale M\u00e9line G\u00e9rard (qui \u00e9volue actuellement au Betis F\u00e9minas), dans le cadre d&#8217;un projet sur l&#8217;\u00e9galit\u00e9 filles-gar\u00e7ons. Les \u00e9l\u00e8ves ont chant\u00e9 leur hymne \u00e0 l&#8217;\u00e9galit\u00e9. Ils ont interrog\u00e9 la joueuse sur les championnats qu&#8217;elle a pu remporter ; &nbsp; Les langues qu&#8217;elle utilise au [&hellip;]\" \/>\n<meta property=\"og:url\" content=\"https:\/\/lfsevilla.com\/fr\/projet-sur-legalite-filles-garcons\/\" \/>\n<meta property=\"og:site_name\" content=\"Lyc\u00e9e Fran\u00e7ais de S\u00e9ville | Colegio privado biling\u00fce en Sevilla\" \/>\n<meta property=\"article:publisher\" content=\"https:\/\/www.facebook.com\/LiceoFrancesSevilla\/\" \/>\n<meta property=\"article:published_time\" content=\"2020-10-15T09:09:55+00:00\" \/>\n<meta property=\"og:image\" content=\"https:\/\/lfsevilla.com\/wp-content\/uploads\/2020\/10\/Captura-de-pantalla-2020-10-15-a-las-11.09.37.png\" \/>\n\t<meta property=\"og:image:width\" content=\"1237\" \/>\n\t<meta property=\"og:image:height\" content=\"581\" \/>\n\t<meta property=\"og:image:type\" content=\"image\/png\" \/>\n<meta name=\"author\" content=\"LFS\" \/>\n<meta name=\"twitter:card\" content=\"summary_large_image\" \/>\n<meta name=\"twitter:creator\" content=\"@lfsevilla\" \/>\n<meta name=\"twitter:site\" content=\"@lfsevilla\" \/>\n<meta name=\"twitter:label1\" content=\"\u00c9crit par\" \/>\n\t<meta name=\"twitter:data1\" content=\"LFS\" \/>\n\t<meta name=\"twitter:label2\" content=\"Dur\u00e9e de lecture estim\u00e9e\" \/>\n\t<meta name=\"twitter:data2\" content=\"1 minute\" \/>\n<script type=\"application\/ld+json\" class=\"yoast-schema-graph\">{\"@context\":\"https:\/\/schema.org\",\"@graph\":[{\"@type\":\"Article\",\"@id\":\"https:\/\/lfsevilla.com\/fr\/projet-sur-legalite-filles-garcons\/#article\",\"isPartOf\":{\"@id\":\"https:\/\/lfsevilla.com\/fr\/projet-sur-legalite-filles-garcons\/\"},\"author\":{\"name\":\"LFS\",\"@id\":\"https:\/\/lfsevilla.com\/#\/schema\/person\/ead715d6b1b6b2cb0bb6f7a06675d093\"},\"headline\":\"Projet sur l&#8217;\u00e9galit\u00e9 filles-gar\u00e7ons\",\"datePublished\":\"2020-10-15T09:09:55+00:00\",\"mainEntityOfPage\":{\"@id\":\"https:\/\/lfsevilla.com\/fr\/projet-sur-legalite-filles-garcons\/\"},\"wordCount\":112,\"publisher\":{\"@id\":\"https:\/\/lfsevilla.com\/#organization\"},\"image\":{\"@id\":\"https:\/\/lfsevilla.com\/fr\/projet-sur-legalite-filles-garcons\/#primaryimage\"},\"thumbnailUrl\":\"https:\/\/lfsevilla.com\/wp-content\/uploads\/2020\/10\/Captura-de-pantalla-2020-10-15-a-las-11.09.37.png\",\"keywords\":[\"\u00e9galit\u00e9\",\"Lyc\u00e9e Fran\u00e7ais S\u00e9ville\"],\"articleSection\":[\"Actualit\u00e9s\",\"Nouvelles\"],\"inLanguage\":\"fr-FR\"},{\"@type\":\"WebPage\",\"@id\":\"https:\/\/lfsevilla.com\/fr\/projet-sur-legalite-filles-garcons\/\",\"url\":\"https:\/\/lfsevilla.com\/fr\/projet-sur-legalite-filles-garcons\/\",\"name\":\"Projet sur l'\u00e9galit\u00e9 filles-gar\u00e7ons - Lyc\u00e9e Fran\u00e7ais de S\u00e9ville | Colegio privado biling\u00fce en Sevilla\",\"isPartOf\":{\"@id\":\"https:\/\/lfsevilla.com\/#website\"},\"primaryImageOfPage\":{\"@id\":\"https:\/\/lfsevilla.com\/fr\/projet-sur-legalite-filles-garcons\/#primaryimage\"},\"image\":{\"@id\":\"https:\/\/lfsevilla.com\/fr\/projet-sur-legalite-filles-garcons\/#primaryimage\"},\"thumbnailUrl\":\"https:\/\/lfsevilla.com\/wp-content\/uploads\/2020\/10\/Captura-de-pantalla-2020-10-15-a-las-11.09.37.png\",\"datePublished\":\"2020-10-15T09:09:55+00:00\",\"breadcrumb\":{\"@id\":\"https:\/\/lfsevilla.com\/fr\/projet-sur-legalite-filles-garcons\/#breadcrumb\"},\"inLanguage\":\"fr-FR\",\"potentialAction\":[{\"@type\":\"ReadAction\",\"target\":[\"https:\/\/lfsevilla.com\/fr\/projet-sur-legalite-filles-garcons\/\"]}]},{\"@type\":\"ImageObject\",\"inLanguage\":\"fr-FR\",\"@id\":\"https:\/\/lfsevilla.com\/fr\/projet-sur-legalite-filles-garcons\/#primaryimage\",\"url\":\"https:\/\/lfsevilla.com\/wp-content\/uploads\/2020\/10\/Captura-de-pantalla-2020-10-15-a-las-11.09.37.png\",\"contentUrl\":\"https:\/\/lfsevilla.com\/wp-content\/uploads\/2020\/10\/Captura-de-pantalla-2020-10-15-a-las-11.09.37.png\",\"width\":1237,\"height\":581},{\"@type\":\"BreadcrumbList\",\"@id\":\"https:\/\/lfsevilla.com\/fr\/projet-sur-legalite-filles-garcons\/#breadcrumb\",\"itemListElement\":[{\"@type\":\"ListItem\",\"position\":1,\"name\":\"Portada\",\"item\":\"https:\/\/lfsevilla.com\/fr\/\"},{\"@type\":\"ListItem\",\"position\":2,\"name\":\"Projet sur l&#8217;\u00e9galit\u00e9 filles-gar\u00e7ons\"}]},{\"@type\":\"WebSite\",\"@id\":\"https:\/\/lfsevilla.com\/#website\",\"url\":\"https:\/\/lfsevilla.com\/\",\"name\":\"Lyc\u00e9e Fran\u00e7ais de S\u00e9ville | Colegio privado internacional triling\u00fce en Sevilla\",\"description\":\"El Liceo franc\u00e9s de Sevilla ofrece una ense\u00f1anza pluriling\u00fce (ingl\u00e9s, franc\u00e9s y espa\u00f1ol), multicultural y respetuosa con las libertades individuales.\",\"publisher\":{\"@id\":\"https:\/\/lfsevilla.com\/#organization\"},\"potentialAction\":[{\"@type\":\"SearchAction\",\"target\":{\"@type\":\"EntryPoint\",\"urlTemplate\":\"https:\/\/lfsevilla.com\/?s={search_term_string}\"},\"query-input\":{\"@type\":\"PropertyValueSpecification\",\"valueRequired\":true,\"valueName\":\"search_term_string\"}}],\"inLanguage\":\"fr-FR\"},{\"@type\":\"Organization\",\"@id\":\"https:\/\/lfsevilla.com\/#organization\",\"name\":\"Lyc\u00e9e Fran\u00e7ais International de S\u00e9ville\",\"url\":\"https:\/\/lfsevilla.com\/\",\"logo\":{\"@type\":\"ImageObject\",\"inLanguage\":\"fr-FR\",\"@id\":\"https:\/\/lfsevilla.com\/#\/schema\/logo\/image\/\",\"url\":\"https:\/\/lfsevilla.com\/wp-content\/uploads\/2023\/05\/Logo-Liceo-Frances-de-Sevilla-223x223-1.jpg\",\"contentUrl\":\"https:\/\/lfsevilla.com\/wp-content\/uploads\/2023\/05\/Logo-Liceo-Frances-de-Sevilla-223x223-1.jpg\",\"width\":223,\"height\":223,\"caption\":\"Lyc\u00e9e Fran\u00e7ais International de S\u00e9ville\"},\"image\":{\"@id\":\"https:\/\/lfsevilla.com\/#\/schema\/logo\/image\/\"},\"sameAs\":[\"https:\/\/www.facebook.com\/LiceoFrancesSevilla\/\",\"https:\/\/x.com\/lfsevilla\",\"https:\/\/www.linkedin.com\/company\/liceo-francs-internacional-de-sevilla\/\",\"https:\/\/www.instagram.com\/liceofrancessevilla\/\",\"https:\/\/www.youtube.com\/@liceofrancessevilla1124\"]},{\"@type\":\"Person\",\"@id\":\"https:\/\/lfsevilla.com\/#\/schema\/person\/ead715d6b1b6b2cb0bb6f7a06675d093\",\"name\":\"LFS\",\"image\":{\"@type\":\"ImageObject\",\"inLanguage\":\"fr-FR\",\"@id\":\"https:\/\/lfsevilla.com\/#\/schema\/person\/image\/\",\"url\":\"https:\/\/secure.gravatar.com\/avatar\/2b2587b6982746a9eb2cb62bda174a08069748c2251c7ca9b6e683d4aab29597?s=96&d=mm&r=g\",\"contentUrl\":\"https:\/\/secure.gravatar.com\/avatar\/2b2587b6982746a9eb2cb62bda174a08069748c2251c7ca9b6e683d4aab29597?s=96&d=mm&r=g\",\"caption\":\"LFS\"},\"url\":\"https:\/\/lfsevilla.com\/fr\/author\/weblfsevilla-com\/\"}]}<\/script>\n<!-- \/ Yoast SEO plugin. -->","yoast_head_json":{"title":"Projet sur l'\u00e9galit\u00e9 filles-gar\u00e7ons - Lyc\u00e9e Fran\u00e7ais de S\u00e9ville | Colegio privado biling\u00fce en Sevilla","robots":{"index":"index","follow":"follow","max-snippet":"max-snippet:-1","max-image-preview":"max-image-preview:large","max-video-preview":"max-video-preview:-1"},"canonical":"https:\/\/lfsevilla.com\/fr\/projet-sur-legalite-filles-garcons\/","og_locale":"fr_FR","og_type":"article","og_title":"Projet sur l'\u00e9galit\u00e9 filles-gar\u00e7ons - Lyc\u00e9e Fran\u00e7ais de S\u00e9ville | Colegio privado biling\u00fce en Sevilla","og_description":"Les \u00e9l\u00e8ves de CE1B-CE2B ont pu \u00e9changer avec la gardienne fran\u00e7aise internationale M\u00e9line G\u00e9rard (qui \u00e9volue actuellement au Betis F\u00e9minas), dans le cadre d&#8217;un projet sur l&#8217;\u00e9galit\u00e9 filles-gar\u00e7ons. Les \u00e9l\u00e8ves ont chant\u00e9 leur hymne \u00e0 l&#8217;\u00e9galit\u00e9. Ils ont interrog\u00e9 la joueuse sur les championnats qu&#8217;elle a pu remporter ; &nbsp; Les langues qu&#8217;elle utilise au [&hellip;]","og_url":"https:\/\/lfsevilla.com\/fr\/projet-sur-legalite-filles-garcons\/","og_site_name":"Lyc\u00e9e Fran\u00e7ais de S\u00e9ville | Colegio privado biling\u00fce en Sevilla","article_publisher":"https:\/\/www.facebook.com\/LiceoFrancesSevilla\/","article_published_time":"2020-10-15T09:09:55+00:00","og_image":[{"width":1237,"height":581,"url":"https:\/\/lfsevilla.com\/wp-content\/uploads\/2020\/10\/Captura-de-pantalla-2020-10-15-a-las-11.09.37.png","type":"image\/png"}],"author":"LFS","twitter_card":"summary_large_image","twitter_creator":"@lfsevilla","twitter_site":"@lfsevilla","twitter_misc":{"\u00c9crit par":"LFS","Dur\u00e9e de lecture estim\u00e9e":"1 minute"},"schema":{"@context":"https:\/\/schema.org","@graph":[{"@type":"Article","@id":"https:\/\/lfsevilla.com\/fr\/projet-sur-legalite-filles-garcons\/#article","isPartOf":{"@id":"https:\/\/lfsevilla.com\/fr\/projet-sur-legalite-filles-garcons\/"},"author":{"name":"LFS","@id":"https:\/\/lfsevilla.com\/#\/schema\/person\/ead715d6b1b6b2cb0bb6f7a06675d093"},"headline":"Projet sur l&#8217;\u00e9galit\u00e9 filles-gar\u00e7ons","datePublished":"2020-10-15T09:09:55+00:00","mainEntityOfPage":{"@id":"https:\/\/lfsevilla.com\/fr\/projet-sur-legalite-filles-garcons\/"},"wordCount":112,"publisher":{"@id":"https:\/\/lfsevilla.com\/#organization"},"image":{"@id":"https:\/\/lfsevilla.com\/fr\/projet-sur-legalite-filles-garcons\/#primaryimage"},"thumbnailUrl":"https:\/\/lfsevilla.com\/wp-content\/uploads\/2020\/10\/Captura-de-pantalla-2020-10-15-a-las-11.09.37.png","keywords":["\u00e9galit\u00e9","Lyc\u00e9e Fran\u00e7ais S\u00e9ville"],"articleSection":["Actualit\u00e9s","Nouvelles"],"inLanguage":"fr-FR"},{"@type":"WebPage","@id":"https:\/\/lfsevilla.com\/fr\/projet-sur-legalite-filles-garcons\/","url":"https:\/\/lfsevilla.com\/fr\/projet-sur-legalite-filles-garcons\/","name":"Projet sur l'\u00e9galit\u00e9 filles-gar\u00e7ons - Lyc\u00e9e Fran\u00e7ais de S\u00e9ville | Colegio privado biling\u00fce en Sevilla","isPartOf":{"@id":"https:\/\/lfsevilla.com\/#website"},"primaryImageOfPage":{"@id":"https:\/\/lfsevilla.com\/fr\/projet-sur-legalite-filles-garcons\/#primaryimage"},"image":{"@id":"https:\/\/lfsevilla.com\/fr\/projet-sur-legalite-filles-garcons\/#primaryimage"},"thumbnailUrl":"https:\/\/lfsevilla.com\/wp-content\/uploads\/2020\/10\/Captura-de-pantalla-2020-10-15-a-las-11.09.37.png","datePublished":"2020-10-15T09:09:55+00:00","breadcrumb":{"@id":"https:\/\/lfsevilla.com\/fr\/projet-sur-legalite-filles-garcons\/#breadcrumb"},"inLanguage":"fr-FR","potentialAction":[{"@type":"ReadAction","target":["https:\/\/lfsevilla.com\/fr\/projet-sur-legalite-filles-garcons\/"]}]},{"@type":"ImageObject","inLanguage":"fr-FR","@id":"https:\/\/lfsevilla.com\/fr\/projet-sur-legalite-filles-garcons\/#primaryimage","url":"https:\/\/lfsevilla.com\/wp-content\/uploads\/2020\/10\/Captura-de-pantalla-2020-10-15-a-las-11.09.37.png","contentUrl":"https:\/\/lfsevilla.com\/wp-content\/uploads\/2020\/10\/Captura-de-pantalla-2020-10-15-a-las-11.09.37.png","width":1237,"height":581},{"@type":"BreadcrumbList","@id":"https:\/\/lfsevilla.com\/fr\/projet-sur-legalite-filles-garcons\/#breadcrumb","itemListElement":[{"@type":"ListItem","position":1,"name":"Portada","item":"https:\/\/lfsevilla.com\/fr\/"},{"@type":"ListItem","position":2,"name":"Projet sur l&#8217;\u00e9galit\u00e9 filles-gar\u00e7ons"}]},{"@type":"WebSite","@id":"https:\/\/lfsevilla.com\/#website","url":"https:\/\/lfsevilla.com\/","name":"Lyc\u00e9e Fran\u00e7ais de S\u00e9ville | Colegio privado internacional triling\u00fce en Sevilla","description":"El Liceo franc\u00e9s de Sevilla ofrece una ense\u00f1anza pluriling\u00fce (ingl\u00e9s, franc\u00e9s y espa\u00f1ol), multicultural y respetuosa con las libertades individuales.","publisher":{"@id":"https:\/\/lfsevilla.com\/#organization"},"potentialAction":[{"@type":"SearchAction","target":{"@type":"EntryPoint","urlTemplate":"https:\/\/lfsevilla.com\/?s={search_term_string}"},"query-input":{"@type":"PropertyValueSpecification","valueRequired":true,"valueName":"search_term_string"}}],"inLanguage":"fr-FR"},{"@type":"Organization","@id":"https:\/\/lfsevilla.com\/#organization","name":"Lyc\u00e9e Fran\u00e7ais International de S\u00e9ville","url":"https:\/\/lfsevilla.com\/","logo":{"@type":"ImageObject","inLanguage":"fr-FR","@id":"https:\/\/lfsevilla.com\/#\/schema\/logo\/image\/","url":"https:\/\/lfsevilla.com\/wp-content\/uploads\/2023\/05\/Logo-Liceo-Frances-de-Sevilla-223x223-1.jpg","contentUrl":"https:\/\/lfsevilla.com\/wp-content\/uploads\/2023\/05\/Logo-Liceo-Frances-de-Sevilla-223x223-1.jpg","width":223,"height":223,"caption":"Lyc\u00e9e Fran\u00e7ais International de S\u00e9ville"},"image":{"@id":"https:\/\/lfsevilla.com\/#\/schema\/logo\/image\/"},"sameAs":["https:\/\/www.facebook.com\/LiceoFrancesSevilla\/","https:\/\/x.com\/lfsevilla","https:\/\/www.linkedin.com\/company\/liceo-francs-internacional-de-sevilla\/","https:\/\/www.instagram.com\/liceofrancessevilla\/","https:\/\/www.youtube.com\/@liceofrancessevilla1124"]},{"@type":"Person","@id":"https:\/\/lfsevilla.com\/#\/schema\/person\/ead715d6b1b6b2cb0bb6f7a06675d093","name":"LFS","image":{"@type":"ImageObject","inLanguage":"fr-FR","@id":"https:\/\/lfsevilla.com\/#\/schema\/person\/image\/","url":"https:\/\/secure.gravatar.com\/avatar\/2b2587b6982746a9eb2cb62bda174a08069748c2251c7ca9b6e683d4aab29597?s=96&d=mm&r=g","contentUrl":"https:\/\/secure.gravatar.com\/avatar\/2b2587b6982746a9eb2cb62bda174a08069748c2251c7ca9b6e683d4aab29597?s=96&d=mm&r=g","caption":"LFS"},"url":"https:\/\/lfsevilla.com\/fr\/author\/weblfsevilla-com\/"}]}},"_links":{"self":[{"href":"https:\/\/lfsevilla.com\/fr\/wp-json\/wp\/v2\/posts\/7813","targetHints":{"allow":["GET"]}}],"collection":[{"href":"https:\/\/lfsevilla.com\/fr\/wp-json\/wp\/v2\/posts"}],"about":[{"href":"https:\/\/lfsevilla.com\/fr\/wp-json\/wp\/v2\/types\/post"}],"author":[{"embeddable":true,"href":"https:\/\/lfsevilla.com\/fr\/wp-json\/wp\/v2\/users\/2"}],"replies":[{"embeddable":true,"href":"https:\/\/lfsevilla.com\/fr\/wp-json\/wp\/v2\/comments?post=7813"}],"version-history":[{"count":1,"href":"https:\/\/lfsevilla.com\/fr\/wp-json\/wp\/v2\/posts\/7813\/revisions"}],"predecessor-version":[{"id":7819,"href":"https:\/\/lfsevilla.com\/fr\/wp-json\/wp\/v2\/posts\/7813\/revisions\/7819"}],"wp:featuredmedia":[{"embeddable":true,"href":"https:\/\/lfsevilla.com\/fr\/wp-json\/wp\/v2\/media\/7817"}],"wp:attachment":[{"href":"https:\/\/lfsevilla.com\/fr\/wp-json\/wp\/v2\/media?parent=7813"}],"wp:term":[{"taxonomy":"category","embeddable":true,"href":"https:\/\/lfsevilla.com\/fr\/wp-json\/wp\/v2\/categories?post=7813"},{"taxonomy":"post_tag","embeddable":true,"href":"https:\/\/lfsevilla.com\/fr\/wp-json\/wp\/v2\/tags?post=7813"}],"curies":[{"name":"wp","href":"https:\/\/api.w.org\/{rel}","templated":true}]}}