{"id":5175,"date":"2019-06-06T11:34:38","date_gmt":"2019-06-06T09:34:38","guid":{"rendered":"https:\/\/lfsevilla.com\/?p=5175"},"modified":"2019-06-06T11:34:38","modified_gmt":"2019-06-06T09:34:38","slug":"les-gagnants-du-prix-andalucine-a-la-webradio","status":"publish","type":"post","link":"https:\/\/lfsevilla.com\/fr\/les-gagnants-du-prix-andalucine-a-la-webradio\/","title":{"rendered":"Les gagnants du prix Andalucine \u00e0 la Webradio"},"content":{"rendered":"<div>Dans cette \u00e9mission, les gagnants du premier prix du concours organis\u00e9 par la CEAR, nous racontent leur exp\u00e9rience. En plus, la coordinatrice du projet, Ludivine Mimar, nous donne son point de vue sur l&#8217;exp\u00e9rience.<\/div>\n<div><\/div>\n<div><\/div>\n<div>\n<!--[if lt IE 9]><script>document.createElement('audio');<\/script><![endif]-->\n<audio class=\"wp-audio-shortcode\" id=\"audio-5175-1\" preload=\"none\" style=\"width: 100%;\" controls=\"controls\"><source type=\"audio\/mpeg\" src=\"https:\/\/lfsevilla.com\/wp-content\/uploads\/2019\/06\/5e-sp\u00e9ciale.mp3?_=1\" \/><a href=\"https:\/\/lfsevilla.com\/wp-content\/uploads\/2019\/06\/5e-sp\u00e9ciale.mp3\">https:\/\/lfsevilla.com\/wp-content\/uploads\/2019\/06\/5e-sp\u00e9ciale.mp3<\/a><\/audio>\n<p>&nbsp;<\/p>\n<\/div>\n<div>\n\n\t\t<style type=\"text\/css\">\n\t\t\t#gallery-1 {\n\t\t\t\tmargin: auto;\n\t\t\t}\n\t\t\t#gallery-1 .gallery-item {\n\t\t\t\tfloat: left;\n\t\t\t\tmargin-top: 10px;\n\t\t\t\ttext-align: center;\n\t\t\t\twidth: 20%;\n\t\t\t}\n\t\t\t#gallery-1 img {\n\t\t\t\tborder: 2px solid #cfcfcf;\n\t\t\t}\n\t\t\t#gallery-1 .gallery-caption {\n\t\t\t\tmargin-left: 0;\n\t\t\t}\n\t\t\t\/* see gallery_shortcode() in wp-includes\/media.php *\/\n\t\t<\/style>\n\t\t<div id='gallery-1' class='gallery galleryid-5175 gallery-columns-5 gallery-size-thumbnail'><dl class='gallery-item'>\n\t\t\t<dt class='gallery-icon portrait'>\n\t\t\t\t<a href='https:\/\/lfsevilla.com\/wp-content\/uploads\/2019\/06\/5\u00c8ME-CORTOS-CEAR20190604_160310-e1559813552965.jpg'><img decoding=\"async\" width=\"150\" height=\"150\" src=\"https:\/\/lfsevilla.com\/wp-content\/uploads\/2019\/06\/5\u00c8ME-CORTOS-CEAR20190604_160310-e1559813552965-150x150.jpg\" class=\"attachment-thumbnail size-thumbnail\" alt=\"\" \/><\/a>\n\t\t\t<\/dt><\/dl><dl class='gallery-item'>\n\t\t\t<dt class='gallery-icon landscape'>\n\t\t\t\t<a href='https:\/\/lfsevilla.com\/wp-content\/uploads\/2019\/06\/5\u00c8ME-CORTOS-CEAR20190604_160155.jpg'><img decoding=\"async\" width=\"150\" height=\"150\" src=\"https:\/\/lfsevilla.com\/wp-content\/uploads\/2019\/06\/5\u00c8ME-CORTOS-CEAR20190604_160155-150x150.jpg\" class=\"attachment-thumbnail size-thumbnail\" alt=\"\" \/><\/a>\n\t\t\t<\/dt><\/dl><dl class='gallery-item'>\n\t\t\t<dt class='gallery-icon portrait'>\n\t\t\t\t<a href='https:\/\/lfsevilla.com\/wp-content\/uploads\/2019\/06\/5\u00c8ME-CORTOS-CEAR20190604_160132-e1559813576620.jpg'><img decoding=\"async\" width=\"150\" height=\"150\" src=\"https:\/\/lfsevilla.com\/wp-content\/uploads\/2019\/06\/5\u00c8ME-CORTOS-CEAR20190604_160132-e1559813576620-150x150.jpg\" class=\"attachment-thumbnail size-thumbnail\" alt=\"\" \/><\/a>\n\t\t\t<\/dt><\/dl><dl class='gallery-item'>\n\t\t\t<dt class='gallery-icon portrait'>\n\t\t\t\t<a href='https:\/\/lfsevilla.com\/wp-content\/uploads\/2019\/06\/5\u00c8ME-CORTOS-CEAR20190604_160036-e1559813624668.jpg'><img decoding=\"async\" width=\"150\" height=\"150\" src=\"https:\/\/lfsevilla.com\/wp-content\/uploads\/2019\/06\/5\u00c8ME-CORTOS-CEAR20190604_160036-e1559813624668-150x150.jpg\" class=\"attachment-thumbnail size-thumbnail\" alt=\"\" \/><\/a>\n\t\t\t<\/dt><\/dl><dl class='gallery-item'>\n\t\t\t<dt class='gallery-icon portrait'>\n\t\t\t\t<a href='https:\/\/lfsevilla.com\/wp-content\/uploads\/2019\/06\/5\u00c8ME-CORTOS-CEAR20190604_155548-e1559813643166.jpg'><img decoding=\"async\" width=\"150\" height=\"150\" src=\"https:\/\/lfsevilla.com\/wp-content\/uploads\/2019\/06\/5\u00c8ME-CORTOS-CEAR20190604_155548-e1559813643166-150x150.jpg\" class=\"attachment-thumbnail size-thumbnail\" alt=\"\" \/><\/a>\n\t\t\t<\/dt><\/dl><br style=\"clear: both\" \/>\n\t\t<\/div>\n\n<\/div>\n<div><\/div>\n<p>&nbsp;<\/p>\n","protected":false},"excerpt":{"rendered":"<p>Dans cette \u00e9mission, les gagnants du premier prix du concours organis\u00e9 par la CEAR, nous racontent leur exp\u00e9rience. En plus, la coordinatrice du projet, Ludivine Mimar, nous donne son point de vue sur l&#8217;exp\u00e9rience. &nbsp; &nbsp;<\/p>\n","protected":false},"author":2,"featured_media":5170,"comment_status":"open","ping_status":"open","sticky":false,"template":"","format":"standard","meta":{"_et_pb_use_builder":"","_et_pb_old_content":"","_et_gb_content_width":"","footnotes":""},"categories":[48,32,61],"tags":[],"class_list":["post-5175","post","type-post","status-publish","format-standard","has-post-thumbnail","hentry","category-actualites","category-nouvelles","category-webradio-fr"],"yoast_head":"<!-- This site is optimized with the Yoast SEO plugin v27.0 - https:\/\/yoast.com\/product\/yoast-seo-wordpress\/ -->\n<title>Les gagnants du prix Andalucine \u00e0 la Webradio - Lyc\u00e9e Fran\u00e7ais de S\u00e9ville | Colegio privado biling\u00fce en Sevilla<\/title>\n<meta name=\"robots\" content=\"index, follow, max-snippet:-1, max-image-preview:large, max-video-preview:-1\" \/>\n<link rel=\"canonical\" href=\"https:\/\/lfsevilla.com\/fr\/les-gagnants-du-prix-andalucine-a-la-webradio\/\" \/>\n<meta property=\"og:locale\" content=\"fr_FR\" \/>\n<meta property=\"og:type\" content=\"article\" \/>\n<meta property=\"og:title\" content=\"Les gagnants du prix Andalucine \u00e0 la Webradio - Lyc\u00e9e Fran\u00e7ais de S\u00e9ville | Colegio privado biling\u00fce en Sevilla\" \/>\n<meta property=\"og:description\" content=\"Dans cette \u00e9mission, les gagnants du premier prix du concours organis\u00e9 par la CEAR, nous racontent leur exp\u00e9rience. En plus, la coordinatrice du projet, Ludivine Mimar, nous donne son point de vue sur l&#8217;exp\u00e9rience. &nbsp; &nbsp;\" \/>\n<meta property=\"og:url\" content=\"https:\/\/lfsevilla.com\/fr\/les-gagnants-du-prix-andalucine-a-la-webradio\/\" \/>\n<meta property=\"og:site_name\" content=\"Lyc\u00e9e Fran\u00e7ais de S\u00e9ville | Colegio privado biling\u00fce en Sevilla\" \/>\n<meta property=\"article:publisher\" content=\"https:\/\/www.facebook.com\/LiceoFrancesSevilla\/\" \/>\n<meta property=\"article:published_time\" content=\"2019-06-06T09:34:38+00:00\" \/>\n<meta property=\"og:image\" content=\"https:\/\/lfsevilla.com\/wp-content\/uploads\/2019\/06\/5\u00c8ME-CORTOS-CEAR20190604_160155-1024x768.jpg\" \/>\n\t<meta property=\"og:image:width\" content=\"1024\" \/>\n\t<meta property=\"og:image:height\" content=\"768\" \/>\n\t<meta property=\"og:image:type\" content=\"image\/jpeg\" \/>\n<meta name=\"author\" content=\"LFS\" \/>\n<meta name=\"twitter:card\" content=\"summary_large_image\" \/>\n<meta name=\"twitter:creator\" content=\"@lfsevilla\" \/>\n<meta name=\"twitter:site\" content=\"@lfsevilla\" \/>\n<meta name=\"twitter:label1\" content=\"\u00c9crit par\" \/>\n\t<meta name=\"twitter:data1\" content=\"LFS\" \/>\n<script type=\"application\/ld+json\" class=\"yoast-schema-graph\">{\"@context\":\"https:\/\/schema.org\",\"@graph\":[{\"@type\":\"Article\",\"@id\":\"https:\/\/lfsevilla.com\/fr\/les-gagnants-du-prix-andalucine-a-la-webradio\/#article\",\"isPartOf\":{\"@id\":\"https:\/\/lfsevilla.com\/fr\/les-gagnants-du-prix-andalucine-a-la-webradio\/\"},\"author\":{\"name\":\"LFS\",\"@id\":\"https:\/\/lfsevilla.com\/#\/schema\/person\/ead715d6b1b6b2cb0bb6f7a06675d093\"},\"headline\":\"Les gagnants du prix Andalucine \u00e0 la Webradio\",\"datePublished\":\"2019-06-06T09:34:38+00:00\",\"mainEntityOfPage\":{\"@id\":\"https:\/\/lfsevilla.com\/fr\/les-gagnants-du-prix-andalucine-a-la-webradio\/\"},\"wordCount\":62,\"commentCount\":0,\"publisher\":{\"@id\":\"https:\/\/lfsevilla.com\/#organization\"},\"image\":{\"@id\":\"https:\/\/lfsevilla.com\/fr\/les-gagnants-du-prix-andalucine-a-la-webradio\/#primaryimage\"},\"thumbnailUrl\":\"https:\/\/lfsevilla.com\/wp-content\/uploads\/2019\/06\/5\u00c8ME-CORTOS-CEAR20190604_160155.jpg\",\"articleSection\":[\"Actualit\u00e9s\",\"Nouvelles\",\"webradio\"],\"inLanguage\":\"fr-FR\",\"potentialAction\":[{\"@type\":\"CommentAction\",\"name\":\"Comment\",\"target\":[\"https:\/\/lfsevilla.com\/fr\/les-gagnants-du-prix-andalucine-a-la-webradio\/#respond\"]}]},{\"@type\":\"WebPage\",\"@id\":\"https:\/\/lfsevilla.com\/fr\/les-gagnants-du-prix-andalucine-a-la-webradio\/\",\"url\":\"https:\/\/lfsevilla.com\/fr\/les-gagnants-du-prix-andalucine-a-la-webradio\/\",\"name\":\"Les gagnants du prix Andalucine \u00e0 la Webradio - Lyc\u00e9e Fran\u00e7ais de S\u00e9ville | Colegio privado biling\u00fce en Sevilla\",\"isPartOf\":{\"@id\":\"https:\/\/lfsevilla.com\/#website\"},\"primaryImageOfPage\":{\"@id\":\"https:\/\/lfsevilla.com\/fr\/les-gagnants-du-prix-andalucine-a-la-webradio\/#primaryimage\"},\"image\":{\"@id\":\"https:\/\/lfsevilla.com\/fr\/les-gagnants-du-prix-andalucine-a-la-webradio\/#primaryimage\"},\"thumbnailUrl\":\"https:\/\/lfsevilla.com\/wp-content\/uploads\/2019\/06\/5\u00c8ME-CORTOS-CEAR20190604_160155.jpg\",\"datePublished\":\"2019-06-06T09:34:38+00:00\",\"breadcrumb\":{\"@id\":\"https:\/\/lfsevilla.com\/fr\/les-gagnants-du-prix-andalucine-a-la-webradio\/#breadcrumb\"},\"inLanguage\":\"fr-FR\",\"potentialAction\":[{\"@type\":\"ReadAction\",\"target\":[\"https:\/\/lfsevilla.com\/fr\/les-gagnants-du-prix-andalucine-a-la-webradio\/\"]}]},{\"@type\":\"ImageObject\",\"inLanguage\":\"fr-FR\",\"@id\":\"https:\/\/lfsevilla.com\/fr\/les-gagnants-du-prix-andalucine-a-la-webradio\/#primaryimage\",\"url\":\"https:\/\/lfsevilla.com\/wp-content\/uploads\/2019\/06\/5\u00c8ME-CORTOS-CEAR20190604_160155.jpg\",\"contentUrl\":\"https:\/\/lfsevilla.com\/wp-content\/uploads\/2019\/06\/5\u00c8ME-CORTOS-CEAR20190604_160155.jpg\",\"width\":4128,\"height\":3096},{\"@type\":\"BreadcrumbList\",\"@id\":\"https:\/\/lfsevilla.com\/fr\/les-gagnants-du-prix-andalucine-a-la-webradio\/#breadcrumb\",\"itemListElement\":[{\"@type\":\"ListItem\",\"position\":1,\"name\":\"Portada\",\"item\":\"https:\/\/lfsevilla.com\/fr\/\"},{\"@type\":\"ListItem\",\"position\":2,\"name\":\"Les gagnants du prix Andalucine \u00e0 la Webradio\"}]},{\"@type\":\"WebSite\",\"@id\":\"https:\/\/lfsevilla.com\/#website\",\"url\":\"https:\/\/lfsevilla.com\/\",\"name\":\"Lyc\u00e9e Fran\u00e7ais de S\u00e9ville | Colegio privado internacional triling\u00fce en Sevilla\",\"description\":\"El Liceo franc\u00e9s de Sevilla ofrece una ense\u00f1anza pluriling\u00fce (ingl\u00e9s, franc\u00e9s y espa\u00f1ol), multicultural y respetuosa con las libertades individuales.\",\"publisher\":{\"@id\":\"https:\/\/lfsevilla.com\/#organization\"},\"potentialAction\":[{\"@type\":\"SearchAction\",\"target\":{\"@type\":\"EntryPoint\",\"urlTemplate\":\"https:\/\/lfsevilla.com\/?s={search_term_string}\"},\"query-input\":{\"@type\":\"PropertyValueSpecification\",\"valueRequired\":true,\"valueName\":\"search_term_string\"}}],\"inLanguage\":\"fr-FR\"},{\"@type\":\"Organization\",\"@id\":\"https:\/\/lfsevilla.com\/#organization\",\"name\":\"Lyc\u00e9e Fran\u00e7ais International de S\u00e9ville\",\"url\":\"https:\/\/lfsevilla.com\/\",\"logo\":{\"@type\":\"ImageObject\",\"inLanguage\":\"fr-FR\",\"@id\":\"https:\/\/lfsevilla.com\/#\/schema\/logo\/image\/\",\"url\":\"https:\/\/lfsevilla.com\/wp-content\/uploads\/2023\/05\/Logo-Liceo-Frances-de-Sevilla-223x223-1.jpg\",\"contentUrl\":\"https:\/\/lfsevilla.com\/wp-content\/uploads\/2023\/05\/Logo-Liceo-Frances-de-Sevilla-223x223-1.jpg\",\"width\":223,\"height\":223,\"caption\":\"Lyc\u00e9e Fran\u00e7ais International de S\u00e9ville\"},\"image\":{\"@id\":\"https:\/\/lfsevilla.com\/#\/schema\/logo\/image\/\"},\"sameAs\":[\"https:\/\/www.facebook.com\/LiceoFrancesSevilla\/\",\"https:\/\/x.com\/lfsevilla\",\"https:\/\/www.linkedin.com\/company\/liceo-francs-internacional-de-sevilla\/\",\"https:\/\/www.instagram.com\/liceofrancessevilla\/\",\"https:\/\/www.youtube.com\/@liceofrancessevilla1124\"]},{\"@type\":\"Person\",\"@id\":\"https:\/\/lfsevilla.com\/#\/schema\/person\/ead715d6b1b6b2cb0bb6f7a06675d093\",\"name\":\"LFS\",\"image\":{\"@type\":\"ImageObject\",\"inLanguage\":\"fr-FR\",\"@id\":\"https:\/\/lfsevilla.com\/#\/schema\/person\/image\/\",\"url\":\"https:\/\/secure.gravatar.com\/avatar\/2b2587b6982746a9eb2cb62bda174a08069748c2251c7ca9b6e683d4aab29597?s=96&d=mm&r=g\",\"contentUrl\":\"https:\/\/secure.gravatar.com\/avatar\/2b2587b6982746a9eb2cb62bda174a08069748c2251c7ca9b6e683d4aab29597?s=96&d=mm&r=g\",\"caption\":\"LFS\"},\"url\":\"https:\/\/lfsevilla.com\/fr\/author\/weblfsevilla-com\/\"}]}<\/script>\n<!-- \/ Yoast SEO plugin. -->","yoast_head_json":{"title":"Les gagnants du prix Andalucine \u00e0 la Webradio - Lyc\u00e9e Fran\u00e7ais de S\u00e9ville | Colegio privado biling\u00fce en Sevilla","robots":{"index":"index","follow":"follow","max-snippet":"max-snippet:-1","max-image-preview":"max-image-preview:large","max-video-preview":"max-video-preview:-1"},"canonical":"https:\/\/lfsevilla.com\/fr\/les-gagnants-du-prix-andalucine-a-la-webradio\/","og_locale":"fr_FR","og_type":"article","og_title":"Les gagnants du prix Andalucine \u00e0 la Webradio - Lyc\u00e9e Fran\u00e7ais de S\u00e9ville | Colegio privado biling\u00fce en Sevilla","og_description":"Dans cette \u00e9mission, les gagnants du premier prix du concours organis\u00e9 par la CEAR, nous racontent leur exp\u00e9rience. En plus, la coordinatrice du projet, Ludivine Mimar, nous donne son point de vue sur l&#8217;exp\u00e9rience. &nbsp; &nbsp;","og_url":"https:\/\/lfsevilla.com\/fr\/les-gagnants-du-prix-andalucine-a-la-webradio\/","og_site_name":"Lyc\u00e9e Fran\u00e7ais de S\u00e9ville | Colegio privado biling\u00fce en Sevilla","article_publisher":"https:\/\/www.facebook.com\/LiceoFrancesSevilla\/","article_published_time":"2019-06-06T09:34:38+00:00","og_image":[{"width":1024,"height":768,"url":"https:\/\/lfsevilla.com\/wp-content\/uploads\/2019\/06\/5\u00c8ME-CORTOS-CEAR20190604_160155-1024x768.jpg","type":"image\/jpeg"}],"author":"LFS","twitter_card":"summary_large_image","twitter_creator":"@lfsevilla","twitter_site":"@lfsevilla","twitter_misc":{"\u00c9crit par":"LFS"},"schema":{"@context":"https:\/\/schema.org","@graph":[{"@type":"Article","@id":"https:\/\/lfsevilla.com\/fr\/les-gagnants-du-prix-andalucine-a-la-webradio\/#article","isPartOf":{"@id":"https:\/\/lfsevilla.com\/fr\/les-gagnants-du-prix-andalucine-a-la-webradio\/"},"author":{"name":"LFS","@id":"https:\/\/lfsevilla.com\/#\/schema\/person\/ead715d6b1b6b2cb0bb6f7a06675d093"},"headline":"Les gagnants du prix Andalucine \u00e0 la Webradio","datePublished":"2019-06-06T09:34:38+00:00","mainEntityOfPage":{"@id":"https:\/\/lfsevilla.com\/fr\/les-gagnants-du-prix-andalucine-a-la-webradio\/"},"wordCount":62,"commentCount":0,"publisher":{"@id":"https:\/\/lfsevilla.com\/#organization"},"image":{"@id":"https:\/\/lfsevilla.com\/fr\/les-gagnants-du-prix-andalucine-a-la-webradio\/#primaryimage"},"thumbnailUrl":"https:\/\/lfsevilla.com\/wp-content\/uploads\/2019\/06\/5\u00c8ME-CORTOS-CEAR20190604_160155.jpg","articleSection":["Actualit\u00e9s","Nouvelles","webradio"],"inLanguage":"fr-FR","potentialAction":[{"@type":"CommentAction","name":"Comment","target":["https:\/\/lfsevilla.com\/fr\/les-gagnants-du-prix-andalucine-a-la-webradio\/#respond"]}]},{"@type":"WebPage","@id":"https:\/\/lfsevilla.com\/fr\/les-gagnants-du-prix-andalucine-a-la-webradio\/","url":"https:\/\/lfsevilla.com\/fr\/les-gagnants-du-prix-andalucine-a-la-webradio\/","name":"Les gagnants du prix Andalucine \u00e0 la Webradio - Lyc\u00e9e Fran\u00e7ais de S\u00e9ville | Colegio privado biling\u00fce en Sevilla","isPartOf":{"@id":"https:\/\/lfsevilla.com\/#website"},"primaryImageOfPage":{"@id":"https:\/\/lfsevilla.com\/fr\/les-gagnants-du-prix-andalucine-a-la-webradio\/#primaryimage"},"image":{"@id":"https:\/\/lfsevilla.com\/fr\/les-gagnants-du-prix-andalucine-a-la-webradio\/#primaryimage"},"thumbnailUrl":"https:\/\/lfsevilla.com\/wp-content\/uploads\/2019\/06\/5\u00c8ME-CORTOS-CEAR20190604_160155.jpg","datePublished":"2019-06-06T09:34:38+00:00","breadcrumb":{"@id":"https:\/\/lfsevilla.com\/fr\/les-gagnants-du-prix-andalucine-a-la-webradio\/#breadcrumb"},"inLanguage":"fr-FR","potentialAction":[{"@type":"ReadAction","target":["https:\/\/lfsevilla.com\/fr\/les-gagnants-du-prix-andalucine-a-la-webradio\/"]}]},{"@type":"ImageObject","inLanguage":"fr-FR","@id":"https:\/\/lfsevilla.com\/fr\/les-gagnants-du-prix-andalucine-a-la-webradio\/#primaryimage","url":"https:\/\/lfsevilla.com\/wp-content\/uploads\/2019\/06\/5\u00c8ME-CORTOS-CEAR20190604_160155.jpg","contentUrl":"https:\/\/lfsevilla.com\/wp-content\/uploads\/2019\/06\/5\u00c8ME-CORTOS-CEAR20190604_160155.jpg","width":4128,"height":3096},{"@type":"BreadcrumbList","@id":"https:\/\/lfsevilla.com\/fr\/les-gagnants-du-prix-andalucine-a-la-webradio\/#breadcrumb","itemListElement":[{"@type":"ListItem","position":1,"name":"Portada","item":"https:\/\/lfsevilla.com\/fr\/"},{"@type":"ListItem","position":2,"name":"Les gagnants du prix Andalucine \u00e0 la Webradio"}]},{"@type":"WebSite","@id":"https:\/\/lfsevilla.com\/#website","url":"https:\/\/lfsevilla.com\/","name":"Lyc\u00e9e Fran\u00e7ais de S\u00e9ville | Colegio privado internacional triling\u00fce en Sevilla","description":"El Liceo franc\u00e9s de Sevilla ofrece una ense\u00f1anza pluriling\u00fce (ingl\u00e9s, franc\u00e9s y espa\u00f1ol), multicultural y respetuosa con las libertades individuales.","publisher":{"@id":"https:\/\/lfsevilla.com\/#organization"},"potentialAction":[{"@type":"SearchAction","target":{"@type":"EntryPoint","urlTemplate":"https:\/\/lfsevilla.com\/?s={search_term_string}"},"query-input":{"@type":"PropertyValueSpecification","valueRequired":true,"valueName":"search_term_string"}}],"inLanguage":"fr-FR"},{"@type":"Organization","@id":"https:\/\/lfsevilla.com\/#organization","name":"Lyc\u00e9e Fran\u00e7ais International de S\u00e9ville","url":"https:\/\/lfsevilla.com\/","logo":{"@type":"ImageObject","inLanguage":"fr-FR","@id":"https:\/\/lfsevilla.com\/#\/schema\/logo\/image\/","url":"https:\/\/lfsevilla.com\/wp-content\/uploads\/2023\/05\/Logo-Liceo-Frances-de-Sevilla-223x223-1.jpg","contentUrl":"https:\/\/lfsevilla.com\/wp-content\/uploads\/2023\/05\/Logo-Liceo-Frances-de-Sevilla-223x223-1.jpg","width":223,"height":223,"caption":"Lyc\u00e9e Fran\u00e7ais International de S\u00e9ville"},"image":{"@id":"https:\/\/lfsevilla.com\/#\/schema\/logo\/image\/"},"sameAs":["https:\/\/www.facebook.com\/LiceoFrancesSevilla\/","https:\/\/x.com\/lfsevilla","https:\/\/www.linkedin.com\/company\/liceo-francs-internacional-de-sevilla\/","https:\/\/www.instagram.com\/liceofrancessevilla\/","https:\/\/www.youtube.com\/@liceofrancessevilla1124"]},{"@type":"Person","@id":"https:\/\/lfsevilla.com\/#\/schema\/person\/ead715d6b1b6b2cb0bb6f7a06675d093","name":"LFS","image":{"@type":"ImageObject","inLanguage":"fr-FR","@id":"https:\/\/lfsevilla.com\/#\/schema\/person\/image\/","url":"https:\/\/secure.gravatar.com\/avatar\/2b2587b6982746a9eb2cb62bda174a08069748c2251c7ca9b6e683d4aab29597?s=96&d=mm&r=g","contentUrl":"https:\/\/secure.gravatar.com\/avatar\/2b2587b6982746a9eb2cb62bda174a08069748c2251c7ca9b6e683d4aab29597?s=96&d=mm&r=g","caption":"LFS"},"url":"https:\/\/lfsevilla.com\/fr\/author\/weblfsevilla-com\/"}]}},"_links":{"self":[{"href":"https:\/\/lfsevilla.com\/fr\/wp-json\/wp\/v2\/posts\/5175","targetHints":{"allow":["GET"]}}],"collection":[{"href":"https:\/\/lfsevilla.com\/fr\/wp-json\/wp\/v2\/posts"}],"about":[{"href":"https:\/\/lfsevilla.com\/fr\/wp-json\/wp\/v2\/types\/post"}],"author":[{"embeddable":true,"href":"https:\/\/lfsevilla.com\/fr\/wp-json\/wp\/v2\/users\/2"}],"replies":[{"embeddable":true,"href":"https:\/\/lfsevilla.com\/fr\/wp-json\/wp\/v2\/comments?post=5175"}],"version-history":[{"count":2,"href":"https:\/\/lfsevilla.com\/fr\/wp-json\/wp\/v2\/posts\/5175\/revisions"}],"predecessor-version":[{"id":5177,"href":"https:\/\/lfsevilla.com\/fr\/wp-json\/wp\/v2\/posts\/5175\/revisions\/5177"}],"wp:featuredmedia":[{"embeddable":true,"href":"https:\/\/lfsevilla.com\/fr\/wp-json\/wp\/v2\/media\/5170"}],"wp:attachment":[{"href":"https:\/\/lfsevilla.com\/fr\/wp-json\/wp\/v2\/media?parent=5175"}],"wp:term":[{"taxonomy":"category","embeddable":true,"href":"https:\/\/lfsevilla.com\/fr\/wp-json\/wp\/v2\/categories?post=5175"},{"taxonomy":"post_tag","embeddable":true,"href":"https:\/\/lfsevilla.com\/fr\/wp-json\/wp\/v2\/tags?post=5175"}],"curies":[{"name":"wp","href":"https:\/\/api.w.org\/{rel}","templated":true}]}}