{"id":4296,"date":"2019-02-28T18:23:57","date_gmt":"2019-02-28T17:23:57","guid":{"rendered":"https:\/\/lfsevilla.com\/?p=4296"},"modified":"2019-02-28T18:23:57","modified_gmt":"2019-02-28T17:23:57","slug":"mettons-nous-au-travail","status":"publish","type":"post","link":"https:\/\/lfsevilla.com\/fr\/mettons-nous-au-travail\/","title":{"rendered":"Mettons-nous au travail !"},"content":{"rendered":"<p>Les \u00e9l\u00e8ves nous pr\u00e9sentent la sortie \u00e0 la Caixa Forum 3Manos a la obra\u201d. Des ateliers o\u00f9 ils ont d\u00e9couvert qu\u2019avaec les mains en plus de cr\u00e9er, on peut aussi parler!<\/p>\n<!--[if lt IE 9]><script>document.createElement('audio');<\/script><![endif]-->\n<audio class=\"wp-audio-shortcode\" id=\"audio-4296-1\" preload=\"none\" style=\"width: 100%;\" controls=\"controls\"><source type=\"audio\/mpeg\" src=\"https:\/\/lfsevilla.com\/wp-content\/uploads\/2019\/02\/11-manos-a-la-obra.mp3?_=1\" \/><a href=\"https:\/\/lfsevilla.com\/wp-content\/uploads\/2019\/02\/11-manos-a-la-obra.mp3\">https:\/\/lfsevilla.com\/wp-content\/uploads\/2019\/02\/11-manos-a-la-obra.mp3<\/a><\/audio>\n<p><img decoding=\"async\" class=\"alignnone size-large wp-image-4157\" src=\"https:\/\/lfsevilla.com\/wp-content\/uploads\/2019\/02\/MANOS-A-LA-OBRA20190221_114018-1024x768.jpg\" alt=\"\" width=\"1024\" height=\"768\" srcset=\"https:\/\/lfsevilla.com\/wp-content\/uploads\/2019\/02\/MANOS-A-LA-OBRA20190221_114018-1024x768.jpg 1024w, https:\/\/lfsevilla.com\/wp-content\/uploads\/2019\/02\/MANOS-A-LA-OBRA20190221_114018-300x225.jpg 300w, https:\/\/lfsevilla.com\/wp-content\/uploads\/2019\/02\/MANOS-A-LA-OBRA20190221_114018-768x576.jpg 768w, https:\/\/lfsevilla.com\/wp-content\/uploads\/2019\/02\/MANOS-A-LA-OBRA20190221_114018-510x382.jpg 510w, https:\/\/lfsevilla.com\/wp-content\/uploads\/2019\/02\/MANOS-A-LA-OBRA20190221_114018-1080x810.jpg 1080w\" sizes=\"(max-width: 1024px) 100vw, 1024px\" \/> <img decoding=\"async\" class=\"alignnone size-large wp-image-4160\" src=\"https:\/\/lfsevilla.com\/wp-content\/uploads\/2019\/02\/MANOS-A-LA-OBRA20190221_114026-1024x768.jpg\" alt=\"\" width=\"1024\" height=\"768\" srcset=\"https:\/\/lfsevilla.com\/wp-content\/uploads\/2019\/02\/MANOS-A-LA-OBRA20190221_114026-1024x768.jpg 1024w, https:\/\/lfsevilla.com\/wp-content\/uploads\/2019\/02\/MANOS-A-LA-OBRA20190221_114026-300x225.jpg 300w, https:\/\/lfsevilla.com\/wp-content\/uploads\/2019\/02\/MANOS-A-LA-OBRA20190221_114026-768x576.jpg 768w, https:\/\/lfsevilla.com\/wp-content\/uploads\/2019\/02\/MANOS-A-LA-OBRA20190221_114026-510x382.jpg 510w, https:\/\/lfsevilla.com\/wp-content\/uploads\/2019\/02\/MANOS-A-LA-OBRA20190221_114026-1080x810.jpg 1080w\" sizes=\"(max-width: 1024px) 100vw, 1024px\" \/> <img decoding=\"async\" class=\"alignnone size-large wp-image-4162\" src=\"https:\/\/lfsevilla.com\/wp-content\/uploads\/2019\/02\/MANOS-A-LA-OBRA20190221_114030-1024x768.jpg\" alt=\"\" width=\"1024\" height=\"768\" srcset=\"https:\/\/lfsevilla.com\/wp-content\/uploads\/2019\/02\/MANOS-A-LA-OBRA20190221_114030-1024x768.jpg 1024w, https:\/\/lfsevilla.com\/wp-content\/uploads\/2019\/02\/MANOS-A-LA-OBRA20190221_114030-300x225.jpg 300w, https:\/\/lfsevilla.com\/wp-content\/uploads\/2019\/02\/MANOS-A-LA-OBRA20190221_114030-768x576.jpg 768w, https:\/\/lfsevilla.com\/wp-content\/uploads\/2019\/02\/MANOS-A-LA-OBRA20190221_114030-510x382.jpg 510w, https:\/\/lfsevilla.com\/wp-content\/uploads\/2019\/02\/MANOS-A-LA-OBRA20190221_114030-1080x810.jpg 1080w\" sizes=\"(max-width: 1024px) 100vw, 1024px\" \/><\/p>\n","protected":false},"excerpt":{"rendered":"<p>Les \u00e9l\u00e8ves nous pr\u00e9sentent la sortie \u00e0 la Caixa Forum 3Manos a la obra\u201d. Des ateliers o\u00f9 ils ont d\u00e9couvert qu\u2019avaec les mains en plus de cr\u00e9er, on peut aussi parler!<\/p>\n","protected":false},"author":3,"featured_media":4162,"comment_status":"open","ping_status":"open","sticky":false,"template":"","format":"standard","meta":{"_et_pb_use_builder":"","_et_pb_old_content":"","_et_gb_content_width":"","footnotes":""},"categories":[2],"tags":[],"class_list":["post-4296","post","type-post","status-publish","format-standard","has-post-thumbnail","hentry","category-non-classifiee"],"yoast_head":"<!-- This site is optimized with the Yoast SEO plugin v27.0 - https:\/\/yoast.com\/product\/yoast-seo-wordpress\/ -->\n<title>Mettons-nous au travail ! - Lyc\u00e9e Fran\u00e7ais de S\u00e9ville | Colegio privado biling\u00fce en Sevilla<\/title>\n<meta name=\"robots\" content=\"index, follow, max-snippet:-1, max-image-preview:large, max-video-preview:-1\" \/>\n<link rel=\"canonical\" href=\"https:\/\/lfsevilla.com\/fr\/mettons-nous-au-travail\/\" \/>\n<meta property=\"og:locale\" content=\"fr_FR\" \/>\n<meta property=\"og:type\" content=\"article\" \/>\n<meta property=\"og:title\" content=\"Mettons-nous au travail ! - Lyc\u00e9e Fran\u00e7ais de S\u00e9ville | Colegio privado biling\u00fce en Sevilla\" \/>\n<meta property=\"og:description\" content=\"Les \u00e9l\u00e8ves nous pr\u00e9sentent la sortie \u00e0 la Caixa Forum 3Manos a la obra\u201d. Des ateliers o\u00f9 ils ont d\u00e9couvert qu\u2019avaec les mains en plus de cr\u00e9er, on peut aussi parler!\" \/>\n<meta property=\"og:url\" content=\"https:\/\/lfsevilla.com\/fr\/mettons-nous-au-travail\/\" \/>\n<meta property=\"og:site_name\" content=\"Lyc\u00e9e Fran\u00e7ais de S\u00e9ville | Colegio privado biling\u00fce en Sevilla\" \/>\n<meta property=\"article:publisher\" content=\"https:\/\/www.facebook.com\/LiceoFrancesSevilla\/\" \/>\n<meta property=\"article:published_time\" content=\"2019-02-28T17:23:57+00:00\" \/>\n<meta property=\"og:image\" content=\"https:\/\/lfsevilla.com\/wp-content\/uploads\/2019\/02\/MANOS-A-LA-OBRA20190221_114030-1024x768.jpg\" \/>\n\t<meta property=\"og:image:width\" content=\"1024\" \/>\n\t<meta property=\"og:image:height\" content=\"768\" \/>\n\t<meta property=\"og:image:type\" content=\"image\/jpeg\" \/>\n<meta name=\"author\" content=\"lfsevilla.com\" \/>\n<meta name=\"twitter:card\" content=\"summary_large_image\" \/>\n<meta name=\"twitter:creator\" content=\"@lfsevilla\" \/>\n<meta name=\"twitter:site\" content=\"@lfsevilla\" \/>\n<meta name=\"twitter:label1\" content=\"\u00c9crit par\" \/>\n\t<meta name=\"twitter:data1\" content=\"lfsevilla.com\" \/>\n<script type=\"application\/ld+json\" class=\"yoast-schema-graph\">{\"@context\":\"https:\/\/schema.org\",\"@graph\":[{\"@type\":\"Article\",\"@id\":\"https:\/\/lfsevilla.com\/fr\/mettons-nous-au-travail\/#article\",\"isPartOf\":{\"@id\":\"https:\/\/lfsevilla.com\/fr\/mettons-nous-au-travail\/\"},\"author\":{\"name\":\"lfsevilla.com\",\"@id\":\"https:\/\/lfsevilla.com\/#\/schema\/person\/bc104fea3217d17a6cb775e4d1deee61\"},\"headline\":\"Mettons-nous au travail !\",\"datePublished\":\"2019-02-28T17:23:57+00:00\",\"mainEntityOfPage\":{\"@id\":\"https:\/\/lfsevilla.com\/fr\/mettons-nous-au-travail\/\"},\"wordCount\":48,\"commentCount\":0,\"publisher\":{\"@id\":\"https:\/\/lfsevilla.com\/#organization\"},\"image\":{\"@id\":\"https:\/\/lfsevilla.com\/fr\/mettons-nous-au-travail\/#primaryimage\"},\"thumbnailUrl\":\"https:\/\/lfsevilla.com\/wp-content\/uploads\/2019\/02\/MANOS-A-LA-OBRA20190221_114030.jpg\",\"articleSection\":[\"Non classifi\u00e9(e)\"],\"inLanguage\":\"fr-FR\",\"potentialAction\":[{\"@type\":\"CommentAction\",\"name\":\"Comment\",\"target\":[\"https:\/\/lfsevilla.com\/fr\/mettons-nous-au-travail\/#respond\"]}]},{\"@type\":\"WebPage\",\"@id\":\"https:\/\/lfsevilla.com\/fr\/mettons-nous-au-travail\/\",\"url\":\"https:\/\/lfsevilla.com\/fr\/mettons-nous-au-travail\/\",\"name\":\"Mettons-nous au travail ! - Lyc\u00e9e Fran\u00e7ais de S\u00e9ville | Colegio privado biling\u00fce en Sevilla\",\"isPartOf\":{\"@id\":\"https:\/\/lfsevilla.com\/#website\"},\"primaryImageOfPage\":{\"@id\":\"https:\/\/lfsevilla.com\/fr\/mettons-nous-au-travail\/#primaryimage\"},\"image\":{\"@id\":\"https:\/\/lfsevilla.com\/fr\/mettons-nous-au-travail\/#primaryimage\"},\"thumbnailUrl\":\"https:\/\/lfsevilla.com\/wp-content\/uploads\/2019\/02\/MANOS-A-LA-OBRA20190221_114030.jpg\",\"datePublished\":\"2019-02-28T17:23:57+00:00\",\"breadcrumb\":{\"@id\":\"https:\/\/lfsevilla.com\/fr\/mettons-nous-au-travail\/#breadcrumb\"},\"inLanguage\":\"fr-FR\",\"potentialAction\":[{\"@type\":\"ReadAction\",\"target\":[\"https:\/\/lfsevilla.com\/fr\/mettons-nous-au-travail\/\"]}]},{\"@type\":\"ImageObject\",\"inLanguage\":\"fr-FR\",\"@id\":\"https:\/\/lfsevilla.com\/fr\/mettons-nous-au-travail\/#primaryimage\",\"url\":\"https:\/\/lfsevilla.com\/wp-content\/uploads\/2019\/02\/MANOS-A-LA-OBRA20190221_114030.jpg\",\"contentUrl\":\"https:\/\/lfsevilla.com\/wp-content\/uploads\/2019\/02\/MANOS-A-LA-OBRA20190221_114030.jpg\",\"width\":4128,\"height\":3096},{\"@type\":\"BreadcrumbList\",\"@id\":\"https:\/\/lfsevilla.com\/fr\/mettons-nous-au-travail\/#breadcrumb\",\"itemListElement\":[{\"@type\":\"ListItem\",\"position\":1,\"name\":\"Portada\",\"item\":\"https:\/\/lfsevilla.com\/fr\/\"},{\"@type\":\"ListItem\",\"position\":2,\"name\":\"Mettons-nous au travail !\"}]},{\"@type\":\"WebSite\",\"@id\":\"https:\/\/lfsevilla.com\/#website\",\"url\":\"https:\/\/lfsevilla.com\/\",\"name\":\"Lyc\u00e9e Fran\u00e7ais de S\u00e9ville | Colegio privado internacional triling\u00fce en Sevilla\",\"description\":\"El Liceo franc\u00e9s de Sevilla ofrece una ense\u00f1anza pluriling\u00fce (ingl\u00e9s, franc\u00e9s y espa\u00f1ol), multicultural y respetuosa con las libertades individuales.\",\"publisher\":{\"@id\":\"https:\/\/lfsevilla.com\/#organization\"},\"potentialAction\":[{\"@type\":\"SearchAction\",\"target\":{\"@type\":\"EntryPoint\",\"urlTemplate\":\"https:\/\/lfsevilla.com\/?s={search_term_string}\"},\"query-input\":{\"@type\":\"PropertyValueSpecification\",\"valueRequired\":true,\"valueName\":\"search_term_string\"}}],\"inLanguage\":\"fr-FR\"},{\"@type\":\"Organization\",\"@id\":\"https:\/\/lfsevilla.com\/#organization\",\"name\":\"Lyc\u00e9e Fran\u00e7ais International de S\u00e9ville\",\"url\":\"https:\/\/lfsevilla.com\/\",\"logo\":{\"@type\":\"ImageObject\",\"inLanguage\":\"fr-FR\",\"@id\":\"https:\/\/lfsevilla.com\/#\/schema\/logo\/image\/\",\"url\":\"https:\/\/lfsevilla.com\/wp-content\/uploads\/2023\/05\/Logo-Liceo-Frances-de-Sevilla-223x223-1.jpg\",\"contentUrl\":\"https:\/\/lfsevilla.com\/wp-content\/uploads\/2023\/05\/Logo-Liceo-Frances-de-Sevilla-223x223-1.jpg\",\"width\":223,\"height\":223,\"caption\":\"Lyc\u00e9e Fran\u00e7ais International de S\u00e9ville\"},\"image\":{\"@id\":\"https:\/\/lfsevilla.com\/#\/schema\/logo\/image\/\"},\"sameAs\":[\"https:\/\/www.facebook.com\/LiceoFrancesSevilla\/\",\"https:\/\/x.com\/lfsevilla\",\"https:\/\/www.linkedin.com\/company\/liceo-francs-internacional-de-sevilla\/\",\"https:\/\/www.instagram.com\/liceofrancessevilla\/\",\"https:\/\/www.youtube.com\/@liceofrancessevilla1124\"]},{\"@type\":\"Person\",\"@id\":\"https:\/\/lfsevilla.com\/#\/schema\/person\/bc104fea3217d17a6cb775e4d1deee61\",\"name\":\"lfsevilla.com\",\"image\":{\"@type\":\"ImageObject\",\"inLanguage\":\"fr-FR\",\"@id\":\"https:\/\/lfsevilla.com\/#\/schema\/person\/image\/\",\"url\":\"https:\/\/secure.gravatar.com\/avatar\/ca45d8e2698d171bd8c48a6fa538a3eedf4db83cf6dca639f733c58616cfaf60?s=96&d=mm&r=g\",\"contentUrl\":\"https:\/\/secure.gravatar.com\/avatar\/ca45d8e2698d171bd8c48a6fa538a3eedf4db83cf6dca639f733c58616cfaf60?s=96&d=mm&r=g\",\"caption\":\"lfsevilla.com\"},\"url\":\"https:\/\/lfsevilla.com\/fr\/author\/wwwlfsevilla-com\/\"}]}<\/script>\n<!-- \/ Yoast SEO plugin. -->","yoast_head_json":{"title":"Mettons-nous au travail ! - Lyc\u00e9e Fran\u00e7ais de S\u00e9ville | Colegio privado biling\u00fce en Sevilla","robots":{"index":"index","follow":"follow","max-snippet":"max-snippet:-1","max-image-preview":"max-image-preview:large","max-video-preview":"max-video-preview:-1"},"canonical":"https:\/\/lfsevilla.com\/fr\/mettons-nous-au-travail\/","og_locale":"fr_FR","og_type":"article","og_title":"Mettons-nous au travail ! - Lyc\u00e9e Fran\u00e7ais de S\u00e9ville | Colegio privado biling\u00fce en Sevilla","og_description":"Les \u00e9l\u00e8ves nous pr\u00e9sentent la sortie \u00e0 la Caixa Forum 3Manos a la obra\u201d. Des ateliers o\u00f9 ils ont d\u00e9couvert qu\u2019avaec les mains en plus de cr\u00e9er, on peut aussi parler!","og_url":"https:\/\/lfsevilla.com\/fr\/mettons-nous-au-travail\/","og_site_name":"Lyc\u00e9e Fran\u00e7ais de S\u00e9ville | Colegio privado biling\u00fce en Sevilla","article_publisher":"https:\/\/www.facebook.com\/LiceoFrancesSevilla\/","article_published_time":"2019-02-28T17:23:57+00:00","og_image":[{"width":1024,"height":768,"url":"https:\/\/lfsevilla.com\/wp-content\/uploads\/2019\/02\/MANOS-A-LA-OBRA20190221_114030-1024x768.jpg","type":"image\/jpeg"}],"author":"lfsevilla.com","twitter_card":"summary_large_image","twitter_creator":"@lfsevilla","twitter_site":"@lfsevilla","twitter_misc":{"\u00c9crit par":"lfsevilla.com"},"schema":{"@context":"https:\/\/schema.org","@graph":[{"@type":"Article","@id":"https:\/\/lfsevilla.com\/fr\/mettons-nous-au-travail\/#article","isPartOf":{"@id":"https:\/\/lfsevilla.com\/fr\/mettons-nous-au-travail\/"},"author":{"name":"lfsevilla.com","@id":"https:\/\/lfsevilla.com\/#\/schema\/person\/bc104fea3217d17a6cb775e4d1deee61"},"headline":"Mettons-nous au travail !","datePublished":"2019-02-28T17:23:57+00:00","mainEntityOfPage":{"@id":"https:\/\/lfsevilla.com\/fr\/mettons-nous-au-travail\/"},"wordCount":48,"commentCount":0,"publisher":{"@id":"https:\/\/lfsevilla.com\/#organization"},"image":{"@id":"https:\/\/lfsevilla.com\/fr\/mettons-nous-au-travail\/#primaryimage"},"thumbnailUrl":"https:\/\/lfsevilla.com\/wp-content\/uploads\/2019\/02\/MANOS-A-LA-OBRA20190221_114030.jpg","articleSection":["Non classifi\u00e9(e)"],"inLanguage":"fr-FR","potentialAction":[{"@type":"CommentAction","name":"Comment","target":["https:\/\/lfsevilla.com\/fr\/mettons-nous-au-travail\/#respond"]}]},{"@type":"WebPage","@id":"https:\/\/lfsevilla.com\/fr\/mettons-nous-au-travail\/","url":"https:\/\/lfsevilla.com\/fr\/mettons-nous-au-travail\/","name":"Mettons-nous au travail ! - Lyc\u00e9e Fran\u00e7ais de S\u00e9ville | Colegio privado biling\u00fce en Sevilla","isPartOf":{"@id":"https:\/\/lfsevilla.com\/#website"},"primaryImageOfPage":{"@id":"https:\/\/lfsevilla.com\/fr\/mettons-nous-au-travail\/#primaryimage"},"image":{"@id":"https:\/\/lfsevilla.com\/fr\/mettons-nous-au-travail\/#primaryimage"},"thumbnailUrl":"https:\/\/lfsevilla.com\/wp-content\/uploads\/2019\/02\/MANOS-A-LA-OBRA20190221_114030.jpg","datePublished":"2019-02-28T17:23:57+00:00","breadcrumb":{"@id":"https:\/\/lfsevilla.com\/fr\/mettons-nous-au-travail\/#breadcrumb"},"inLanguage":"fr-FR","potentialAction":[{"@type":"ReadAction","target":["https:\/\/lfsevilla.com\/fr\/mettons-nous-au-travail\/"]}]},{"@type":"ImageObject","inLanguage":"fr-FR","@id":"https:\/\/lfsevilla.com\/fr\/mettons-nous-au-travail\/#primaryimage","url":"https:\/\/lfsevilla.com\/wp-content\/uploads\/2019\/02\/MANOS-A-LA-OBRA20190221_114030.jpg","contentUrl":"https:\/\/lfsevilla.com\/wp-content\/uploads\/2019\/02\/MANOS-A-LA-OBRA20190221_114030.jpg","width":4128,"height":3096},{"@type":"BreadcrumbList","@id":"https:\/\/lfsevilla.com\/fr\/mettons-nous-au-travail\/#breadcrumb","itemListElement":[{"@type":"ListItem","position":1,"name":"Portada","item":"https:\/\/lfsevilla.com\/fr\/"},{"@type":"ListItem","position":2,"name":"Mettons-nous au travail !"}]},{"@type":"WebSite","@id":"https:\/\/lfsevilla.com\/#website","url":"https:\/\/lfsevilla.com\/","name":"Lyc\u00e9e Fran\u00e7ais de S\u00e9ville | Colegio privado internacional triling\u00fce en Sevilla","description":"El Liceo franc\u00e9s de Sevilla ofrece una ense\u00f1anza pluriling\u00fce (ingl\u00e9s, franc\u00e9s y espa\u00f1ol), multicultural y respetuosa con las libertades individuales.","publisher":{"@id":"https:\/\/lfsevilla.com\/#organization"},"potentialAction":[{"@type":"SearchAction","target":{"@type":"EntryPoint","urlTemplate":"https:\/\/lfsevilla.com\/?s={search_term_string}"},"query-input":{"@type":"PropertyValueSpecification","valueRequired":true,"valueName":"search_term_string"}}],"inLanguage":"fr-FR"},{"@type":"Organization","@id":"https:\/\/lfsevilla.com\/#organization","name":"Lyc\u00e9e Fran\u00e7ais International de S\u00e9ville","url":"https:\/\/lfsevilla.com\/","logo":{"@type":"ImageObject","inLanguage":"fr-FR","@id":"https:\/\/lfsevilla.com\/#\/schema\/logo\/image\/","url":"https:\/\/lfsevilla.com\/wp-content\/uploads\/2023\/05\/Logo-Liceo-Frances-de-Sevilla-223x223-1.jpg","contentUrl":"https:\/\/lfsevilla.com\/wp-content\/uploads\/2023\/05\/Logo-Liceo-Frances-de-Sevilla-223x223-1.jpg","width":223,"height":223,"caption":"Lyc\u00e9e Fran\u00e7ais International de S\u00e9ville"},"image":{"@id":"https:\/\/lfsevilla.com\/#\/schema\/logo\/image\/"},"sameAs":["https:\/\/www.facebook.com\/LiceoFrancesSevilla\/","https:\/\/x.com\/lfsevilla","https:\/\/www.linkedin.com\/company\/liceo-francs-internacional-de-sevilla\/","https:\/\/www.instagram.com\/liceofrancessevilla\/","https:\/\/www.youtube.com\/@liceofrancessevilla1124"]},{"@type":"Person","@id":"https:\/\/lfsevilla.com\/#\/schema\/person\/bc104fea3217d17a6cb775e4d1deee61","name":"lfsevilla.com","image":{"@type":"ImageObject","inLanguage":"fr-FR","@id":"https:\/\/lfsevilla.com\/#\/schema\/person\/image\/","url":"https:\/\/secure.gravatar.com\/avatar\/ca45d8e2698d171bd8c48a6fa538a3eedf4db83cf6dca639f733c58616cfaf60?s=96&d=mm&r=g","contentUrl":"https:\/\/secure.gravatar.com\/avatar\/ca45d8e2698d171bd8c48a6fa538a3eedf4db83cf6dca639f733c58616cfaf60?s=96&d=mm&r=g","caption":"lfsevilla.com"},"url":"https:\/\/lfsevilla.com\/fr\/author\/wwwlfsevilla-com\/"}]}},"_links":{"self":[{"href":"https:\/\/lfsevilla.com\/fr\/wp-json\/wp\/v2\/posts\/4296","targetHints":{"allow":["GET"]}}],"collection":[{"href":"https:\/\/lfsevilla.com\/fr\/wp-json\/wp\/v2\/posts"}],"about":[{"href":"https:\/\/lfsevilla.com\/fr\/wp-json\/wp\/v2\/types\/post"}],"author":[{"embeddable":true,"href":"https:\/\/lfsevilla.com\/fr\/wp-json\/wp\/v2\/users\/3"}],"replies":[{"embeddable":true,"href":"https:\/\/lfsevilla.com\/fr\/wp-json\/wp\/v2\/comments?post=4296"}],"version-history":[{"count":1,"href":"https:\/\/lfsevilla.com\/fr\/wp-json\/wp\/v2\/posts\/4296\/revisions"}],"predecessor-version":[{"id":4297,"href":"https:\/\/lfsevilla.com\/fr\/wp-json\/wp\/v2\/posts\/4296\/revisions\/4297"}],"wp:featuredmedia":[{"embeddable":true,"href":"https:\/\/lfsevilla.com\/fr\/wp-json\/wp\/v2\/media\/4162"}],"wp:attachment":[{"href":"https:\/\/lfsevilla.com\/fr\/wp-json\/wp\/v2\/media?parent=4296"}],"wp:term":[{"taxonomy":"category","embeddable":true,"href":"https:\/\/lfsevilla.com\/fr\/wp-json\/wp\/v2\/categories?post=4296"},{"taxonomy":"post_tag","embeddable":true,"href":"https:\/\/lfsevilla.com\/fr\/wp-json\/wp\/v2\/tags?post=4296"}],"curies":[{"name":"wp","href":"https:\/\/api.w.org\/{rel}","templated":true}]}}