{"id":4294,"date":"2019-02-28T18:22:24","date_gmt":"2019-02-28T17:22:24","guid":{"rendered":"https:\/\/lfsevilla.com\/?p=4294"},"modified":"2019-02-28T18:22:24","modified_gmt":"2019-02-28T17:22:24","slug":"le-carnaval-star-de-latelier-de-lampa-des-petits","status":"publish","type":"post","link":"https:\/\/lfsevilla.com\/fr\/le-carnaval-star-de-latelier-de-lampa-des-petits\/","title":{"rendered":"Le Carnaval, Star de l&#8217;atelier de l&#8217;AMPA des petits"},"content":{"rendered":"<p>L&#8217;AMPA des Petits a tenu son atelier pour le mois de f\u00e9vrier, qui \u00e0 cette occasion a consacr\u00e9 la f\u00eate du carnaval. L&#8217;atelier a \u00e9t\u00e9 tr\u00e8s amusant car les enfants et quelques parents sont venus habill\u00e9s en costumes pour r\u00e9aliser des activit\u00e9s communes li\u00e9es au carnaval.<br \/>\nLa fin de l&#8217;atelier, comme d&#8217;habitude, a \u00e9t\u00e9 un moment de recommandation aux m\u00e8res et aux p\u00e8res pour accompagner leurs enfants dans leurs premiers pas de lecture. A cette occasion, le livre recommand\u00e9 est Say it !<br \/>\nChaque mois, les ateliers de l&#8217;AMPA des petits sont organis\u00e9s. Tous<\/p>\n<div id=\"attachment_4082\" style=\"width: 1034px\" class=\"wp-caption alignnone\"><img decoding=\"async\" aria-describedby=\"caption-attachment-4082\" class=\"size-large wp-image-4082\" src=\"https:\/\/lfsevilla.com\/wp-content\/uploads\/2019\/02\/P1010072-1-1024x768.jpg\" alt=\"\" width=\"1024\" height=\"768\" srcset=\"https:\/\/lfsevilla.com\/wp-content\/uploads\/2019\/02\/P1010072-1-1024x768.jpg 1024w, https:\/\/lfsevilla.com\/wp-content\/uploads\/2019\/02\/P1010072-1-300x225.jpg 300w, https:\/\/lfsevilla.com\/wp-content\/uploads\/2019\/02\/P1010072-1-768x576.jpg 768w, https:\/\/lfsevilla.com\/wp-content\/uploads\/2019\/02\/P1010072-1-510x382.jpg 510w, https:\/\/lfsevilla.com\/wp-content\/uploads\/2019\/02\/P1010072-1-1080x810.jpg 1080w\" sizes=\"(max-width: 1024px) 100vw, 1024px\" \/><p id=\"caption-attachment-4082\" class=\"wp-caption-text\">OLYMPUS DIGITAL CAMERA<\/p><\/div>\n<div id=\"attachment_4080\" style=\"width: 1034px\" class=\"wp-caption alignnone\"><img decoding=\"async\" aria-describedby=\"caption-attachment-4080\" class=\"size-large wp-image-4080\" src=\"https:\/\/lfsevilla.com\/wp-content\/uploads\/2019\/02\/P1010063-1024x768.jpg\" alt=\"\" width=\"1024\" height=\"768\" srcset=\"https:\/\/lfsevilla.com\/wp-content\/uploads\/2019\/02\/P1010063-1024x768.jpg 1024w, https:\/\/lfsevilla.com\/wp-content\/uploads\/2019\/02\/P1010063-300x225.jpg 300w, https:\/\/lfsevilla.com\/wp-content\/uploads\/2019\/02\/P1010063-768x576.jpg 768w, https:\/\/lfsevilla.com\/wp-content\/uploads\/2019\/02\/P1010063-510x382.jpg 510w, https:\/\/lfsevilla.com\/wp-content\/uploads\/2019\/02\/P1010063-1080x810.jpg 1080w\" sizes=\"(max-width: 1024px) 100vw, 1024px\" \/><p id=\"caption-attachment-4080\" class=\"wp-caption-text\">OLYMPUS DIGITAL CAMERA<\/p><\/div>\n<div id=\"attachment_4078\" style=\"width: 1034px\" class=\"wp-caption alignnone\"><img decoding=\"async\" aria-describedby=\"caption-attachment-4078\" class=\"size-large wp-image-4078\" src=\"https:\/\/lfsevilla.com\/wp-content\/uploads\/2019\/02\/P1010062-1-1024x768.jpg\" alt=\"\" width=\"1024\" height=\"768\" srcset=\"https:\/\/lfsevilla.com\/wp-content\/uploads\/2019\/02\/P1010062-1-1024x768.jpg 1024w, https:\/\/lfsevilla.com\/wp-content\/uploads\/2019\/02\/P1010062-1-300x225.jpg 300w, https:\/\/lfsevilla.com\/wp-content\/uploads\/2019\/02\/P1010062-1-768x576.jpg 768w, https:\/\/lfsevilla.com\/wp-content\/uploads\/2019\/02\/P1010062-1-510x382.jpg 510w, https:\/\/lfsevilla.com\/wp-content\/uploads\/2019\/02\/P1010062-1-1080x810.jpg 1080w\" sizes=\"(max-width: 1024px) 100vw, 1024px\" \/><p id=\"caption-attachment-4078\" class=\"wp-caption-text\">OLYMPUS DIGITAL CAMERA<\/p><\/div>\n<div id=\"attachment_4076\" style=\"width: 1034px\" class=\"wp-caption alignnone\"><img decoding=\"async\" aria-describedby=\"caption-attachment-4076\" class=\"size-large wp-image-4076\" src=\"https:\/\/lfsevilla.com\/wp-content\/uploads\/2019\/02\/P1010061-1024x768.jpg\" alt=\"\" width=\"1024\" height=\"768\" srcset=\"https:\/\/lfsevilla.com\/wp-content\/uploads\/2019\/02\/P1010061-1024x768.jpg 1024w, https:\/\/lfsevilla.com\/wp-content\/uploads\/2019\/02\/P1010061-300x225.jpg 300w, https:\/\/lfsevilla.com\/wp-content\/uploads\/2019\/02\/P1010061-768x576.jpg 768w, https:\/\/lfsevilla.com\/wp-content\/uploads\/2019\/02\/P1010061-510x382.jpg 510w, https:\/\/lfsevilla.com\/wp-content\/uploads\/2019\/02\/P1010061-1080x810.jpg 1080w\" sizes=\"(max-width: 1024px) 100vw, 1024px\" \/><p id=\"caption-attachment-4076\" class=\"wp-caption-text\">OLYMPUS DIGITAL CAMERA<\/p><\/div>\n<div id=\"attachment_4070\" style=\"width: 1034px\" class=\"wp-caption alignnone\"><img decoding=\"async\" aria-describedby=\"caption-attachment-4070\" class=\"size-large wp-image-4070\" src=\"https:\/\/lfsevilla.com\/wp-content\/uploads\/2019\/02\/P1010062-1024x768.jpg\" alt=\"\" width=\"1024\" height=\"768\" srcset=\"https:\/\/lfsevilla.com\/wp-content\/uploads\/2019\/02\/P1010062-1024x768.jpg 1024w, https:\/\/lfsevilla.com\/wp-content\/uploads\/2019\/02\/P1010062-300x225.jpg 300w, https:\/\/lfsevilla.com\/wp-content\/uploads\/2019\/02\/P1010062-768x576.jpg 768w, https:\/\/lfsevilla.com\/wp-content\/uploads\/2019\/02\/P1010062-510x382.jpg 510w, https:\/\/lfsevilla.com\/wp-content\/uploads\/2019\/02\/P1010062-1080x810.jpg 1080w\" sizes=\"(max-width: 1024px) 100vw, 1024px\" \/><p id=\"caption-attachment-4070\" class=\"wp-caption-text\">OLYMPUS DIGITAL CAMERA<\/p><\/div>\n<div id=\"attachment_4072\" style=\"width: 1034px\" class=\"wp-caption alignnone\"><img decoding=\"async\" aria-describedby=\"caption-attachment-4072\" class=\"size-large wp-image-4072\" src=\"https:\/\/lfsevilla.com\/wp-content\/uploads\/2019\/02\/P1010072-1024x768.jpg\" alt=\"\" width=\"1024\" height=\"768\" srcset=\"https:\/\/lfsevilla.com\/wp-content\/uploads\/2019\/02\/P1010072-1024x768.jpg 1024w, https:\/\/lfsevilla.com\/wp-content\/uploads\/2019\/02\/P1010072-300x225.jpg 300w, https:\/\/lfsevilla.com\/wp-content\/uploads\/2019\/02\/P1010072-768x576.jpg 768w, https:\/\/lfsevilla.com\/wp-content\/uploads\/2019\/02\/P1010072-510x382.jpg 510w, https:\/\/lfsevilla.com\/wp-content\/uploads\/2019\/02\/P1010072-1080x810.jpg 1080w\" sizes=\"(max-width: 1024px) 100vw, 1024px\" \/><p id=\"caption-attachment-4072\" class=\"wp-caption-text\">OLYMPUS DIGITAL CAMERA<\/p><\/div>\n<div id=\"attachment_4074\" style=\"width: 1034px\" class=\"wp-caption alignnone\"><img decoding=\"async\" aria-describedby=\"caption-attachment-4074\" class=\"size-large wp-image-4074\" src=\"https:\/\/lfsevilla.com\/wp-content\/uploads\/2019\/02\/P1010060-1024x768.jpg\" alt=\"\" width=\"1024\" height=\"768\" srcset=\"https:\/\/lfsevilla.com\/wp-content\/uploads\/2019\/02\/P1010060-1024x768.jpg 1024w, https:\/\/lfsevilla.com\/wp-content\/uploads\/2019\/02\/P1010060-300x225.jpg 300w, https:\/\/lfsevilla.com\/wp-content\/uploads\/2019\/02\/P1010060-768x576.jpg 768w, https:\/\/lfsevilla.com\/wp-content\/uploads\/2019\/02\/P1010060-510x382.jpg 510w, https:\/\/lfsevilla.com\/wp-content\/uploads\/2019\/02\/P1010060-1080x810.jpg 1080w\" sizes=\"(max-width: 1024px) 100vw, 1024px\" \/><p id=\"caption-attachment-4074\" class=\"wp-caption-text\">OLYMPUS DIGITAL CAMERA<\/p><\/div>\n<p>les parents peuvent assister et participer avec leurs enfants \u00e2g\u00e9s de 0 \u00e0 3 ans. L&#8217;entr\u00e9e est gratuite et l&#8217;atelier se d\u00e9roule dans les trois langues enseign\u00e9es au Lyc\u00e9e Fran\u00e7ais de S\u00e9ville : espagnol, fran\u00e7ais et anglais.<br \/>\nDans le blog de l&#8217;AMPA du Lyc\u00e9e Fran\u00e7ais de S\u00e9ville vous pouvez trouver toutes les activit\u00e9s organis\u00e9es par les parents des \u00e9l\u00e8ves de cette \u00e9cole.<\/p>\n","protected":false},"excerpt":{"rendered":"<p>L&#8217;AMPA des Petits a tenu son atelier pour le mois de f\u00e9vrier, qui \u00e0 cette occasion a consacr\u00e9 la f\u00eate du carnaval. L&#8217;atelier a \u00e9t\u00e9 tr\u00e8s amusant car les enfants et quelques parents sont venus habill\u00e9s en costumes pour r\u00e9aliser des activit\u00e9s communes li\u00e9es au carnaval. La fin de l&#8217;atelier, comme d&#8217;habitude, a \u00e9t\u00e9 un [&hellip;]<\/p>\n","protected":false},"author":3,"featured_media":4082,"comment_status":"open","ping_status":"open","sticky":false,"template":"","format":"standard","meta":{"_et_pb_use_builder":"","_et_pb_old_content":"","_et_gb_content_width":"","footnotes":""},"categories":[2],"tags":[],"class_list":["post-4294","post","type-post","status-publish","format-standard","has-post-thumbnail","hentry","category-non-classifiee"],"yoast_head":"<!-- This site is optimized with the Yoast SEO plugin v27.0 - https:\/\/yoast.com\/product\/yoast-seo-wordpress\/ -->\n<title>Le Carnaval, Star de l&#039;atelier de l&#039;AMPA des petits - Lyc\u00e9e Fran\u00e7ais de S\u00e9ville | Colegio privado biling\u00fce en Sevilla<\/title>\n<meta name=\"robots\" content=\"index, follow, max-snippet:-1, max-image-preview:large, max-video-preview:-1\" \/>\n<link rel=\"canonical\" href=\"https:\/\/lfsevilla.com\/fr\/le-carnaval-star-de-latelier-de-lampa-des-petits\/\" \/>\n<meta property=\"og:locale\" content=\"fr_FR\" \/>\n<meta property=\"og:type\" content=\"article\" \/>\n<meta property=\"og:title\" content=\"Le Carnaval, Star de l&#039;atelier de l&#039;AMPA des petits - Lyc\u00e9e Fran\u00e7ais de S\u00e9ville | Colegio privado biling\u00fce en Sevilla\" \/>\n<meta property=\"og:description\" content=\"L&#8217;AMPA des Petits a tenu son atelier pour le mois de f\u00e9vrier, qui \u00e0 cette occasion a consacr\u00e9 la f\u00eate du carnaval. L&#8217;atelier a \u00e9t\u00e9 tr\u00e8s amusant car les enfants et quelques parents sont venus habill\u00e9s en costumes pour r\u00e9aliser des activit\u00e9s communes li\u00e9es au carnaval. La fin de l&#8217;atelier, comme d&#8217;habitude, a \u00e9t\u00e9 un [&hellip;]\" \/>\n<meta property=\"og:url\" content=\"https:\/\/lfsevilla.com\/fr\/le-carnaval-star-de-latelier-de-lampa-des-petits\/\" \/>\n<meta property=\"og:site_name\" content=\"Lyc\u00e9e Fran\u00e7ais de S\u00e9ville | Colegio privado biling\u00fce en Sevilla\" \/>\n<meta property=\"article:publisher\" content=\"https:\/\/www.facebook.com\/LiceoFrancesSevilla\/\" \/>\n<meta property=\"article:published_time\" content=\"2019-02-28T17:22:24+00:00\" \/>\n<meta property=\"og:image\" content=\"https:\/\/lfsevilla.com\/wp-content\/uploads\/2019\/02\/P1010072-1.jpg\" \/>\n\t<meta property=\"og:image:width\" content=\"4121\" \/>\n\t<meta property=\"og:image:height\" content=\"3090\" \/>\n\t<meta property=\"og:image:type\" content=\"image\/jpeg\" \/>\n<meta name=\"author\" content=\"lfsevilla.com\" \/>\n<meta name=\"twitter:card\" content=\"summary_large_image\" \/>\n<meta name=\"twitter:creator\" content=\"@lfsevilla\" \/>\n<meta name=\"twitter:site\" content=\"@lfsevilla\" \/>\n<meta name=\"twitter:label1\" content=\"\u00c9crit par\" \/>\n\t<meta name=\"twitter:data1\" content=\"lfsevilla.com\" \/>\n\t<meta name=\"twitter:label2\" content=\"Dur\u00e9e de lecture estim\u00e9e\" \/>\n\t<meta name=\"twitter:data2\" content=\"1 minute\" \/>\n<script type=\"application\/ld+json\" class=\"yoast-schema-graph\">{\"@context\":\"https:\/\/schema.org\",\"@graph\":[{\"@type\":\"Article\",\"@id\":\"https:\/\/lfsevilla.com\/fr\/le-carnaval-star-de-latelier-de-lampa-des-petits\/#article\",\"isPartOf\":{\"@id\":\"https:\/\/lfsevilla.com\/fr\/le-carnaval-star-de-latelier-de-lampa-des-petits\/\"},\"author\":{\"name\":\"lfsevilla.com\",\"@id\":\"https:\/\/lfsevilla.com\/#\/schema\/person\/bc104fea3217d17a6cb775e4d1deee61\"},\"headline\":\"Le Carnaval, Star de l&#8217;atelier de l&#8217;AMPA des petits\",\"datePublished\":\"2019-02-28T17:22:24+00:00\",\"mainEntityOfPage\":{\"@id\":\"https:\/\/lfsevilla.com\/fr\/le-carnaval-star-de-latelier-de-lampa-des-petits\/\"},\"wordCount\":263,\"commentCount\":0,\"publisher\":{\"@id\":\"https:\/\/lfsevilla.com\/#organization\"},\"image\":{\"@id\":\"https:\/\/lfsevilla.com\/fr\/le-carnaval-star-de-latelier-de-lampa-des-petits\/#primaryimage\"},\"thumbnailUrl\":\"https:\/\/lfsevilla.com\/wp-content\/uploads\/2019\/02\/P1010072-1.jpg\",\"articleSection\":[\"Non classifi\u00e9(e)\"],\"inLanguage\":\"fr-FR\",\"potentialAction\":[{\"@type\":\"CommentAction\",\"name\":\"Comment\",\"target\":[\"https:\/\/lfsevilla.com\/fr\/le-carnaval-star-de-latelier-de-lampa-des-petits\/#respond\"]}]},{\"@type\":\"WebPage\",\"@id\":\"https:\/\/lfsevilla.com\/fr\/le-carnaval-star-de-latelier-de-lampa-des-petits\/\",\"url\":\"https:\/\/lfsevilla.com\/fr\/le-carnaval-star-de-latelier-de-lampa-des-petits\/\",\"name\":\"Le Carnaval, Star de l'atelier de l'AMPA des petits - Lyc\u00e9e Fran\u00e7ais de S\u00e9ville | Colegio privado biling\u00fce en Sevilla\",\"isPartOf\":{\"@id\":\"https:\/\/lfsevilla.com\/#website\"},\"primaryImageOfPage\":{\"@id\":\"https:\/\/lfsevilla.com\/fr\/le-carnaval-star-de-latelier-de-lampa-des-petits\/#primaryimage\"},\"image\":{\"@id\":\"https:\/\/lfsevilla.com\/fr\/le-carnaval-star-de-latelier-de-lampa-des-petits\/#primaryimage\"},\"thumbnailUrl\":\"https:\/\/lfsevilla.com\/wp-content\/uploads\/2019\/02\/P1010072-1.jpg\",\"datePublished\":\"2019-02-28T17:22:24+00:00\",\"breadcrumb\":{\"@id\":\"https:\/\/lfsevilla.com\/fr\/le-carnaval-star-de-latelier-de-lampa-des-petits\/#breadcrumb\"},\"inLanguage\":\"fr-FR\",\"potentialAction\":[{\"@type\":\"ReadAction\",\"target\":[\"https:\/\/lfsevilla.com\/fr\/le-carnaval-star-de-latelier-de-lampa-des-petits\/\"]}]},{\"@type\":\"ImageObject\",\"inLanguage\":\"fr-FR\",\"@id\":\"https:\/\/lfsevilla.com\/fr\/le-carnaval-star-de-latelier-de-lampa-des-petits\/#primaryimage\",\"url\":\"https:\/\/lfsevilla.com\/wp-content\/uploads\/2019\/02\/P1010072-1.jpg\",\"contentUrl\":\"https:\/\/lfsevilla.com\/wp-content\/uploads\/2019\/02\/P1010072-1.jpg\",\"width\":4121,\"height\":3090,\"caption\":\"OLYMPUS DIGITAL CAMERA\"},{\"@type\":\"BreadcrumbList\",\"@id\":\"https:\/\/lfsevilla.com\/fr\/le-carnaval-star-de-latelier-de-lampa-des-petits\/#breadcrumb\",\"itemListElement\":[{\"@type\":\"ListItem\",\"position\":1,\"name\":\"Portada\",\"item\":\"https:\/\/lfsevilla.com\/fr\/\"},{\"@type\":\"ListItem\",\"position\":2,\"name\":\"Le Carnaval, Star de l&#8217;atelier de l&#8217;AMPA des petits\"}]},{\"@type\":\"WebSite\",\"@id\":\"https:\/\/lfsevilla.com\/#website\",\"url\":\"https:\/\/lfsevilla.com\/\",\"name\":\"Lyc\u00e9e Fran\u00e7ais de S\u00e9ville | Colegio privado internacional triling\u00fce en Sevilla\",\"description\":\"El Liceo franc\u00e9s de Sevilla ofrece una ense\u00f1anza pluriling\u00fce (ingl\u00e9s, franc\u00e9s y espa\u00f1ol), multicultural y respetuosa con las libertades individuales.\",\"publisher\":{\"@id\":\"https:\/\/lfsevilla.com\/#organization\"},\"potentialAction\":[{\"@type\":\"SearchAction\",\"target\":{\"@type\":\"EntryPoint\",\"urlTemplate\":\"https:\/\/lfsevilla.com\/?s={search_term_string}\"},\"query-input\":{\"@type\":\"PropertyValueSpecification\",\"valueRequired\":true,\"valueName\":\"search_term_string\"}}],\"inLanguage\":\"fr-FR\"},{\"@type\":\"Organization\",\"@id\":\"https:\/\/lfsevilla.com\/#organization\",\"name\":\"Lyc\u00e9e Fran\u00e7ais International de S\u00e9ville\",\"url\":\"https:\/\/lfsevilla.com\/\",\"logo\":{\"@type\":\"ImageObject\",\"inLanguage\":\"fr-FR\",\"@id\":\"https:\/\/lfsevilla.com\/#\/schema\/logo\/image\/\",\"url\":\"https:\/\/lfsevilla.com\/wp-content\/uploads\/2023\/05\/Logo-Liceo-Frances-de-Sevilla-223x223-1.jpg\",\"contentUrl\":\"https:\/\/lfsevilla.com\/wp-content\/uploads\/2023\/05\/Logo-Liceo-Frances-de-Sevilla-223x223-1.jpg\",\"width\":223,\"height\":223,\"caption\":\"Lyc\u00e9e Fran\u00e7ais International de S\u00e9ville\"},\"image\":{\"@id\":\"https:\/\/lfsevilla.com\/#\/schema\/logo\/image\/\"},\"sameAs\":[\"https:\/\/www.facebook.com\/LiceoFrancesSevilla\/\",\"https:\/\/x.com\/lfsevilla\",\"https:\/\/www.linkedin.com\/company\/liceo-francs-internacional-de-sevilla\/\",\"https:\/\/www.instagram.com\/liceofrancessevilla\/\",\"https:\/\/www.youtube.com\/@liceofrancessevilla1124\"]},{\"@type\":\"Person\",\"@id\":\"https:\/\/lfsevilla.com\/#\/schema\/person\/bc104fea3217d17a6cb775e4d1deee61\",\"name\":\"lfsevilla.com\",\"image\":{\"@type\":\"ImageObject\",\"inLanguage\":\"fr-FR\",\"@id\":\"https:\/\/lfsevilla.com\/#\/schema\/person\/image\/\",\"url\":\"https:\/\/secure.gravatar.com\/avatar\/ca45d8e2698d171bd8c48a6fa538a3eedf4db83cf6dca639f733c58616cfaf60?s=96&d=mm&r=g\",\"contentUrl\":\"https:\/\/secure.gravatar.com\/avatar\/ca45d8e2698d171bd8c48a6fa538a3eedf4db83cf6dca639f733c58616cfaf60?s=96&d=mm&r=g\",\"caption\":\"lfsevilla.com\"},\"url\":\"https:\/\/lfsevilla.com\/fr\/author\/wwwlfsevilla-com\/\"}]}<\/script>\n<!-- \/ Yoast SEO plugin. -->","yoast_head_json":{"title":"Le Carnaval, Star de l'atelier de l'AMPA des petits - Lyc\u00e9e Fran\u00e7ais de S\u00e9ville | Colegio privado biling\u00fce en Sevilla","robots":{"index":"index","follow":"follow","max-snippet":"max-snippet:-1","max-image-preview":"max-image-preview:large","max-video-preview":"max-video-preview:-1"},"canonical":"https:\/\/lfsevilla.com\/fr\/le-carnaval-star-de-latelier-de-lampa-des-petits\/","og_locale":"fr_FR","og_type":"article","og_title":"Le Carnaval, Star de l'atelier de l'AMPA des petits - Lyc\u00e9e Fran\u00e7ais de S\u00e9ville | Colegio privado biling\u00fce en Sevilla","og_description":"L&#8217;AMPA des Petits a tenu son atelier pour le mois de f\u00e9vrier, qui \u00e0 cette occasion a consacr\u00e9 la f\u00eate du carnaval. L&#8217;atelier a \u00e9t\u00e9 tr\u00e8s amusant car les enfants et quelques parents sont venus habill\u00e9s en costumes pour r\u00e9aliser des activit\u00e9s communes li\u00e9es au carnaval. La fin de l&#8217;atelier, comme d&#8217;habitude, a \u00e9t\u00e9 un [&hellip;]","og_url":"https:\/\/lfsevilla.com\/fr\/le-carnaval-star-de-latelier-de-lampa-des-petits\/","og_site_name":"Lyc\u00e9e Fran\u00e7ais de S\u00e9ville | Colegio privado biling\u00fce en Sevilla","article_publisher":"https:\/\/www.facebook.com\/LiceoFrancesSevilla\/","article_published_time":"2019-02-28T17:22:24+00:00","og_image":[{"width":4121,"height":3090,"url":"https:\/\/lfsevilla.com\/wp-content\/uploads\/2019\/02\/P1010072-1.jpg","type":"image\/jpeg"}],"author":"lfsevilla.com","twitter_card":"summary_large_image","twitter_creator":"@lfsevilla","twitter_site":"@lfsevilla","twitter_misc":{"\u00c9crit par":"lfsevilla.com","Dur\u00e9e de lecture estim\u00e9e":"1 minute"},"schema":{"@context":"https:\/\/schema.org","@graph":[{"@type":"Article","@id":"https:\/\/lfsevilla.com\/fr\/le-carnaval-star-de-latelier-de-lampa-des-petits\/#article","isPartOf":{"@id":"https:\/\/lfsevilla.com\/fr\/le-carnaval-star-de-latelier-de-lampa-des-petits\/"},"author":{"name":"lfsevilla.com","@id":"https:\/\/lfsevilla.com\/#\/schema\/person\/bc104fea3217d17a6cb775e4d1deee61"},"headline":"Le Carnaval, Star de l&#8217;atelier de l&#8217;AMPA des petits","datePublished":"2019-02-28T17:22:24+00:00","mainEntityOfPage":{"@id":"https:\/\/lfsevilla.com\/fr\/le-carnaval-star-de-latelier-de-lampa-des-petits\/"},"wordCount":263,"commentCount":0,"publisher":{"@id":"https:\/\/lfsevilla.com\/#organization"},"image":{"@id":"https:\/\/lfsevilla.com\/fr\/le-carnaval-star-de-latelier-de-lampa-des-petits\/#primaryimage"},"thumbnailUrl":"https:\/\/lfsevilla.com\/wp-content\/uploads\/2019\/02\/P1010072-1.jpg","articleSection":["Non classifi\u00e9(e)"],"inLanguage":"fr-FR","potentialAction":[{"@type":"CommentAction","name":"Comment","target":["https:\/\/lfsevilla.com\/fr\/le-carnaval-star-de-latelier-de-lampa-des-petits\/#respond"]}]},{"@type":"WebPage","@id":"https:\/\/lfsevilla.com\/fr\/le-carnaval-star-de-latelier-de-lampa-des-petits\/","url":"https:\/\/lfsevilla.com\/fr\/le-carnaval-star-de-latelier-de-lampa-des-petits\/","name":"Le Carnaval, Star de l'atelier de l'AMPA des petits - Lyc\u00e9e Fran\u00e7ais de S\u00e9ville | Colegio privado biling\u00fce en Sevilla","isPartOf":{"@id":"https:\/\/lfsevilla.com\/#website"},"primaryImageOfPage":{"@id":"https:\/\/lfsevilla.com\/fr\/le-carnaval-star-de-latelier-de-lampa-des-petits\/#primaryimage"},"image":{"@id":"https:\/\/lfsevilla.com\/fr\/le-carnaval-star-de-latelier-de-lampa-des-petits\/#primaryimage"},"thumbnailUrl":"https:\/\/lfsevilla.com\/wp-content\/uploads\/2019\/02\/P1010072-1.jpg","datePublished":"2019-02-28T17:22:24+00:00","breadcrumb":{"@id":"https:\/\/lfsevilla.com\/fr\/le-carnaval-star-de-latelier-de-lampa-des-petits\/#breadcrumb"},"inLanguage":"fr-FR","potentialAction":[{"@type":"ReadAction","target":["https:\/\/lfsevilla.com\/fr\/le-carnaval-star-de-latelier-de-lampa-des-petits\/"]}]},{"@type":"ImageObject","inLanguage":"fr-FR","@id":"https:\/\/lfsevilla.com\/fr\/le-carnaval-star-de-latelier-de-lampa-des-petits\/#primaryimage","url":"https:\/\/lfsevilla.com\/wp-content\/uploads\/2019\/02\/P1010072-1.jpg","contentUrl":"https:\/\/lfsevilla.com\/wp-content\/uploads\/2019\/02\/P1010072-1.jpg","width":4121,"height":3090,"caption":"OLYMPUS DIGITAL CAMERA"},{"@type":"BreadcrumbList","@id":"https:\/\/lfsevilla.com\/fr\/le-carnaval-star-de-latelier-de-lampa-des-petits\/#breadcrumb","itemListElement":[{"@type":"ListItem","position":1,"name":"Portada","item":"https:\/\/lfsevilla.com\/fr\/"},{"@type":"ListItem","position":2,"name":"Le Carnaval, Star de l&#8217;atelier de l&#8217;AMPA des petits"}]},{"@type":"WebSite","@id":"https:\/\/lfsevilla.com\/#website","url":"https:\/\/lfsevilla.com\/","name":"Lyc\u00e9e Fran\u00e7ais de S\u00e9ville | Colegio privado internacional triling\u00fce en Sevilla","description":"El Liceo franc\u00e9s de Sevilla ofrece una ense\u00f1anza pluriling\u00fce (ingl\u00e9s, franc\u00e9s y espa\u00f1ol), multicultural y respetuosa con las libertades individuales.","publisher":{"@id":"https:\/\/lfsevilla.com\/#organization"},"potentialAction":[{"@type":"SearchAction","target":{"@type":"EntryPoint","urlTemplate":"https:\/\/lfsevilla.com\/?s={search_term_string}"},"query-input":{"@type":"PropertyValueSpecification","valueRequired":true,"valueName":"search_term_string"}}],"inLanguage":"fr-FR"},{"@type":"Organization","@id":"https:\/\/lfsevilla.com\/#organization","name":"Lyc\u00e9e Fran\u00e7ais International de S\u00e9ville","url":"https:\/\/lfsevilla.com\/","logo":{"@type":"ImageObject","inLanguage":"fr-FR","@id":"https:\/\/lfsevilla.com\/#\/schema\/logo\/image\/","url":"https:\/\/lfsevilla.com\/wp-content\/uploads\/2023\/05\/Logo-Liceo-Frances-de-Sevilla-223x223-1.jpg","contentUrl":"https:\/\/lfsevilla.com\/wp-content\/uploads\/2023\/05\/Logo-Liceo-Frances-de-Sevilla-223x223-1.jpg","width":223,"height":223,"caption":"Lyc\u00e9e Fran\u00e7ais International de S\u00e9ville"},"image":{"@id":"https:\/\/lfsevilla.com\/#\/schema\/logo\/image\/"},"sameAs":["https:\/\/www.facebook.com\/LiceoFrancesSevilla\/","https:\/\/x.com\/lfsevilla","https:\/\/www.linkedin.com\/company\/liceo-francs-internacional-de-sevilla\/","https:\/\/www.instagram.com\/liceofrancessevilla\/","https:\/\/www.youtube.com\/@liceofrancessevilla1124"]},{"@type":"Person","@id":"https:\/\/lfsevilla.com\/#\/schema\/person\/bc104fea3217d17a6cb775e4d1deee61","name":"lfsevilla.com","image":{"@type":"ImageObject","inLanguage":"fr-FR","@id":"https:\/\/lfsevilla.com\/#\/schema\/person\/image\/","url":"https:\/\/secure.gravatar.com\/avatar\/ca45d8e2698d171bd8c48a6fa538a3eedf4db83cf6dca639f733c58616cfaf60?s=96&d=mm&r=g","contentUrl":"https:\/\/secure.gravatar.com\/avatar\/ca45d8e2698d171bd8c48a6fa538a3eedf4db83cf6dca639f733c58616cfaf60?s=96&d=mm&r=g","caption":"lfsevilla.com"},"url":"https:\/\/lfsevilla.com\/fr\/author\/wwwlfsevilla-com\/"}]}},"_links":{"self":[{"href":"https:\/\/lfsevilla.com\/fr\/wp-json\/wp\/v2\/posts\/4294","targetHints":{"allow":["GET"]}}],"collection":[{"href":"https:\/\/lfsevilla.com\/fr\/wp-json\/wp\/v2\/posts"}],"about":[{"href":"https:\/\/lfsevilla.com\/fr\/wp-json\/wp\/v2\/types\/post"}],"author":[{"embeddable":true,"href":"https:\/\/lfsevilla.com\/fr\/wp-json\/wp\/v2\/users\/3"}],"replies":[{"embeddable":true,"href":"https:\/\/lfsevilla.com\/fr\/wp-json\/wp\/v2\/comments?post=4294"}],"version-history":[{"count":1,"href":"https:\/\/lfsevilla.com\/fr\/wp-json\/wp\/v2\/posts\/4294\/revisions"}],"predecessor-version":[{"id":4295,"href":"https:\/\/lfsevilla.com\/fr\/wp-json\/wp\/v2\/posts\/4294\/revisions\/4295"}],"wp:featuredmedia":[{"embeddable":true,"href":"https:\/\/lfsevilla.com\/fr\/wp-json\/wp\/v2\/media\/4082"}],"wp:attachment":[{"href":"https:\/\/lfsevilla.com\/fr\/wp-json\/wp\/v2\/media?parent=4294"}],"wp:term":[{"taxonomy":"category","embeddable":true,"href":"https:\/\/lfsevilla.com\/fr\/wp-json\/wp\/v2\/categories?post=4294"},{"taxonomy":"post_tag","embeddable":true,"href":"https:\/\/lfsevilla.com\/fr\/wp-json\/wp\/v2\/tags?post=4294"}],"curies":[{"name":"wp","href":"https:\/\/api.w.org\/{rel}","templated":true}]}}