{"id":2544,"date":"2018-11-26T23:12:21","date_gmt":"2018-11-26T22:12:21","guid":{"rendered":"https:\/\/lfsevilla.com\/?p=2544"},"modified":"2018-11-26T23:12:21","modified_gmt":"2018-11-26T22:12:21","slug":"2544","status":"publish","type":"post","link":"https:\/\/lfsevilla.com\/fr\/2544\/","title":{"rendered":""},"content":{"rendered":"<p>L&#8217;AMPA des petits r\u00e9alisera ce mardi 27 novembre, \u00e0 10:15 heure, l&#8217;atelier du mois &#8216; S&#8217;\u00e9veiller du corps &#8216;. \u00a0Cet atelier est offert \u00e0 tous les parents d&#8217;enfants entre 0 et 3 ans d&#8217;\u00e2ge.<br \/>\nL&#8217;entr\u00e9e est libre et l&#8217;atelier se d\u00e9veloppera dans les trois langues \u00e9tudi\u00e9es au Lyc\u00e9e Fran\u00e7ais de S\u00e9ville,Le Fran\u00e7ais, l&#8217;Espagnol et \u00a0l&#8217;Anglais. L&#8217;AMPA des petits ouvre ses portes d\u00e8s 9h00.<br \/>\nDans le blog de l&#8217;AMPA du LFS se trouvent toutes les activit\u00e9s organis\u00e9es par les parents d&#8217;\u00e9l\u00e8ves du Lyc\u00e9e.<\/p>\n","protected":false},"excerpt":{"rendered":"<p>L&#8217;AMPA des petits r\u00e9alisera ce mardi 27 novembre, \u00e0 10:15 heure, l&#8217;atelier du mois &#8216; S&#8217;\u00e9veiller du corps &#8216;. \u00a0Cet atelier est offert \u00e0 tous les parents d&#8217;enfants entre 0 et 3 ans d&#8217;\u00e2ge. L&#8217;entr\u00e9e est libre et l&#8217;atelier se d\u00e9veloppera dans les trois langues \u00e9tudi\u00e9es au Lyc\u00e9e Fran\u00e7ais de S\u00e9ville,Le Fran\u00e7ais, l&#8217;Espagnol et \u00a0l&#8217;Anglais. [&hellip;]<\/p>\n","protected":false},"author":3,"featured_media":2501,"comment_status":"open","ping_status":"open","sticky":false,"template":"","format":"standard","meta":{"_et_pb_use_builder":"","_et_pb_old_content":"","_et_gb_content_width":"","footnotes":""},"categories":[2],"tags":[],"class_list":["post-2544","post","type-post","status-publish","format-standard","has-post-thumbnail","hentry","category-non-classifiee"],"yoast_head":"<!-- This site is optimized with the Yoast SEO plugin v27.0 - https:\/\/yoast.com\/product\/yoast-seo-wordpress\/ -->\n<title>- Lyc\u00e9e Fran\u00e7ais de S\u00e9ville | Colegio privado biling\u00fce en Sevilla<\/title>\n<meta name=\"robots\" content=\"index, follow, max-snippet:-1, max-image-preview:large, max-video-preview:-1\" \/>\n<link rel=\"canonical\" href=\"https:\/\/lfsevilla.com\/fr\/2544\/\" \/>\n<meta property=\"og:locale\" content=\"fr_FR\" \/>\n<meta property=\"og:type\" content=\"article\" \/>\n<meta property=\"og:title\" content=\"- Lyc\u00e9e Fran\u00e7ais de S\u00e9ville | Colegio privado biling\u00fce en Sevilla\" \/>\n<meta property=\"og:description\" content=\"L&#8217;AMPA des petits r\u00e9alisera ce mardi 27 novembre, \u00e0 10:15 heure, l&#8217;atelier du mois &#8216; S&#8217;\u00e9veiller du corps &#8216;. \u00a0Cet atelier est offert \u00e0 tous les parents d&#8217;enfants entre 0 et 3 ans d&#8217;\u00e2ge. L&#8217;entr\u00e9e est libre et l&#8217;atelier se d\u00e9veloppera dans les trois langues \u00e9tudi\u00e9es au Lyc\u00e9e Fran\u00e7ais de S\u00e9ville,Le Fran\u00e7ais, l&#8217;Espagnol et \u00a0l&#8217;Anglais. [&hellip;]\" \/>\n<meta property=\"og:url\" content=\"https:\/\/lfsevilla.com\/fr\/2544\/\" \/>\n<meta property=\"og:site_name\" content=\"Lyc\u00e9e Fran\u00e7ais de S\u00e9ville | Colegio privado biling\u00fce en Sevilla\" \/>\n<meta property=\"article:publisher\" content=\"https:\/\/www.facebook.com\/LiceoFrancesSevilla\/\" \/>\n<meta property=\"article:published_time\" content=\"2018-11-26T22:12:21+00:00\" \/>\n<meta property=\"og:image\" content=\"https:\/\/lfsevilla.com\/wp-content\/uploads\/2018\/11\/TALLER-MES-NOV18-1.jpg\" \/>\n\t<meta property=\"og:image:width\" content=\"2480\" \/>\n\t<meta property=\"og:image:height\" content=\"3507\" \/>\n\t<meta property=\"og:image:type\" content=\"image\/jpeg\" \/>\n<meta name=\"author\" content=\"lfsevilla.com\" \/>\n<meta name=\"twitter:card\" content=\"summary_large_image\" \/>\n<meta name=\"twitter:creator\" content=\"@lfsevilla\" \/>\n<meta name=\"twitter:site\" content=\"@lfsevilla\" \/>\n<meta name=\"twitter:label1\" content=\"\u00c9crit par\" \/>\n\t<meta name=\"twitter:data1\" content=\"lfsevilla.com\" \/>\n<script type=\"application\/ld+json\" class=\"yoast-schema-graph\">{\"@context\":\"https:\/\/schema.org\",\"@graph\":[{\"@type\":\"Article\",\"@id\":\"https:\/\/lfsevilla.com\/fr\/2544\/#article\",\"isPartOf\":{\"@id\":\"https:\/\/lfsevilla.com\/fr\/2544\/\"},\"author\":{\"name\":\"lfsevilla.com\",\"@id\":\"https:\/\/lfsevilla.com\/#\/schema\/person\/bc104fea3217d17a6cb775e4d1deee61\"},\"headline\":\"Aucun titre\",\"datePublished\":\"2018-11-26T22:12:21+00:00\",\"mainEntityOfPage\":{\"@id\":\"https:\/\/lfsevilla.com\/fr\/2544\/\"},\"wordCount\":100,\"commentCount\":0,\"publisher\":{\"@id\":\"https:\/\/lfsevilla.com\/#organization\"},\"image\":{\"@id\":\"https:\/\/lfsevilla.com\/fr\/2544\/#primaryimage\"},\"thumbnailUrl\":\"https:\/\/lfsevilla.com\/wp-content\/uploads\/2018\/11\/TALLER-MES-NOV18-1.jpg\",\"articleSection\":[\"Non classifi\u00e9(e)\"],\"inLanguage\":\"fr-FR\",\"potentialAction\":[{\"@type\":\"CommentAction\",\"name\":\"Comment\",\"target\":[\"https:\/\/lfsevilla.com\/fr\/2544\/#respond\"]}]},{\"@type\":\"WebPage\",\"@id\":\"https:\/\/lfsevilla.com\/fr\/2544\/\",\"url\":\"https:\/\/lfsevilla.com\/fr\/2544\/\",\"name\":\"- Lyc\u00e9e Fran\u00e7ais de S\u00e9ville | Colegio privado biling\u00fce en Sevilla\",\"isPartOf\":{\"@id\":\"https:\/\/lfsevilla.com\/#website\"},\"primaryImageOfPage\":{\"@id\":\"https:\/\/lfsevilla.com\/fr\/2544\/#primaryimage\"},\"image\":{\"@id\":\"https:\/\/lfsevilla.com\/fr\/2544\/#primaryimage\"},\"thumbnailUrl\":\"https:\/\/lfsevilla.com\/wp-content\/uploads\/2018\/11\/TALLER-MES-NOV18-1.jpg\",\"datePublished\":\"2018-11-26T22:12:21+00:00\",\"inLanguage\":\"fr-FR\",\"potentialAction\":[{\"@type\":\"ReadAction\",\"target\":[\"https:\/\/lfsevilla.com\/fr\/2544\/\"]}]},{\"@type\":\"ImageObject\",\"inLanguage\":\"fr-FR\",\"@id\":\"https:\/\/lfsevilla.com\/fr\/2544\/#primaryimage\",\"url\":\"https:\/\/lfsevilla.com\/wp-content\/uploads\/2018\/11\/TALLER-MES-NOV18-1.jpg\",\"contentUrl\":\"https:\/\/lfsevilla.com\/wp-content\/uploads\/2018\/11\/TALLER-MES-NOV18-1.jpg\",\"width\":2480,\"height\":3507},{\"@type\":\"WebSite\",\"@id\":\"https:\/\/lfsevilla.com\/#website\",\"url\":\"https:\/\/lfsevilla.com\/\",\"name\":\"Lyc\u00e9e Fran\u00e7ais de S\u00e9ville | Colegio privado internacional triling\u00fce en Sevilla\",\"description\":\"El Liceo franc\u00e9s de Sevilla ofrece una ense\u00f1anza pluriling\u00fce (ingl\u00e9s, franc\u00e9s y espa\u00f1ol), multicultural y respetuosa con las libertades individuales.\",\"publisher\":{\"@id\":\"https:\/\/lfsevilla.com\/#organization\"},\"potentialAction\":[{\"@type\":\"SearchAction\",\"target\":{\"@type\":\"EntryPoint\",\"urlTemplate\":\"https:\/\/lfsevilla.com\/?s={search_term_string}\"},\"query-input\":{\"@type\":\"PropertyValueSpecification\",\"valueRequired\":true,\"valueName\":\"search_term_string\"}}],\"inLanguage\":\"fr-FR\"},{\"@type\":\"Organization\",\"@id\":\"https:\/\/lfsevilla.com\/#organization\",\"name\":\"Lyc\u00e9e Fran\u00e7ais International de S\u00e9ville\",\"url\":\"https:\/\/lfsevilla.com\/\",\"logo\":{\"@type\":\"ImageObject\",\"inLanguage\":\"fr-FR\",\"@id\":\"https:\/\/lfsevilla.com\/#\/schema\/logo\/image\/\",\"url\":\"https:\/\/lfsevilla.com\/wp-content\/uploads\/2023\/05\/Logo-Liceo-Frances-de-Sevilla-223x223-1.jpg\",\"contentUrl\":\"https:\/\/lfsevilla.com\/wp-content\/uploads\/2023\/05\/Logo-Liceo-Frances-de-Sevilla-223x223-1.jpg\",\"width\":223,\"height\":223,\"caption\":\"Lyc\u00e9e Fran\u00e7ais International de S\u00e9ville\"},\"image\":{\"@id\":\"https:\/\/lfsevilla.com\/#\/schema\/logo\/image\/\"},\"sameAs\":[\"https:\/\/www.facebook.com\/LiceoFrancesSevilla\/\",\"https:\/\/x.com\/lfsevilla\",\"https:\/\/www.linkedin.com\/company\/liceo-francs-internacional-de-sevilla\/\",\"https:\/\/www.instagram.com\/liceofrancessevilla\/\",\"https:\/\/www.youtube.com\/@liceofrancessevilla1124\"]},{\"@type\":\"Person\",\"@id\":\"https:\/\/lfsevilla.com\/#\/schema\/person\/bc104fea3217d17a6cb775e4d1deee61\",\"name\":\"lfsevilla.com\",\"image\":{\"@type\":\"ImageObject\",\"inLanguage\":\"fr-FR\",\"@id\":\"https:\/\/lfsevilla.com\/#\/schema\/person\/image\/\",\"url\":\"https:\/\/secure.gravatar.com\/avatar\/ca45d8e2698d171bd8c48a6fa538a3eedf4db83cf6dca639f733c58616cfaf60?s=96&d=mm&r=g\",\"contentUrl\":\"https:\/\/secure.gravatar.com\/avatar\/ca45d8e2698d171bd8c48a6fa538a3eedf4db83cf6dca639f733c58616cfaf60?s=96&d=mm&r=g\",\"caption\":\"lfsevilla.com\"},\"url\":\"https:\/\/lfsevilla.com\/fr\/author\/wwwlfsevilla-com\/\"}]}<\/script>\n<!-- \/ Yoast SEO plugin. -->","yoast_head_json":{"title":"- Lyc\u00e9e Fran\u00e7ais de S\u00e9ville | Colegio privado biling\u00fce en Sevilla","robots":{"index":"index","follow":"follow","max-snippet":"max-snippet:-1","max-image-preview":"max-image-preview:large","max-video-preview":"max-video-preview:-1"},"canonical":"https:\/\/lfsevilla.com\/fr\/2544\/","og_locale":"fr_FR","og_type":"article","og_title":"- Lyc\u00e9e Fran\u00e7ais de S\u00e9ville | Colegio privado biling\u00fce en Sevilla","og_description":"L&#8217;AMPA des petits r\u00e9alisera ce mardi 27 novembre, \u00e0 10:15 heure, l&#8217;atelier du mois &#8216; S&#8217;\u00e9veiller du corps &#8216;. \u00a0Cet atelier est offert \u00e0 tous les parents d&#8217;enfants entre 0 et 3 ans d&#8217;\u00e2ge. L&#8217;entr\u00e9e est libre et l&#8217;atelier se d\u00e9veloppera dans les trois langues \u00e9tudi\u00e9es au Lyc\u00e9e Fran\u00e7ais de S\u00e9ville,Le Fran\u00e7ais, l&#8217;Espagnol et \u00a0l&#8217;Anglais. [&hellip;]","og_url":"https:\/\/lfsevilla.com\/fr\/2544\/","og_site_name":"Lyc\u00e9e Fran\u00e7ais de S\u00e9ville | Colegio privado biling\u00fce en Sevilla","article_publisher":"https:\/\/www.facebook.com\/LiceoFrancesSevilla\/","article_published_time":"2018-11-26T22:12:21+00:00","og_image":[{"width":2480,"height":3507,"url":"https:\/\/lfsevilla.com\/wp-content\/uploads\/2018\/11\/TALLER-MES-NOV18-1.jpg","type":"image\/jpeg"}],"author":"lfsevilla.com","twitter_card":"summary_large_image","twitter_creator":"@lfsevilla","twitter_site":"@lfsevilla","twitter_misc":{"\u00c9crit par":"lfsevilla.com"},"schema":{"@context":"https:\/\/schema.org","@graph":[{"@type":"Article","@id":"https:\/\/lfsevilla.com\/fr\/2544\/#article","isPartOf":{"@id":"https:\/\/lfsevilla.com\/fr\/2544\/"},"author":{"name":"lfsevilla.com","@id":"https:\/\/lfsevilla.com\/#\/schema\/person\/bc104fea3217d17a6cb775e4d1deee61"},"headline":"Aucun titre","datePublished":"2018-11-26T22:12:21+00:00","mainEntityOfPage":{"@id":"https:\/\/lfsevilla.com\/fr\/2544\/"},"wordCount":100,"commentCount":0,"publisher":{"@id":"https:\/\/lfsevilla.com\/#organization"},"image":{"@id":"https:\/\/lfsevilla.com\/fr\/2544\/#primaryimage"},"thumbnailUrl":"https:\/\/lfsevilla.com\/wp-content\/uploads\/2018\/11\/TALLER-MES-NOV18-1.jpg","articleSection":["Non classifi\u00e9(e)"],"inLanguage":"fr-FR","potentialAction":[{"@type":"CommentAction","name":"Comment","target":["https:\/\/lfsevilla.com\/fr\/2544\/#respond"]}]},{"@type":"WebPage","@id":"https:\/\/lfsevilla.com\/fr\/2544\/","url":"https:\/\/lfsevilla.com\/fr\/2544\/","name":"- Lyc\u00e9e Fran\u00e7ais de S\u00e9ville | Colegio privado biling\u00fce en Sevilla","isPartOf":{"@id":"https:\/\/lfsevilla.com\/#website"},"primaryImageOfPage":{"@id":"https:\/\/lfsevilla.com\/fr\/2544\/#primaryimage"},"image":{"@id":"https:\/\/lfsevilla.com\/fr\/2544\/#primaryimage"},"thumbnailUrl":"https:\/\/lfsevilla.com\/wp-content\/uploads\/2018\/11\/TALLER-MES-NOV18-1.jpg","datePublished":"2018-11-26T22:12:21+00:00","inLanguage":"fr-FR","potentialAction":[{"@type":"ReadAction","target":["https:\/\/lfsevilla.com\/fr\/2544\/"]}]},{"@type":"ImageObject","inLanguage":"fr-FR","@id":"https:\/\/lfsevilla.com\/fr\/2544\/#primaryimage","url":"https:\/\/lfsevilla.com\/wp-content\/uploads\/2018\/11\/TALLER-MES-NOV18-1.jpg","contentUrl":"https:\/\/lfsevilla.com\/wp-content\/uploads\/2018\/11\/TALLER-MES-NOV18-1.jpg","width":2480,"height":3507},{"@type":"WebSite","@id":"https:\/\/lfsevilla.com\/#website","url":"https:\/\/lfsevilla.com\/","name":"Lyc\u00e9e Fran\u00e7ais de S\u00e9ville | Colegio privado internacional triling\u00fce en Sevilla","description":"El Liceo franc\u00e9s de Sevilla ofrece una ense\u00f1anza pluriling\u00fce (ingl\u00e9s, franc\u00e9s y espa\u00f1ol), multicultural y respetuosa con las libertades individuales.","publisher":{"@id":"https:\/\/lfsevilla.com\/#organization"},"potentialAction":[{"@type":"SearchAction","target":{"@type":"EntryPoint","urlTemplate":"https:\/\/lfsevilla.com\/?s={search_term_string}"},"query-input":{"@type":"PropertyValueSpecification","valueRequired":true,"valueName":"search_term_string"}}],"inLanguage":"fr-FR"},{"@type":"Organization","@id":"https:\/\/lfsevilla.com\/#organization","name":"Lyc\u00e9e Fran\u00e7ais International de S\u00e9ville","url":"https:\/\/lfsevilla.com\/","logo":{"@type":"ImageObject","inLanguage":"fr-FR","@id":"https:\/\/lfsevilla.com\/#\/schema\/logo\/image\/","url":"https:\/\/lfsevilla.com\/wp-content\/uploads\/2023\/05\/Logo-Liceo-Frances-de-Sevilla-223x223-1.jpg","contentUrl":"https:\/\/lfsevilla.com\/wp-content\/uploads\/2023\/05\/Logo-Liceo-Frances-de-Sevilla-223x223-1.jpg","width":223,"height":223,"caption":"Lyc\u00e9e Fran\u00e7ais International de S\u00e9ville"},"image":{"@id":"https:\/\/lfsevilla.com\/#\/schema\/logo\/image\/"},"sameAs":["https:\/\/www.facebook.com\/LiceoFrancesSevilla\/","https:\/\/x.com\/lfsevilla","https:\/\/www.linkedin.com\/company\/liceo-francs-internacional-de-sevilla\/","https:\/\/www.instagram.com\/liceofrancessevilla\/","https:\/\/www.youtube.com\/@liceofrancessevilla1124"]},{"@type":"Person","@id":"https:\/\/lfsevilla.com\/#\/schema\/person\/bc104fea3217d17a6cb775e4d1deee61","name":"lfsevilla.com","image":{"@type":"ImageObject","inLanguage":"fr-FR","@id":"https:\/\/lfsevilla.com\/#\/schema\/person\/image\/","url":"https:\/\/secure.gravatar.com\/avatar\/ca45d8e2698d171bd8c48a6fa538a3eedf4db83cf6dca639f733c58616cfaf60?s=96&d=mm&r=g","contentUrl":"https:\/\/secure.gravatar.com\/avatar\/ca45d8e2698d171bd8c48a6fa538a3eedf4db83cf6dca639f733c58616cfaf60?s=96&d=mm&r=g","caption":"lfsevilla.com"},"url":"https:\/\/lfsevilla.com\/fr\/author\/wwwlfsevilla-com\/"}]}},"_links":{"self":[{"href":"https:\/\/lfsevilla.com\/fr\/wp-json\/wp\/v2\/posts\/2544","targetHints":{"allow":["GET"]}}],"collection":[{"href":"https:\/\/lfsevilla.com\/fr\/wp-json\/wp\/v2\/posts"}],"about":[{"href":"https:\/\/lfsevilla.com\/fr\/wp-json\/wp\/v2\/types\/post"}],"author":[{"embeddable":true,"href":"https:\/\/lfsevilla.com\/fr\/wp-json\/wp\/v2\/users\/3"}],"replies":[{"embeddable":true,"href":"https:\/\/lfsevilla.com\/fr\/wp-json\/wp\/v2\/comments?post=2544"}],"version-history":[{"count":1,"href":"https:\/\/lfsevilla.com\/fr\/wp-json\/wp\/v2\/posts\/2544\/revisions"}],"predecessor-version":[{"id":2545,"href":"https:\/\/lfsevilla.com\/fr\/wp-json\/wp\/v2\/posts\/2544\/revisions\/2545"}],"wp:featuredmedia":[{"embeddable":true,"href":"https:\/\/lfsevilla.com\/fr\/wp-json\/wp\/v2\/media\/2501"}],"wp:attachment":[{"href":"https:\/\/lfsevilla.com\/fr\/wp-json\/wp\/v2\/media?parent=2544"}],"wp:term":[{"taxonomy":"category","embeddable":true,"href":"https:\/\/lfsevilla.com\/fr\/wp-json\/wp\/v2\/categories?post=2544"},{"taxonomy":"post_tag","embeddable":true,"href":"https:\/\/lfsevilla.com\/fr\/wp-json\/wp\/v2\/tags?post=2544"}],"curies":[{"name":"wp","href":"https:\/\/api.w.org\/{rel}","templated":true}]}}