{"id":2542,"date":"2018-11-26T23:07:51","date_gmt":"2018-11-26T22:07:51","guid":{"rendered":"https:\/\/lfsevilla.com\/?p=2542"},"modified":"2018-11-26T23:07:51","modified_gmt":"2018-11-26T22:07:51","slug":"les-eleves-participent-a-la-connaissance-de-leur-quartier","status":"publish","type":"post","link":"https:\/\/lfsevilla.com\/fr\/les-eleves-participent-a-la-connaissance-de-leur-quartier\/","title":{"rendered":"Les \u00e9l\u00e8ves participent \u00e0 la connaissance de leur quartier"},"content":{"rendered":"<p>Les \u00e9l\u00e8ves de la classe de CE1B et CE2B ont r\u00e9alis\u00e9 une activit\u00e9 ext\u00e9rieure d\u00e9nomm\u00e9e &#8216; Nous connaissons notre quartier &#8216;, dont l&#8217;objectif est de visiter les lieux d&#8217;int\u00e9r\u00eat de l&#8217;\u00cele de la Cartuja, le quartier o\u00f9 le LFS se trouve. En plus de ces visites, les \u00e9l\u00e8ves apprennent \u00e0 s&#8217;orienter et \u00e0 placer diff\u00e9rents \u00e9difices du quartier sur un plan.<br \/>\n&#8220;Nous connaissons notre quartier &#8216; \u00a0Conjugaison de \u00a0l&#8217;apprentissage de l&#8217;histoire de l&#8217;\u00cele de la Cartuja et de ses \u00e9difices avec l&#8217;utilisation des plans et de cartes et l&#8217;exercice physique.<\/p>\n<p><img decoding=\"async\" class=\"alignnone size-large wp-image-2481\" src=\"https:\/\/lfsevilla.com\/wp-content\/uploads\/2018\/11\/20181115_093234-1024x768.jpg\" alt=\"\" width=\"1024\" height=\"768\" srcset=\"https:\/\/lfsevilla.com\/wp-content\/uploads\/2018\/11\/20181115_093234-1024x768.jpg 1024w, https:\/\/lfsevilla.com\/wp-content\/uploads\/2018\/11\/20181115_093234-300x225.jpg 300w, https:\/\/lfsevilla.com\/wp-content\/uploads\/2018\/11\/20181115_093234-768x576.jpg 768w, https:\/\/lfsevilla.com\/wp-content\/uploads\/2018\/11\/20181115_093234-510x382.jpg 510w, https:\/\/lfsevilla.com\/wp-content\/uploads\/2018\/11\/20181115_093234-1080x810.jpg 1080w\" sizes=\"(max-width: 1024px) 100vw, 1024px\" \/><img decoding=\"async\" class=\"alignnone size-large wp-image-2483\" src=\"https:\/\/lfsevilla.com\/wp-content\/uploads\/2018\/11\/20181115_093248-1024x768.jpg\" alt=\"\" width=\"1024\" height=\"768\" srcset=\"https:\/\/lfsevilla.com\/wp-content\/uploads\/2018\/11\/20181115_093248-1024x768.jpg 1024w, https:\/\/lfsevilla.com\/wp-content\/uploads\/2018\/11\/20181115_093248-300x225.jpg 300w, https:\/\/lfsevilla.com\/wp-content\/uploads\/2018\/11\/20181115_093248-768x576.jpg 768w, https:\/\/lfsevilla.com\/wp-content\/uploads\/2018\/11\/20181115_093248-510x382.jpg 510w, https:\/\/lfsevilla.com\/wp-content\/uploads\/2018\/11\/20181115_093248-1080x810.jpg 1080w\" sizes=\"(max-width: 1024px) 100vw, 1024px\" \/><img decoding=\"async\" class=\"alignnone size-large wp-image-2491\" src=\"https:\/\/lfsevilla.com\/wp-content\/uploads\/2018\/11\/20181115_102649-1024x768.jpg\" alt=\"\" width=\"1024\" height=\"768\" srcset=\"https:\/\/lfsevilla.com\/wp-content\/uploads\/2018\/11\/20181115_102649-1024x768.jpg 1024w, https:\/\/lfsevilla.com\/wp-content\/uploads\/2018\/11\/20181115_102649-300x225.jpg 300w, https:\/\/lfsevilla.com\/wp-content\/uploads\/2018\/11\/20181115_102649-768x576.jpg 768w, https:\/\/lfsevilla.com\/wp-content\/uploads\/2018\/11\/20181115_102649-510x382.jpg 510w, https:\/\/lfsevilla.com\/wp-content\/uploads\/2018\/11\/20181115_102649-1080x810.jpg 1080w\" sizes=\"(max-width: 1024px) 100vw, 1024px\" \/><\/p>\n","protected":false},"excerpt":{"rendered":"<p>Les \u00e9l\u00e8ves de la classe de CE1B et CE2B ont r\u00e9alis\u00e9 une activit\u00e9 ext\u00e9rieure d\u00e9nomm\u00e9e &#8216; Nous connaissons notre quartier &#8216;, dont l&#8217;objectif est de visiter les lieux d&#8217;int\u00e9r\u00eat de l&#8217;\u00cele de la Cartuja, le quartier o\u00f9 le LFS se trouve. En plus de ces visites, les \u00e9l\u00e8ves apprennent \u00e0 s&#8217;orienter et \u00e0 placer diff\u00e9rents [&hellip;]<\/p>\n","protected":false},"author":3,"featured_media":2487,"comment_status":"open","ping_status":"open","sticky":false,"template":"","format":"standard","meta":{"_et_pb_use_builder":"","_et_pb_old_content":"","_et_gb_content_width":"","footnotes":""},"categories":[2],"tags":[],"class_list":["post-2542","post","type-post","status-publish","format-standard","has-post-thumbnail","hentry","category-non-classifiee"],"yoast_head":"<!-- This site is optimized with the Yoast SEO plugin v27.0 - https:\/\/yoast.com\/product\/yoast-seo-wordpress\/ -->\n<title>Les \u00e9l\u00e8ves participent \u00e0 la connaissance de leur quartier - Lyc\u00e9e Fran\u00e7ais de S\u00e9ville | Colegio privado biling\u00fce en Sevilla<\/title>\n<meta name=\"robots\" content=\"index, follow, max-snippet:-1, max-image-preview:large, max-video-preview:-1\" \/>\n<link rel=\"canonical\" href=\"https:\/\/lfsevilla.com\/fr\/les-eleves-participent-a-la-connaissance-de-leur-quartier\/\" \/>\n<meta property=\"og:locale\" content=\"fr_FR\" \/>\n<meta property=\"og:type\" content=\"article\" \/>\n<meta property=\"og:title\" content=\"Les \u00e9l\u00e8ves participent \u00e0 la connaissance de leur quartier - Lyc\u00e9e Fran\u00e7ais de S\u00e9ville | Colegio privado biling\u00fce en Sevilla\" \/>\n<meta property=\"og:description\" content=\"Les \u00e9l\u00e8ves de la classe de CE1B et CE2B ont r\u00e9alis\u00e9 une activit\u00e9 ext\u00e9rieure d\u00e9nomm\u00e9e &#8216; Nous connaissons notre quartier &#8216;, dont l&#8217;objectif est de visiter les lieux d&#8217;int\u00e9r\u00eat de l&#8217;\u00cele de la Cartuja, le quartier o\u00f9 le LFS se trouve. En plus de ces visites, les \u00e9l\u00e8ves apprennent \u00e0 s&#8217;orienter et \u00e0 placer diff\u00e9rents [&hellip;]\" \/>\n<meta property=\"og:url\" content=\"https:\/\/lfsevilla.com\/fr\/les-eleves-participent-a-la-connaissance-de-leur-quartier\/\" \/>\n<meta property=\"og:site_name\" content=\"Lyc\u00e9e Fran\u00e7ais de S\u00e9ville | Colegio privado biling\u00fce en Sevilla\" \/>\n<meta property=\"article:publisher\" content=\"https:\/\/www.facebook.com\/LiceoFrancesSevilla\/\" \/>\n<meta property=\"article:published_time\" content=\"2018-11-26T22:07:51+00:00\" \/>\n<meta property=\"og:image\" content=\"https:\/\/lfsevilla.com\/wp-content\/uploads\/2018\/11\/20181115_093833-1024x768.jpg\" \/>\n\t<meta property=\"og:image:width\" content=\"1024\" \/>\n\t<meta property=\"og:image:height\" content=\"768\" \/>\n\t<meta property=\"og:image:type\" content=\"image\/jpeg\" \/>\n<meta name=\"author\" content=\"lfsevilla.com\" \/>\n<meta name=\"twitter:card\" content=\"summary_large_image\" \/>\n<meta name=\"twitter:creator\" content=\"@lfsevilla\" \/>\n<meta name=\"twitter:site\" content=\"@lfsevilla\" \/>\n<meta name=\"twitter:label1\" content=\"\u00c9crit par\" \/>\n\t<meta name=\"twitter:data1\" content=\"lfsevilla.com\" \/>\n\t<meta name=\"twitter:label2\" content=\"Dur\u00e9e de lecture estim\u00e9e\" \/>\n\t<meta name=\"twitter:data2\" content=\"1 minute\" \/>\n<script type=\"application\/ld+json\" class=\"yoast-schema-graph\">{\"@context\":\"https:\/\/schema.org\",\"@graph\":[{\"@type\":\"Article\",\"@id\":\"https:\/\/lfsevilla.com\/fr\/les-eleves-participent-a-la-connaissance-de-leur-quartier\/#article\",\"isPartOf\":{\"@id\":\"https:\/\/lfsevilla.com\/fr\/les-eleves-participent-a-la-connaissance-de-leur-quartier\/\"},\"author\":{\"name\":\"lfsevilla.com\",\"@id\":\"https:\/\/lfsevilla.com\/#\/schema\/person\/bc104fea3217d17a6cb775e4d1deee61\"},\"headline\":\"Les \u00e9l\u00e8ves participent \u00e0 la connaissance de leur quartier\",\"datePublished\":\"2018-11-26T22:07:51+00:00\",\"mainEntityOfPage\":{\"@id\":\"https:\/\/lfsevilla.com\/fr\/les-eleves-participent-a-la-connaissance-de-leur-quartier\/\"},\"wordCount\":114,\"commentCount\":0,\"publisher\":{\"@id\":\"https:\/\/lfsevilla.com\/#organization\"},\"image\":{\"@id\":\"https:\/\/lfsevilla.com\/fr\/les-eleves-participent-a-la-connaissance-de-leur-quartier\/#primaryimage\"},\"thumbnailUrl\":\"https:\/\/lfsevilla.com\/wp-content\/uploads\/2018\/11\/20181115_093833.jpg\",\"articleSection\":[\"Non classifi\u00e9(e)\"],\"inLanguage\":\"fr-FR\",\"potentialAction\":[{\"@type\":\"CommentAction\",\"name\":\"Comment\",\"target\":[\"https:\/\/lfsevilla.com\/fr\/les-eleves-participent-a-la-connaissance-de-leur-quartier\/#respond\"]}]},{\"@type\":\"WebPage\",\"@id\":\"https:\/\/lfsevilla.com\/fr\/les-eleves-participent-a-la-connaissance-de-leur-quartier\/\",\"url\":\"https:\/\/lfsevilla.com\/fr\/les-eleves-participent-a-la-connaissance-de-leur-quartier\/\",\"name\":\"Les \u00e9l\u00e8ves participent \u00e0 la connaissance de leur quartier - Lyc\u00e9e Fran\u00e7ais de S\u00e9ville | Colegio privado biling\u00fce en Sevilla\",\"isPartOf\":{\"@id\":\"https:\/\/lfsevilla.com\/#website\"},\"primaryImageOfPage\":{\"@id\":\"https:\/\/lfsevilla.com\/fr\/les-eleves-participent-a-la-connaissance-de-leur-quartier\/#primaryimage\"},\"image\":{\"@id\":\"https:\/\/lfsevilla.com\/fr\/les-eleves-participent-a-la-connaissance-de-leur-quartier\/#primaryimage\"},\"thumbnailUrl\":\"https:\/\/lfsevilla.com\/wp-content\/uploads\/2018\/11\/20181115_093833.jpg\",\"datePublished\":\"2018-11-26T22:07:51+00:00\",\"breadcrumb\":{\"@id\":\"https:\/\/lfsevilla.com\/fr\/les-eleves-participent-a-la-connaissance-de-leur-quartier\/#breadcrumb\"},\"inLanguage\":\"fr-FR\",\"potentialAction\":[{\"@type\":\"ReadAction\",\"target\":[\"https:\/\/lfsevilla.com\/fr\/les-eleves-participent-a-la-connaissance-de-leur-quartier\/\"]}]},{\"@type\":\"ImageObject\",\"inLanguage\":\"fr-FR\",\"@id\":\"https:\/\/lfsevilla.com\/fr\/les-eleves-participent-a-la-connaissance-de-leur-quartier\/#primaryimage\",\"url\":\"https:\/\/lfsevilla.com\/wp-content\/uploads\/2018\/11\/20181115_093833.jpg\",\"contentUrl\":\"https:\/\/lfsevilla.com\/wp-content\/uploads\/2018\/11\/20181115_093833.jpg\",\"width\":4128,\"height\":3096},{\"@type\":\"BreadcrumbList\",\"@id\":\"https:\/\/lfsevilla.com\/fr\/les-eleves-participent-a-la-connaissance-de-leur-quartier\/#breadcrumb\",\"itemListElement\":[{\"@type\":\"ListItem\",\"position\":1,\"name\":\"Portada\",\"item\":\"https:\/\/lfsevilla.com\/fr\/\"},{\"@type\":\"ListItem\",\"position\":2,\"name\":\"Les \u00e9l\u00e8ves participent \u00e0 la connaissance de leur quartier\"}]},{\"@type\":\"WebSite\",\"@id\":\"https:\/\/lfsevilla.com\/#website\",\"url\":\"https:\/\/lfsevilla.com\/\",\"name\":\"Lyc\u00e9e Fran\u00e7ais de S\u00e9ville | Colegio privado internacional triling\u00fce en Sevilla\",\"description\":\"El Liceo franc\u00e9s de Sevilla ofrece una ense\u00f1anza pluriling\u00fce (ingl\u00e9s, franc\u00e9s y espa\u00f1ol), multicultural y respetuosa con las libertades individuales.\",\"publisher\":{\"@id\":\"https:\/\/lfsevilla.com\/#organization\"},\"potentialAction\":[{\"@type\":\"SearchAction\",\"target\":{\"@type\":\"EntryPoint\",\"urlTemplate\":\"https:\/\/lfsevilla.com\/?s={search_term_string}\"},\"query-input\":{\"@type\":\"PropertyValueSpecification\",\"valueRequired\":true,\"valueName\":\"search_term_string\"}}],\"inLanguage\":\"fr-FR\"},{\"@type\":\"Organization\",\"@id\":\"https:\/\/lfsevilla.com\/#organization\",\"name\":\"Lyc\u00e9e Fran\u00e7ais International de S\u00e9ville\",\"url\":\"https:\/\/lfsevilla.com\/\",\"logo\":{\"@type\":\"ImageObject\",\"inLanguage\":\"fr-FR\",\"@id\":\"https:\/\/lfsevilla.com\/#\/schema\/logo\/image\/\",\"url\":\"https:\/\/lfsevilla.com\/wp-content\/uploads\/2023\/05\/Logo-Liceo-Frances-de-Sevilla-223x223-1.jpg\",\"contentUrl\":\"https:\/\/lfsevilla.com\/wp-content\/uploads\/2023\/05\/Logo-Liceo-Frances-de-Sevilla-223x223-1.jpg\",\"width\":223,\"height\":223,\"caption\":\"Lyc\u00e9e Fran\u00e7ais International de S\u00e9ville\"},\"image\":{\"@id\":\"https:\/\/lfsevilla.com\/#\/schema\/logo\/image\/\"},\"sameAs\":[\"https:\/\/www.facebook.com\/LiceoFrancesSevilla\/\",\"https:\/\/x.com\/lfsevilla\",\"https:\/\/www.linkedin.com\/company\/liceo-francs-internacional-de-sevilla\/\",\"https:\/\/www.instagram.com\/liceofrancessevilla\/\",\"https:\/\/www.youtube.com\/@liceofrancessevilla1124\"]},{\"@type\":\"Person\",\"@id\":\"https:\/\/lfsevilla.com\/#\/schema\/person\/bc104fea3217d17a6cb775e4d1deee61\",\"name\":\"lfsevilla.com\",\"image\":{\"@type\":\"ImageObject\",\"inLanguage\":\"fr-FR\",\"@id\":\"https:\/\/lfsevilla.com\/#\/schema\/person\/image\/\",\"url\":\"https:\/\/secure.gravatar.com\/avatar\/ca45d8e2698d171bd8c48a6fa538a3eedf4db83cf6dca639f733c58616cfaf60?s=96&d=mm&r=g\",\"contentUrl\":\"https:\/\/secure.gravatar.com\/avatar\/ca45d8e2698d171bd8c48a6fa538a3eedf4db83cf6dca639f733c58616cfaf60?s=96&d=mm&r=g\",\"caption\":\"lfsevilla.com\"},\"url\":\"https:\/\/lfsevilla.com\/fr\/author\/wwwlfsevilla-com\/\"}]}<\/script>\n<!-- \/ Yoast SEO plugin. -->","yoast_head_json":{"title":"Les \u00e9l\u00e8ves participent \u00e0 la connaissance de leur quartier - Lyc\u00e9e Fran\u00e7ais de S\u00e9ville | Colegio privado biling\u00fce en Sevilla","robots":{"index":"index","follow":"follow","max-snippet":"max-snippet:-1","max-image-preview":"max-image-preview:large","max-video-preview":"max-video-preview:-1"},"canonical":"https:\/\/lfsevilla.com\/fr\/les-eleves-participent-a-la-connaissance-de-leur-quartier\/","og_locale":"fr_FR","og_type":"article","og_title":"Les \u00e9l\u00e8ves participent \u00e0 la connaissance de leur quartier - Lyc\u00e9e Fran\u00e7ais de S\u00e9ville | Colegio privado biling\u00fce en Sevilla","og_description":"Les \u00e9l\u00e8ves de la classe de CE1B et CE2B ont r\u00e9alis\u00e9 une activit\u00e9 ext\u00e9rieure d\u00e9nomm\u00e9e &#8216; Nous connaissons notre quartier &#8216;, dont l&#8217;objectif est de visiter les lieux d&#8217;int\u00e9r\u00eat de l&#8217;\u00cele de la Cartuja, le quartier o\u00f9 le LFS se trouve. En plus de ces visites, les \u00e9l\u00e8ves apprennent \u00e0 s&#8217;orienter et \u00e0 placer diff\u00e9rents [&hellip;]","og_url":"https:\/\/lfsevilla.com\/fr\/les-eleves-participent-a-la-connaissance-de-leur-quartier\/","og_site_name":"Lyc\u00e9e Fran\u00e7ais de S\u00e9ville | Colegio privado biling\u00fce en Sevilla","article_publisher":"https:\/\/www.facebook.com\/LiceoFrancesSevilla\/","article_published_time":"2018-11-26T22:07:51+00:00","og_image":[{"width":1024,"height":768,"url":"https:\/\/lfsevilla.com\/wp-content\/uploads\/2018\/11\/20181115_093833-1024x768.jpg","type":"image\/jpeg"}],"author":"lfsevilla.com","twitter_card":"summary_large_image","twitter_creator":"@lfsevilla","twitter_site":"@lfsevilla","twitter_misc":{"\u00c9crit par":"lfsevilla.com","Dur\u00e9e de lecture estim\u00e9e":"1 minute"},"schema":{"@context":"https:\/\/schema.org","@graph":[{"@type":"Article","@id":"https:\/\/lfsevilla.com\/fr\/les-eleves-participent-a-la-connaissance-de-leur-quartier\/#article","isPartOf":{"@id":"https:\/\/lfsevilla.com\/fr\/les-eleves-participent-a-la-connaissance-de-leur-quartier\/"},"author":{"name":"lfsevilla.com","@id":"https:\/\/lfsevilla.com\/#\/schema\/person\/bc104fea3217d17a6cb775e4d1deee61"},"headline":"Les \u00e9l\u00e8ves participent \u00e0 la connaissance de leur quartier","datePublished":"2018-11-26T22:07:51+00:00","mainEntityOfPage":{"@id":"https:\/\/lfsevilla.com\/fr\/les-eleves-participent-a-la-connaissance-de-leur-quartier\/"},"wordCount":114,"commentCount":0,"publisher":{"@id":"https:\/\/lfsevilla.com\/#organization"},"image":{"@id":"https:\/\/lfsevilla.com\/fr\/les-eleves-participent-a-la-connaissance-de-leur-quartier\/#primaryimage"},"thumbnailUrl":"https:\/\/lfsevilla.com\/wp-content\/uploads\/2018\/11\/20181115_093833.jpg","articleSection":["Non classifi\u00e9(e)"],"inLanguage":"fr-FR","potentialAction":[{"@type":"CommentAction","name":"Comment","target":["https:\/\/lfsevilla.com\/fr\/les-eleves-participent-a-la-connaissance-de-leur-quartier\/#respond"]}]},{"@type":"WebPage","@id":"https:\/\/lfsevilla.com\/fr\/les-eleves-participent-a-la-connaissance-de-leur-quartier\/","url":"https:\/\/lfsevilla.com\/fr\/les-eleves-participent-a-la-connaissance-de-leur-quartier\/","name":"Les \u00e9l\u00e8ves participent \u00e0 la connaissance de leur quartier - Lyc\u00e9e Fran\u00e7ais de S\u00e9ville | Colegio privado biling\u00fce en Sevilla","isPartOf":{"@id":"https:\/\/lfsevilla.com\/#website"},"primaryImageOfPage":{"@id":"https:\/\/lfsevilla.com\/fr\/les-eleves-participent-a-la-connaissance-de-leur-quartier\/#primaryimage"},"image":{"@id":"https:\/\/lfsevilla.com\/fr\/les-eleves-participent-a-la-connaissance-de-leur-quartier\/#primaryimage"},"thumbnailUrl":"https:\/\/lfsevilla.com\/wp-content\/uploads\/2018\/11\/20181115_093833.jpg","datePublished":"2018-11-26T22:07:51+00:00","breadcrumb":{"@id":"https:\/\/lfsevilla.com\/fr\/les-eleves-participent-a-la-connaissance-de-leur-quartier\/#breadcrumb"},"inLanguage":"fr-FR","potentialAction":[{"@type":"ReadAction","target":["https:\/\/lfsevilla.com\/fr\/les-eleves-participent-a-la-connaissance-de-leur-quartier\/"]}]},{"@type":"ImageObject","inLanguage":"fr-FR","@id":"https:\/\/lfsevilla.com\/fr\/les-eleves-participent-a-la-connaissance-de-leur-quartier\/#primaryimage","url":"https:\/\/lfsevilla.com\/wp-content\/uploads\/2018\/11\/20181115_093833.jpg","contentUrl":"https:\/\/lfsevilla.com\/wp-content\/uploads\/2018\/11\/20181115_093833.jpg","width":4128,"height":3096},{"@type":"BreadcrumbList","@id":"https:\/\/lfsevilla.com\/fr\/les-eleves-participent-a-la-connaissance-de-leur-quartier\/#breadcrumb","itemListElement":[{"@type":"ListItem","position":1,"name":"Portada","item":"https:\/\/lfsevilla.com\/fr\/"},{"@type":"ListItem","position":2,"name":"Les \u00e9l\u00e8ves participent \u00e0 la connaissance de leur quartier"}]},{"@type":"WebSite","@id":"https:\/\/lfsevilla.com\/#website","url":"https:\/\/lfsevilla.com\/","name":"Lyc\u00e9e Fran\u00e7ais de S\u00e9ville | Colegio privado internacional triling\u00fce en Sevilla","description":"El Liceo franc\u00e9s de Sevilla ofrece una ense\u00f1anza pluriling\u00fce (ingl\u00e9s, franc\u00e9s y espa\u00f1ol), multicultural y respetuosa con las libertades individuales.","publisher":{"@id":"https:\/\/lfsevilla.com\/#organization"},"potentialAction":[{"@type":"SearchAction","target":{"@type":"EntryPoint","urlTemplate":"https:\/\/lfsevilla.com\/?s={search_term_string}"},"query-input":{"@type":"PropertyValueSpecification","valueRequired":true,"valueName":"search_term_string"}}],"inLanguage":"fr-FR"},{"@type":"Organization","@id":"https:\/\/lfsevilla.com\/#organization","name":"Lyc\u00e9e Fran\u00e7ais International de S\u00e9ville","url":"https:\/\/lfsevilla.com\/","logo":{"@type":"ImageObject","inLanguage":"fr-FR","@id":"https:\/\/lfsevilla.com\/#\/schema\/logo\/image\/","url":"https:\/\/lfsevilla.com\/wp-content\/uploads\/2023\/05\/Logo-Liceo-Frances-de-Sevilla-223x223-1.jpg","contentUrl":"https:\/\/lfsevilla.com\/wp-content\/uploads\/2023\/05\/Logo-Liceo-Frances-de-Sevilla-223x223-1.jpg","width":223,"height":223,"caption":"Lyc\u00e9e Fran\u00e7ais International de S\u00e9ville"},"image":{"@id":"https:\/\/lfsevilla.com\/#\/schema\/logo\/image\/"},"sameAs":["https:\/\/www.facebook.com\/LiceoFrancesSevilla\/","https:\/\/x.com\/lfsevilla","https:\/\/www.linkedin.com\/company\/liceo-francs-internacional-de-sevilla\/","https:\/\/www.instagram.com\/liceofrancessevilla\/","https:\/\/www.youtube.com\/@liceofrancessevilla1124"]},{"@type":"Person","@id":"https:\/\/lfsevilla.com\/#\/schema\/person\/bc104fea3217d17a6cb775e4d1deee61","name":"lfsevilla.com","image":{"@type":"ImageObject","inLanguage":"fr-FR","@id":"https:\/\/lfsevilla.com\/#\/schema\/person\/image\/","url":"https:\/\/secure.gravatar.com\/avatar\/ca45d8e2698d171bd8c48a6fa538a3eedf4db83cf6dca639f733c58616cfaf60?s=96&d=mm&r=g","contentUrl":"https:\/\/secure.gravatar.com\/avatar\/ca45d8e2698d171bd8c48a6fa538a3eedf4db83cf6dca639f733c58616cfaf60?s=96&d=mm&r=g","caption":"lfsevilla.com"},"url":"https:\/\/lfsevilla.com\/fr\/author\/wwwlfsevilla-com\/"}]}},"_links":{"self":[{"href":"https:\/\/lfsevilla.com\/fr\/wp-json\/wp\/v2\/posts\/2542","targetHints":{"allow":["GET"]}}],"collection":[{"href":"https:\/\/lfsevilla.com\/fr\/wp-json\/wp\/v2\/posts"}],"about":[{"href":"https:\/\/lfsevilla.com\/fr\/wp-json\/wp\/v2\/types\/post"}],"author":[{"embeddable":true,"href":"https:\/\/lfsevilla.com\/fr\/wp-json\/wp\/v2\/users\/3"}],"replies":[{"embeddable":true,"href":"https:\/\/lfsevilla.com\/fr\/wp-json\/wp\/v2\/comments?post=2542"}],"version-history":[{"count":1,"href":"https:\/\/lfsevilla.com\/fr\/wp-json\/wp\/v2\/posts\/2542\/revisions"}],"predecessor-version":[{"id":2543,"href":"https:\/\/lfsevilla.com\/fr\/wp-json\/wp\/v2\/posts\/2542\/revisions\/2543"}],"wp:featuredmedia":[{"embeddable":true,"href":"https:\/\/lfsevilla.com\/fr\/wp-json\/wp\/v2\/media\/2487"}],"wp:attachment":[{"href":"https:\/\/lfsevilla.com\/fr\/wp-json\/wp\/v2\/media?parent=2542"}],"wp:term":[{"taxonomy":"category","embeddable":true,"href":"https:\/\/lfsevilla.com\/fr\/wp-json\/wp\/v2\/categories?post=2542"},{"taxonomy":"post_tag","embeddable":true,"href":"https:\/\/lfsevilla.com\/fr\/wp-json\/wp\/v2\/tags?post=2542"}],"curies":[{"name":"wp","href":"https:\/\/api.w.org\/{rel}","templated":true}]}}