{"id":2528,"date":"2018-11-26T22:27:19","date_gmt":"2018-11-26T21:27:19","guid":{"rendered":"https:\/\/lfsevilla.com\/?p=2528"},"modified":"2018-11-26T22:27:19","modified_gmt":"2018-11-26T21:27:19","slug":"voyage-a-salon-de-provence-appariement","status":"publish","type":"post","link":"https:\/\/lfsevilla.com\/fr\/voyage-a-salon-de-provence-appariement\/","title":{"rendered":"Voyage \u00e0 Salon de Provence &#8211; Appariement"},"content":{"rendered":"<p>Les \u00e9l\u00e8ves et les \u00e9l\u00e8ves de 6 \u00ba entreprennent un voyage en France pour participer \u00e0 un \u00e9change scolaire avec le coll\u00e8ge Jean Bernard de Salon de Provence. Le s\u00e9jour, d&#8217;une semaine, situ\u00e9 proche d&#8217;Aix-en-Provence, dans le d\u00e9partement de Bouches du Rh\u00f4ne, dans la r\u00e9gion de \u00a0Provence-Alpes-C\u00f4te d&#8217;Azur.<br \/>\nCe voyage entre dans le cadre d&#8217;un programme d&#8217;\u00e9change du LFS \u00a0avec diff\u00e9rents centres scolaires pour offrir \u00e0 ses \u00e9l\u00e8ves la possibilit\u00e9 d&#8217;\u00e9changes de courte ou longue dur\u00e9e (un s\u00e9jour d&#8217;\u00e9l\u00e8ves d&#8217;une semaine, un mois, ou un trimestre).<br \/>\nLes \u00e9changes viennent compl\u00e9ter la formation des \u00e9l\u00e8ves avec une immersion dans d&#8217;autres cultures, en plus de permettre aux \u00e9l\u00e8ves de vivre une exp\u00e9rience extraordinaire<img decoding=\"async\" class=\"alignnone size-large wp-image-2404\" src=\"https:\/\/lfsevilla.com\/wp-content\/uploads\/2018\/11\/WhatsApp-Image-2018-11-15-at-10.04.52-768x1024.jpeg\" alt=\"\" width=\"768\" height=\"1024\" srcset=\"https:\/\/lfsevilla.com\/wp-content\/uploads\/2018\/11\/WhatsApp-Image-2018-11-15-at-10.04.52-768x1024.jpeg 768w, https:\/\/lfsevilla.com\/wp-content\/uploads\/2018\/11\/WhatsApp-Image-2018-11-15-at-10.04.52-225x300.jpeg 225w, https:\/\/lfsevilla.com\/wp-content\/uploads\/2018\/11\/WhatsApp-Image-2018-11-15-at-10.04.52-1080x1440.jpeg 1080w, https:\/\/lfsevilla.com\/wp-content\/uploads\/2018\/11\/WhatsApp-Image-2018-11-15-at-10.04.52.jpeg 1200w\" sizes=\"(max-width: 768px) 100vw, 768px\" \/><\/p>\n<p><img decoding=\"async\" class=\"alignnone size-large wp-image-2421\" src=\"https:\/\/lfsevilla.com\/wp-content\/uploads\/2018\/11\/WhatsApp-Image-2018-11-15-at-16.03.05-3-1024x768.jpeg\" alt=\"\" width=\"1024\" height=\"768\" srcset=\"https:\/\/lfsevilla.com\/wp-content\/uploads\/2018\/11\/WhatsApp-Image-2018-11-15-at-16.03.05-3-1024x768.jpeg 1024w, https:\/\/lfsevilla.com\/wp-content\/uploads\/2018\/11\/WhatsApp-Image-2018-11-15-at-16.03.05-3-300x225.jpeg 300w, https:\/\/lfsevilla.com\/wp-content\/uploads\/2018\/11\/WhatsApp-Image-2018-11-15-at-16.03.05-3-768x576.jpeg 768w, https:\/\/lfsevilla.com\/wp-content\/uploads\/2018\/11\/WhatsApp-Image-2018-11-15-at-16.03.05-3-510x382.jpeg 510w, https:\/\/lfsevilla.com\/wp-content\/uploads\/2018\/11\/WhatsApp-Image-2018-11-15-at-16.03.05-3-1080x810.jpeg 1080w, https:\/\/lfsevilla.com\/wp-content\/uploads\/2018\/11\/WhatsApp-Image-2018-11-15-at-16.03.05-3.jpeg 1600w\" sizes=\"(max-width: 1024px) 100vw, 1024px\" \/><img decoding=\"async\" class=\"alignnone size-large wp-image-2408\" src=\"https:\/\/lfsevilla.com\/wp-content\/uploads\/2018\/11\/Captura-de-pantalla-2018-11-15-a-las-13.20.25-1024x827.jpg\" alt=\"\" width=\"1024\" height=\"827\" srcset=\"https:\/\/lfsevilla.com\/wp-content\/uploads\/2018\/11\/Captura-de-pantalla-2018-11-15-a-las-13.20.25-1024x827.jpg 1024w, https:\/\/lfsevilla.com\/wp-content\/uploads\/2018\/11\/Captura-de-pantalla-2018-11-15-a-las-13.20.25-300x242.jpg 300w, https:\/\/lfsevilla.com\/wp-content\/uploads\/2018\/11\/Captura-de-pantalla-2018-11-15-a-las-13.20.25-768x620.jpg 768w, https:\/\/lfsevilla.com\/wp-content\/uploads\/2018\/11\/Captura-de-pantalla-2018-11-15-a-las-13.20.25-1080x872.jpg 1080w\" sizes=\"(max-width: 1024px) 100vw, 1024px\" \/><\/p>\n","protected":false},"excerpt":{"rendered":"<p>Les \u00e9l\u00e8ves et les \u00e9l\u00e8ves de 6 \u00ba entreprennent un voyage en France pour participer \u00e0 un \u00e9change scolaire avec le coll\u00e8ge Jean Bernard de Salon de Provence. Le s\u00e9jour, d&#8217;une semaine, situ\u00e9 proche d&#8217;Aix-en-Provence, dans le d\u00e9partement de Bouches du Rh\u00f4ne, dans la r\u00e9gion de \u00a0Provence-Alpes-C\u00f4te d&#8217;Azur. Ce voyage entre dans le cadre d&#8217;un [&hellip;]<\/p>\n","protected":false},"author":3,"featured_media":2404,"comment_status":"open","ping_status":"open","sticky":false,"template":"","format":"standard","meta":{"_et_pb_use_builder":"","_et_pb_old_content":"","_et_gb_content_width":"","footnotes":""},"categories":[2],"tags":[],"class_list":["post-2528","post","type-post","status-publish","format-standard","has-post-thumbnail","hentry","category-non-classifiee"],"yoast_head":"<!-- This site is optimized with the Yoast SEO plugin v27.0 - https:\/\/yoast.com\/product\/yoast-seo-wordpress\/ -->\n<title>Voyage \u00e0 Salon de Provence - Appariement - Lyc\u00e9e Fran\u00e7ais de S\u00e9ville | Colegio privado biling\u00fce en Sevilla<\/title>\n<meta name=\"robots\" content=\"index, follow, max-snippet:-1, max-image-preview:large, max-video-preview:-1\" \/>\n<link rel=\"canonical\" href=\"https:\/\/lfsevilla.com\/fr\/voyage-a-salon-de-provence-appariement\/\" \/>\n<meta property=\"og:locale\" content=\"fr_FR\" \/>\n<meta property=\"og:type\" content=\"article\" \/>\n<meta property=\"og:title\" content=\"Voyage \u00e0 Salon de Provence - Appariement - Lyc\u00e9e Fran\u00e7ais de S\u00e9ville | Colegio privado biling\u00fce en Sevilla\" \/>\n<meta property=\"og:description\" content=\"Les \u00e9l\u00e8ves et les \u00e9l\u00e8ves de 6 \u00ba entreprennent un voyage en France pour participer \u00e0 un \u00e9change scolaire avec le coll\u00e8ge Jean Bernard de Salon de Provence. Le s\u00e9jour, d&#8217;une semaine, situ\u00e9 proche d&#8217;Aix-en-Provence, dans le d\u00e9partement de Bouches du Rh\u00f4ne, dans la r\u00e9gion de \u00a0Provence-Alpes-C\u00f4te d&#8217;Azur. Ce voyage entre dans le cadre d&#8217;un [&hellip;]\" \/>\n<meta property=\"og:url\" content=\"https:\/\/lfsevilla.com\/fr\/voyage-a-salon-de-provence-appariement\/\" \/>\n<meta property=\"og:site_name\" content=\"Lyc\u00e9e Fran\u00e7ais de S\u00e9ville | Colegio privado biling\u00fce en Sevilla\" \/>\n<meta property=\"article:publisher\" content=\"https:\/\/www.facebook.com\/LiceoFrancesSevilla\/\" \/>\n<meta property=\"article:published_time\" content=\"2018-11-26T21:27:19+00:00\" \/>\n<meta property=\"og:image\" content=\"https:\/\/lfsevilla.com\/wp-content\/uploads\/2018\/11\/WhatsApp-Image-2018-11-15-at-10.04.52.jpeg\" \/>\n\t<meta property=\"og:image:width\" content=\"1200\" \/>\n\t<meta property=\"og:image:height\" content=\"1600\" \/>\n\t<meta property=\"og:image:type\" content=\"image\/jpeg\" \/>\n<meta name=\"author\" content=\"lfsevilla.com\" \/>\n<meta name=\"twitter:card\" content=\"summary_large_image\" \/>\n<meta name=\"twitter:creator\" content=\"@lfsevilla\" \/>\n<meta name=\"twitter:site\" content=\"@lfsevilla\" \/>\n<meta name=\"twitter:label1\" content=\"\u00c9crit par\" \/>\n\t<meta name=\"twitter:data1\" content=\"lfsevilla.com\" \/>\n\t<meta name=\"twitter:label2\" content=\"Dur\u00e9e de lecture estim\u00e9e\" \/>\n\t<meta name=\"twitter:data2\" content=\"1 minute\" \/>\n<script type=\"application\/ld+json\" class=\"yoast-schema-graph\">{\"@context\":\"https:\/\/schema.org\",\"@graph\":[{\"@type\":\"Article\",\"@id\":\"https:\/\/lfsevilla.com\/fr\/voyage-a-salon-de-provence-appariement\/#article\",\"isPartOf\":{\"@id\":\"https:\/\/lfsevilla.com\/fr\/voyage-a-salon-de-provence-appariement\/\"},\"author\":{\"name\":\"lfsevilla.com\",\"@id\":\"https:\/\/lfsevilla.com\/#\/schema\/person\/bc104fea3217d17a6cb775e4d1deee61\"},\"headline\":\"Voyage \u00e0 Salon de Provence &#8211; Appariement\",\"datePublished\":\"2018-11-26T21:27:19+00:00\",\"mainEntityOfPage\":{\"@id\":\"https:\/\/lfsevilla.com\/fr\/voyage-a-salon-de-provence-appariement\/\"},\"wordCount\":139,\"commentCount\":0,\"publisher\":{\"@id\":\"https:\/\/lfsevilla.com\/#organization\"},\"image\":{\"@id\":\"https:\/\/lfsevilla.com\/fr\/voyage-a-salon-de-provence-appariement\/#primaryimage\"},\"thumbnailUrl\":\"https:\/\/lfsevilla.com\/wp-content\/uploads\/2018\/11\/WhatsApp-Image-2018-11-15-at-10.04.52.jpeg\",\"articleSection\":[\"Non classifi\u00e9(e)\"],\"inLanguage\":\"fr-FR\",\"potentialAction\":[{\"@type\":\"CommentAction\",\"name\":\"Comment\",\"target\":[\"https:\/\/lfsevilla.com\/fr\/voyage-a-salon-de-provence-appariement\/#respond\"]}]},{\"@type\":\"WebPage\",\"@id\":\"https:\/\/lfsevilla.com\/fr\/voyage-a-salon-de-provence-appariement\/\",\"url\":\"https:\/\/lfsevilla.com\/fr\/voyage-a-salon-de-provence-appariement\/\",\"name\":\"Voyage \u00e0 Salon de Provence - Appariement - Lyc\u00e9e Fran\u00e7ais de S\u00e9ville | Colegio privado biling\u00fce en Sevilla\",\"isPartOf\":{\"@id\":\"https:\/\/lfsevilla.com\/#website\"},\"primaryImageOfPage\":{\"@id\":\"https:\/\/lfsevilla.com\/fr\/voyage-a-salon-de-provence-appariement\/#primaryimage\"},\"image\":{\"@id\":\"https:\/\/lfsevilla.com\/fr\/voyage-a-salon-de-provence-appariement\/#primaryimage\"},\"thumbnailUrl\":\"https:\/\/lfsevilla.com\/wp-content\/uploads\/2018\/11\/WhatsApp-Image-2018-11-15-at-10.04.52.jpeg\",\"datePublished\":\"2018-11-26T21:27:19+00:00\",\"breadcrumb\":{\"@id\":\"https:\/\/lfsevilla.com\/fr\/voyage-a-salon-de-provence-appariement\/#breadcrumb\"},\"inLanguage\":\"fr-FR\",\"potentialAction\":[{\"@type\":\"ReadAction\",\"target\":[\"https:\/\/lfsevilla.com\/fr\/voyage-a-salon-de-provence-appariement\/\"]}]},{\"@type\":\"ImageObject\",\"inLanguage\":\"fr-FR\",\"@id\":\"https:\/\/lfsevilla.com\/fr\/voyage-a-salon-de-provence-appariement\/#primaryimage\",\"url\":\"https:\/\/lfsevilla.com\/wp-content\/uploads\/2018\/11\/WhatsApp-Image-2018-11-15-at-10.04.52.jpeg\",\"contentUrl\":\"https:\/\/lfsevilla.com\/wp-content\/uploads\/2018\/11\/WhatsApp-Image-2018-11-15-at-10.04.52.jpeg\",\"width\":1200,\"height\":1600},{\"@type\":\"BreadcrumbList\",\"@id\":\"https:\/\/lfsevilla.com\/fr\/voyage-a-salon-de-provence-appariement\/#breadcrumb\",\"itemListElement\":[{\"@type\":\"ListItem\",\"position\":1,\"name\":\"Portada\",\"item\":\"https:\/\/lfsevilla.com\/fr\/\"},{\"@type\":\"ListItem\",\"position\":2,\"name\":\"Voyage \u00e0 Salon de Provence &#8211; Appariement\"}]},{\"@type\":\"WebSite\",\"@id\":\"https:\/\/lfsevilla.com\/#website\",\"url\":\"https:\/\/lfsevilla.com\/\",\"name\":\"Lyc\u00e9e Fran\u00e7ais de S\u00e9ville | Colegio privado internacional triling\u00fce en Sevilla\",\"description\":\"El Liceo franc\u00e9s de Sevilla ofrece una ense\u00f1anza pluriling\u00fce (ingl\u00e9s, franc\u00e9s y espa\u00f1ol), multicultural y respetuosa con las libertades individuales.\",\"publisher\":{\"@id\":\"https:\/\/lfsevilla.com\/#organization\"},\"potentialAction\":[{\"@type\":\"SearchAction\",\"target\":{\"@type\":\"EntryPoint\",\"urlTemplate\":\"https:\/\/lfsevilla.com\/?s={search_term_string}\"},\"query-input\":{\"@type\":\"PropertyValueSpecification\",\"valueRequired\":true,\"valueName\":\"search_term_string\"}}],\"inLanguage\":\"fr-FR\"},{\"@type\":\"Organization\",\"@id\":\"https:\/\/lfsevilla.com\/#organization\",\"name\":\"Lyc\u00e9e Fran\u00e7ais International de S\u00e9ville\",\"url\":\"https:\/\/lfsevilla.com\/\",\"logo\":{\"@type\":\"ImageObject\",\"inLanguage\":\"fr-FR\",\"@id\":\"https:\/\/lfsevilla.com\/#\/schema\/logo\/image\/\",\"url\":\"https:\/\/lfsevilla.com\/wp-content\/uploads\/2023\/05\/Logo-Liceo-Frances-de-Sevilla-223x223-1.jpg\",\"contentUrl\":\"https:\/\/lfsevilla.com\/wp-content\/uploads\/2023\/05\/Logo-Liceo-Frances-de-Sevilla-223x223-1.jpg\",\"width\":223,\"height\":223,\"caption\":\"Lyc\u00e9e Fran\u00e7ais International de S\u00e9ville\"},\"image\":{\"@id\":\"https:\/\/lfsevilla.com\/#\/schema\/logo\/image\/\"},\"sameAs\":[\"https:\/\/www.facebook.com\/LiceoFrancesSevilla\/\",\"https:\/\/x.com\/lfsevilla\",\"https:\/\/www.linkedin.com\/company\/liceo-francs-internacional-de-sevilla\/\",\"https:\/\/www.instagram.com\/liceofrancessevilla\/\",\"https:\/\/www.youtube.com\/@liceofrancessevilla1124\"]},{\"@type\":\"Person\",\"@id\":\"https:\/\/lfsevilla.com\/#\/schema\/person\/bc104fea3217d17a6cb775e4d1deee61\",\"name\":\"lfsevilla.com\",\"image\":{\"@type\":\"ImageObject\",\"inLanguage\":\"fr-FR\",\"@id\":\"https:\/\/lfsevilla.com\/#\/schema\/person\/image\/\",\"url\":\"https:\/\/secure.gravatar.com\/avatar\/ca45d8e2698d171bd8c48a6fa538a3eedf4db83cf6dca639f733c58616cfaf60?s=96&d=mm&r=g\",\"contentUrl\":\"https:\/\/secure.gravatar.com\/avatar\/ca45d8e2698d171bd8c48a6fa538a3eedf4db83cf6dca639f733c58616cfaf60?s=96&d=mm&r=g\",\"caption\":\"lfsevilla.com\"},\"url\":\"https:\/\/lfsevilla.com\/fr\/author\/wwwlfsevilla-com\/\"}]}<\/script>\n<!-- \/ Yoast SEO plugin. -->","yoast_head_json":{"title":"Voyage \u00e0 Salon de Provence - Appariement - Lyc\u00e9e Fran\u00e7ais de S\u00e9ville | Colegio privado biling\u00fce en Sevilla","robots":{"index":"index","follow":"follow","max-snippet":"max-snippet:-1","max-image-preview":"max-image-preview:large","max-video-preview":"max-video-preview:-1"},"canonical":"https:\/\/lfsevilla.com\/fr\/voyage-a-salon-de-provence-appariement\/","og_locale":"fr_FR","og_type":"article","og_title":"Voyage \u00e0 Salon de Provence - Appariement - Lyc\u00e9e Fran\u00e7ais de S\u00e9ville | Colegio privado biling\u00fce en Sevilla","og_description":"Les \u00e9l\u00e8ves et les \u00e9l\u00e8ves de 6 \u00ba entreprennent un voyage en France pour participer \u00e0 un \u00e9change scolaire avec le coll\u00e8ge Jean Bernard de Salon de Provence. Le s\u00e9jour, d&#8217;une semaine, situ\u00e9 proche d&#8217;Aix-en-Provence, dans le d\u00e9partement de Bouches du Rh\u00f4ne, dans la r\u00e9gion de \u00a0Provence-Alpes-C\u00f4te d&#8217;Azur. Ce voyage entre dans le cadre d&#8217;un [&hellip;]","og_url":"https:\/\/lfsevilla.com\/fr\/voyage-a-salon-de-provence-appariement\/","og_site_name":"Lyc\u00e9e Fran\u00e7ais de S\u00e9ville | Colegio privado biling\u00fce en Sevilla","article_publisher":"https:\/\/www.facebook.com\/LiceoFrancesSevilla\/","article_published_time":"2018-11-26T21:27:19+00:00","og_image":[{"width":1200,"height":1600,"url":"https:\/\/lfsevilla.com\/wp-content\/uploads\/2018\/11\/WhatsApp-Image-2018-11-15-at-10.04.52.jpeg","type":"image\/jpeg"}],"author":"lfsevilla.com","twitter_card":"summary_large_image","twitter_creator":"@lfsevilla","twitter_site":"@lfsevilla","twitter_misc":{"\u00c9crit par":"lfsevilla.com","Dur\u00e9e de lecture estim\u00e9e":"1 minute"},"schema":{"@context":"https:\/\/schema.org","@graph":[{"@type":"Article","@id":"https:\/\/lfsevilla.com\/fr\/voyage-a-salon-de-provence-appariement\/#article","isPartOf":{"@id":"https:\/\/lfsevilla.com\/fr\/voyage-a-salon-de-provence-appariement\/"},"author":{"name":"lfsevilla.com","@id":"https:\/\/lfsevilla.com\/#\/schema\/person\/bc104fea3217d17a6cb775e4d1deee61"},"headline":"Voyage \u00e0 Salon de Provence &#8211; Appariement","datePublished":"2018-11-26T21:27:19+00:00","mainEntityOfPage":{"@id":"https:\/\/lfsevilla.com\/fr\/voyage-a-salon-de-provence-appariement\/"},"wordCount":139,"commentCount":0,"publisher":{"@id":"https:\/\/lfsevilla.com\/#organization"},"image":{"@id":"https:\/\/lfsevilla.com\/fr\/voyage-a-salon-de-provence-appariement\/#primaryimage"},"thumbnailUrl":"https:\/\/lfsevilla.com\/wp-content\/uploads\/2018\/11\/WhatsApp-Image-2018-11-15-at-10.04.52.jpeg","articleSection":["Non classifi\u00e9(e)"],"inLanguage":"fr-FR","potentialAction":[{"@type":"CommentAction","name":"Comment","target":["https:\/\/lfsevilla.com\/fr\/voyage-a-salon-de-provence-appariement\/#respond"]}]},{"@type":"WebPage","@id":"https:\/\/lfsevilla.com\/fr\/voyage-a-salon-de-provence-appariement\/","url":"https:\/\/lfsevilla.com\/fr\/voyage-a-salon-de-provence-appariement\/","name":"Voyage \u00e0 Salon de Provence - Appariement - Lyc\u00e9e Fran\u00e7ais de S\u00e9ville | Colegio privado biling\u00fce en Sevilla","isPartOf":{"@id":"https:\/\/lfsevilla.com\/#website"},"primaryImageOfPage":{"@id":"https:\/\/lfsevilla.com\/fr\/voyage-a-salon-de-provence-appariement\/#primaryimage"},"image":{"@id":"https:\/\/lfsevilla.com\/fr\/voyage-a-salon-de-provence-appariement\/#primaryimage"},"thumbnailUrl":"https:\/\/lfsevilla.com\/wp-content\/uploads\/2018\/11\/WhatsApp-Image-2018-11-15-at-10.04.52.jpeg","datePublished":"2018-11-26T21:27:19+00:00","breadcrumb":{"@id":"https:\/\/lfsevilla.com\/fr\/voyage-a-salon-de-provence-appariement\/#breadcrumb"},"inLanguage":"fr-FR","potentialAction":[{"@type":"ReadAction","target":["https:\/\/lfsevilla.com\/fr\/voyage-a-salon-de-provence-appariement\/"]}]},{"@type":"ImageObject","inLanguage":"fr-FR","@id":"https:\/\/lfsevilla.com\/fr\/voyage-a-salon-de-provence-appariement\/#primaryimage","url":"https:\/\/lfsevilla.com\/wp-content\/uploads\/2018\/11\/WhatsApp-Image-2018-11-15-at-10.04.52.jpeg","contentUrl":"https:\/\/lfsevilla.com\/wp-content\/uploads\/2018\/11\/WhatsApp-Image-2018-11-15-at-10.04.52.jpeg","width":1200,"height":1600},{"@type":"BreadcrumbList","@id":"https:\/\/lfsevilla.com\/fr\/voyage-a-salon-de-provence-appariement\/#breadcrumb","itemListElement":[{"@type":"ListItem","position":1,"name":"Portada","item":"https:\/\/lfsevilla.com\/fr\/"},{"@type":"ListItem","position":2,"name":"Voyage \u00e0 Salon de Provence &#8211; Appariement"}]},{"@type":"WebSite","@id":"https:\/\/lfsevilla.com\/#website","url":"https:\/\/lfsevilla.com\/","name":"Lyc\u00e9e Fran\u00e7ais de S\u00e9ville | Colegio privado internacional triling\u00fce en Sevilla","description":"El Liceo franc\u00e9s de Sevilla ofrece una ense\u00f1anza pluriling\u00fce (ingl\u00e9s, franc\u00e9s y espa\u00f1ol), multicultural y respetuosa con las libertades individuales.","publisher":{"@id":"https:\/\/lfsevilla.com\/#organization"},"potentialAction":[{"@type":"SearchAction","target":{"@type":"EntryPoint","urlTemplate":"https:\/\/lfsevilla.com\/?s={search_term_string}"},"query-input":{"@type":"PropertyValueSpecification","valueRequired":true,"valueName":"search_term_string"}}],"inLanguage":"fr-FR"},{"@type":"Organization","@id":"https:\/\/lfsevilla.com\/#organization","name":"Lyc\u00e9e Fran\u00e7ais International de S\u00e9ville","url":"https:\/\/lfsevilla.com\/","logo":{"@type":"ImageObject","inLanguage":"fr-FR","@id":"https:\/\/lfsevilla.com\/#\/schema\/logo\/image\/","url":"https:\/\/lfsevilla.com\/wp-content\/uploads\/2023\/05\/Logo-Liceo-Frances-de-Sevilla-223x223-1.jpg","contentUrl":"https:\/\/lfsevilla.com\/wp-content\/uploads\/2023\/05\/Logo-Liceo-Frances-de-Sevilla-223x223-1.jpg","width":223,"height":223,"caption":"Lyc\u00e9e Fran\u00e7ais International de S\u00e9ville"},"image":{"@id":"https:\/\/lfsevilla.com\/#\/schema\/logo\/image\/"},"sameAs":["https:\/\/www.facebook.com\/LiceoFrancesSevilla\/","https:\/\/x.com\/lfsevilla","https:\/\/www.linkedin.com\/company\/liceo-francs-internacional-de-sevilla\/","https:\/\/www.instagram.com\/liceofrancessevilla\/","https:\/\/www.youtube.com\/@liceofrancessevilla1124"]},{"@type":"Person","@id":"https:\/\/lfsevilla.com\/#\/schema\/person\/bc104fea3217d17a6cb775e4d1deee61","name":"lfsevilla.com","image":{"@type":"ImageObject","inLanguage":"fr-FR","@id":"https:\/\/lfsevilla.com\/#\/schema\/person\/image\/","url":"https:\/\/secure.gravatar.com\/avatar\/ca45d8e2698d171bd8c48a6fa538a3eedf4db83cf6dca639f733c58616cfaf60?s=96&d=mm&r=g","contentUrl":"https:\/\/secure.gravatar.com\/avatar\/ca45d8e2698d171bd8c48a6fa538a3eedf4db83cf6dca639f733c58616cfaf60?s=96&d=mm&r=g","caption":"lfsevilla.com"},"url":"https:\/\/lfsevilla.com\/fr\/author\/wwwlfsevilla-com\/"}]}},"_links":{"self":[{"href":"https:\/\/lfsevilla.com\/fr\/wp-json\/wp\/v2\/posts\/2528","targetHints":{"allow":["GET"]}}],"collection":[{"href":"https:\/\/lfsevilla.com\/fr\/wp-json\/wp\/v2\/posts"}],"about":[{"href":"https:\/\/lfsevilla.com\/fr\/wp-json\/wp\/v2\/types\/post"}],"author":[{"embeddable":true,"href":"https:\/\/lfsevilla.com\/fr\/wp-json\/wp\/v2\/users\/3"}],"replies":[{"embeddable":true,"href":"https:\/\/lfsevilla.com\/fr\/wp-json\/wp\/v2\/comments?post=2528"}],"version-history":[{"count":1,"href":"https:\/\/lfsevilla.com\/fr\/wp-json\/wp\/v2\/posts\/2528\/revisions"}],"predecessor-version":[{"id":2529,"href":"https:\/\/lfsevilla.com\/fr\/wp-json\/wp\/v2\/posts\/2528\/revisions\/2529"}],"wp:featuredmedia":[{"embeddable":true,"href":"https:\/\/lfsevilla.com\/fr\/wp-json\/wp\/v2\/media\/2404"}],"wp:attachment":[{"href":"https:\/\/lfsevilla.com\/fr\/wp-json\/wp\/v2\/media?parent=2528"}],"wp:term":[{"taxonomy":"category","embeddable":true,"href":"https:\/\/lfsevilla.com\/fr\/wp-json\/wp\/v2\/categories?post=2528"},{"taxonomy":"post_tag","embeddable":true,"href":"https:\/\/lfsevilla.com\/fr\/wp-json\/wp\/v2\/tags?post=2528"}],"curies":[{"name":"wp","href":"https:\/\/api.w.org\/{rel}","templated":true}]}}