{"id":2526,"date":"2018-11-26T22:13:33","date_gmt":"2018-11-26T21:13:33","guid":{"rendered":"https:\/\/lfsevilla.com\/?p=2526"},"modified":"2018-11-26T22:13:33","modified_gmt":"2018-11-26T21:13:33","slug":"debut-de-la-chorale-du-lfs","status":"publish","type":"post","link":"https:\/\/lfsevilla.com\/fr\/debut-de-la-chorale-du-lfs\/","title":{"rendered":"D\u00e9but de la Chorale du LFS"},"content":{"rendered":"<p>Ce mercredi, la chorale des \u00e9l\u00e8ves du Lyc\u00e9e Fran\u00e7ais de S\u00e9ville a d\u00e9but\u00e9 sa session 2018-19. Chaque classe profite d&#8217;une session de 40 minutes par semaine. En plus d&#8217;affiner les voix et de travailler les aspects musicaux, les \u00e9l\u00e8ves s&#8217;amusent en apprenant \u00e0 collaborer.<br \/>\nCes classes permettent de d\u00e9velopper et de mettre en pratique \u00a0la camaraderie, la solidarit\u00e9, l&#8217;effort et l&#8217;engagement. Tr\u00e8s rapidement nous les retrouverons en repr\u00e9sentation.<img decoding=\"async\" class=\"alignnone size-large wp-image-2399\" src=\"https:\/\/lfsevilla.com\/wp-content\/uploads\/2018\/11\/WhatsApp-Image-2018-11-14-at-22.16.11-1024x768.jpeg\" alt=\"\" width=\"1024\" height=\"768\" srcset=\"https:\/\/lfsevilla.com\/wp-content\/uploads\/2018\/11\/WhatsApp-Image-2018-11-14-at-22.16.11-1024x768.jpeg 1024w, https:\/\/lfsevilla.com\/wp-content\/uploads\/2018\/11\/WhatsApp-Image-2018-11-14-at-22.16.11-300x225.jpeg 300w, https:\/\/lfsevilla.com\/wp-content\/uploads\/2018\/11\/WhatsApp-Image-2018-11-14-at-22.16.11-768x576.jpeg 768w, https:\/\/lfsevilla.com\/wp-content\/uploads\/2018\/11\/WhatsApp-Image-2018-11-14-at-22.16.11-510x382.jpeg 510w, https:\/\/lfsevilla.com\/wp-content\/uploads\/2018\/11\/WhatsApp-Image-2018-11-14-at-22.16.11-1080x810.jpeg 1080w, https:\/\/lfsevilla.com\/wp-content\/uploads\/2018\/11\/WhatsApp-Image-2018-11-14-at-22.16.11.jpeg 1600w\" sizes=\"(max-width: 1024px) 100vw, 1024px\" \/><\/p>\n","protected":false},"excerpt":{"rendered":"<p>Ce mercredi, la chorale des \u00e9l\u00e8ves du Lyc\u00e9e Fran\u00e7ais de S\u00e9ville a d\u00e9but\u00e9 sa session 2018-19. Chaque classe profite d&#8217;une session de 40 minutes par semaine. En plus d&#8217;affiner les voix et de travailler les aspects musicaux, les \u00e9l\u00e8ves s&#8217;amusent en apprenant \u00e0 collaborer. Ces classes permettent de d\u00e9velopper et de mettre en pratique \u00a0la [&hellip;]<\/p>\n","protected":false},"author":3,"featured_media":2399,"comment_status":"open","ping_status":"open","sticky":false,"template":"","format":"standard","meta":{"_et_pb_use_builder":"","_et_pb_old_content":"","_et_gb_content_width":"","footnotes":""},"categories":[2],"tags":[],"class_list":["post-2526","post","type-post","status-publish","format-standard","has-post-thumbnail","hentry","category-non-classifiee"],"yoast_head":"<!-- This site is optimized with the Yoast SEO plugin v27.0 - https:\/\/yoast.com\/product\/yoast-seo-wordpress\/ -->\n<title>D\u00e9but de la Chorale du LFS - Lyc\u00e9e Fran\u00e7ais de S\u00e9ville | Colegio privado biling\u00fce en Sevilla<\/title>\n<meta name=\"robots\" content=\"index, follow, max-snippet:-1, max-image-preview:large, max-video-preview:-1\" \/>\n<link rel=\"canonical\" href=\"https:\/\/lfsevilla.com\/fr\/debut-de-la-chorale-du-lfs\/\" \/>\n<meta property=\"og:locale\" content=\"fr_FR\" \/>\n<meta property=\"og:type\" content=\"article\" \/>\n<meta property=\"og:title\" content=\"D\u00e9but de la Chorale du LFS - Lyc\u00e9e Fran\u00e7ais de S\u00e9ville | Colegio privado biling\u00fce en Sevilla\" \/>\n<meta property=\"og:description\" content=\"Ce mercredi, la chorale des \u00e9l\u00e8ves du Lyc\u00e9e Fran\u00e7ais de S\u00e9ville a d\u00e9but\u00e9 sa session 2018-19. Chaque classe profite d&#8217;une session de 40 minutes par semaine. En plus d&#8217;affiner les voix et de travailler les aspects musicaux, les \u00e9l\u00e8ves s&#8217;amusent en apprenant \u00e0 collaborer. Ces classes permettent de d\u00e9velopper et de mettre en pratique \u00a0la [&hellip;]\" \/>\n<meta property=\"og:url\" content=\"https:\/\/lfsevilla.com\/fr\/debut-de-la-chorale-du-lfs\/\" \/>\n<meta property=\"og:site_name\" content=\"Lyc\u00e9e Fran\u00e7ais de S\u00e9ville | Colegio privado biling\u00fce en Sevilla\" \/>\n<meta property=\"article:publisher\" content=\"https:\/\/www.facebook.com\/LiceoFrancesSevilla\/\" \/>\n<meta property=\"article:published_time\" content=\"2018-11-26T21:13:33+00:00\" \/>\n<meta property=\"og:image\" content=\"https:\/\/lfsevilla.com\/wp-content\/uploads\/2018\/11\/WhatsApp-Image-2018-11-14-at-22.16.11.jpeg\" \/>\n\t<meta property=\"og:image:width\" content=\"1600\" \/>\n\t<meta property=\"og:image:height\" content=\"1200\" \/>\n\t<meta property=\"og:image:type\" content=\"image\/jpeg\" \/>\n<meta name=\"author\" content=\"lfsevilla.com\" \/>\n<meta name=\"twitter:card\" content=\"summary_large_image\" \/>\n<meta name=\"twitter:creator\" content=\"@lfsevilla\" \/>\n<meta name=\"twitter:site\" content=\"@lfsevilla\" \/>\n<meta name=\"twitter:label1\" content=\"\u00c9crit par\" \/>\n\t<meta name=\"twitter:data1\" content=\"lfsevilla.com\" \/>\n<script type=\"application\/ld+json\" class=\"yoast-schema-graph\">{\"@context\":\"https:\/\/schema.org\",\"@graph\":[{\"@type\":\"Article\",\"@id\":\"https:\/\/lfsevilla.com\/fr\/debut-de-la-chorale-du-lfs\/#article\",\"isPartOf\":{\"@id\":\"https:\/\/lfsevilla.com\/fr\/debut-de-la-chorale-du-lfs\/\"},\"author\":{\"name\":\"lfsevilla.com\",\"@id\":\"https:\/\/lfsevilla.com\/#\/schema\/person\/bc104fea3217d17a6cb775e4d1deee61\"},\"headline\":\"D\u00e9but de la Chorale du LFS\",\"datePublished\":\"2018-11-26T21:13:33+00:00\",\"mainEntityOfPage\":{\"@id\":\"https:\/\/lfsevilla.com\/fr\/debut-de-la-chorale-du-lfs\/\"},\"wordCount\":87,\"commentCount\":0,\"publisher\":{\"@id\":\"https:\/\/lfsevilla.com\/#organization\"},\"image\":{\"@id\":\"https:\/\/lfsevilla.com\/fr\/debut-de-la-chorale-du-lfs\/#primaryimage\"},\"thumbnailUrl\":\"https:\/\/lfsevilla.com\/wp-content\/uploads\/2018\/11\/WhatsApp-Image-2018-11-14-at-22.16.11.jpeg\",\"articleSection\":[\"Non classifi\u00e9(e)\"],\"inLanguage\":\"fr-FR\",\"potentialAction\":[{\"@type\":\"CommentAction\",\"name\":\"Comment\",\"target\":[\"https:\/\/lfsevilla.com\/fr\/debut-de-la-chorale-du-lfs\/#respond\"]}]},{\"@type\":\"WebPage\",\"@id\":\"https:\/\/lfsevilla.com\/fr\/debut-de-la-chorale-du-lfs\/\",\"url\":\"https:\/\/lfsevilla.com\/fr\/debut-de-la-chorale-du-lfs\/\",\"name\":\"D\u00e9but de la Chorale du LFS - Lyc\u00e9e Fran\u00e7ais de S\u00e9ville | Colegio privado biling\u00fce en Sevilla\",\"isPartOf\":{\"@id\":\"https:\/\/lfsevilla.com\/#website\"},\"primaryImageOfPage\":{\"@id\":\"https:\/\/lfsevilla.com\/fr\/debut-de-la-chorale-du-lfs\/#primaryimage\"},\"image\":{\"@id\":\"https:\/\/lfsevilla.com\/fr\/debut-de-la-chorale-du-lfs\/#primaryimage\"},\"thumbnailUrl\":\"https:\/\/lfsevilla.com\/wp-content\/uploads\/2018\/11\/WhatsApp-Image-2018-11-14-at-22.16.11.jpeg\",\"datePublished\":\"2018-11-26T21:13:33+00:00\",\"breadcrumb\":{\"@id\":\"https:\/\/lfsevilla.com\/fr\/debut-de-la-chorale-du-lfs\/#breadcrumb\"},\"inLanguage\":\"fr-FR\",\"potentialAction\":[{\"@type\":\"ReadAction\",\"target\":[\"https:\/\/lfsevilla.com\/fr\/debut-de-la-chorale-du-lfs\/\"]}]},{\"@type\":\"ImageObject\",\"inLanguage\":\"fr-FR\",\"@id\":\"https:\/\/lfsevilla.com\/fr\/debut-de-la-chorale-du-lfs\/#primaryimage\",\"url\":\"https:\/\/lfsevilla.com\/wp-content\/uploads\/2018\/11\/WhatsApp-Image-2018-11-14-at-22.16.11.jpeg\",\"contentUrl\":\"https:\/\/lfsevilla.com\/wp-content\/uploads\/2018\/11\/WhatsApp-Image-2018-11-14-at-22.16.11.jpeg\",\"width\":1600,\"height\":1200},{\"@type\":\"BreadcrumbList\",\"@id\":\"https:\/\/lfsevilla.com\/fr\/debut-de-la-chorale-du-lfs\/#breadcrumb\",\"itemListElement\":[{\"@type\":\"ListItem\",\"position\":1,\"name\":\"Portada\",\"item\":\"https:\/\/lfsevilla.com\/fr\/\"},{\"@type\":\"ListItem\",\"position\":2,\"name\":\"D\u00e9but de la Chorale du LFS\"}]},{\"@type\":\"WebSite\",\"@id\":\"https:\/\/lfsevilla.com\/#website\",\"url\":\"https:\/\/lfsevilla.com\/\",\"name\":\"Lyc\u00e9e Fran\u00e7ais de S\u00e9ville | Colegio privado internacional triling\u00fce en Sevilla\",\"description\":\"El Liceo franc\u00e9s de Sevilla ofrece una ense\u00f1anza pluriling\u00fce (ingl\u00e9s, franc\u00e9s y espa\u00f1ol), multicultural y respetuosa con las libertades individuales.\",\"publisher\":{\"@id\":\"https:\/\/lfsevilla.com\/#organization\"},\"potentialAction\":[{\"@type\":\"SearchAction\",\"target\":{\"@type\":\"EntryPoint\",\"urlTemplate\":\"https:\/\/lfsevilla.com\/?s={search_term_string}\"},\"query-input\":{\"@type\":\"PropertyValueSpecification\",\"valueRequired\":true,\"valueName\":\"search_term_string\"}}],\"inLanguage\":\"fr-FR\"},{\"@type\":\"Organization\",\"@id\":\"https:\/\/lfsevilla.com\/#organization\",\"name\":\"Lyc\u00e9e Fran\u00e7ais International de S\u00e9ville\",\"url\":\"https:\/\/lfsevilla.com\/\",\"logo\":{\"@type\":\"ImageObject\",\"inLanguage\":\"fr-FR\",\"@id\":\"https:\/\/lfsevilla.com\/#\/schema\/logo\/image\/\",\"url\":\"https:\/\/lfsevilla.com\/wp-content\/uploads\/2023\/05\/Logo-Liceo-Frances-de-Sevilla-223x223-1.jpg\",\"contentUrl\":\"https:\/\/lfsevilla.com\/wp-content\/uploads\/2023\/05\/Logo-Liceo-Frances-de-Sevilla-223x223-1.jpg\",\"width\":223,\"height\":223,\"caption\":\"Lyc\u00e9e Fran\u00e7ais International de S\u00e9ville\"},\"image\":{\"@id\":\"https:\/\/lfsevilla.com\/#\/schema\/logo\/image\/\"},\"sameAs\":[\"https:\/\/www.facebook.com\/LiceoFrancesSevilla\/\",\"https:\/\/x.com\/lfsevilla\",\"https:\/\/www.linkedin.com\/company\/liceo-francs-internacional-de-sevilla\/\",\"https:\/\/www.instagram.com\/liceofrancessevilla\/\",\"https:\/\/www.youtube.com\/@liceofrancessevilla1124\"]},{\"@type\":\"Person\",\"@id\":\"https:\/\/lfsevilla.com\/#\/schema\/person\/bc104fea3217d17a6cb775e4d1deee61\",\"name\":\"lfsevilla.com\",\"image\":{\"@type\":\"ImageObject\",\"inLanguage\":\"fr-FR\",\"@id\":\"https:\/\/lfsevilla.com\/#\/schema\/person\/image\/\",\"url\":\"https:\/\/secure.gravatar.com\/avatar\/ca45d8e2698d171bd8c48a6fa538a3eedf4db83cf6dca639f733c58616cfaf60?s=96&d=mm&r=g\",\"contentUrl\":\"https:\/\/secure.gravatar.com\/avatar\/ca45d8e2698d171bd8c48a6fa538a3eedf4db83cf6dca639f733c58616cfaf60?s=96&d=mm&r=g\",\"caption\":\"lfsevilla.com\"},\"url\":\"https:\/\/lfsevilla.com\/fr\/author\/wwwlfsevilla-com\/\"}]}<\/script>\n<!-- \/ Yoast SEO plugin. -->","yoast_head_json":{"title":"D\u00e9but de la Chorale du LFS - Lyc\u00e9e Fran\u00e7ais de S\u00e9ville | Colegio privado biling\u00fce en Sevilla","robots":{"index":"index","follow":"follow","max-snippet":"max-snippet:-1","max-image-preview":"max-image-preview:large","max-video-preview":"max-video-preview:-1"},"canonical":"https:\/\/lfsevilla.com\/fr\/debut-de-la-chorale-du-lfs\/","og_locale":"fr_FR","og_type":"article","og_title":"D\u00e9but de la Chorale du LFS - Lyc\u00e9e Fran\u00e7ais de S\u00e9ville | Colegio privado biling\u00fce en Sevilla","og_description":"Ce mercredi, la chorale des \u00e9l\u00e8ves du Lyc\u00e9e Fran\u00e7ais de S\u00e9ville a d\u00e9but\u00e9 sa session 2018-19. Chaque classe profite d&#8217;une session de 40 minutes par semaine. En plus d&#8217;affiner les voix et de travailler les aspects musicaux, les \u00e9l\u00e8ves s&#8217;amusent en apprenant \u00e0 collaborer. Ces classes permettent de d\u00e9velopper et de mettre en pratique \u00a0la [&hellip;]","og_url":"https:\/\/lfsevilla.com\/fr\/debut-de-la-chorale-du-lfs\/","og_site_name":"Lyc\u00e9e Fran\u00e7ais de S\u00e9ville | Colegio privado biling\u00fce en Sevilla","article_publisher":"https:\/\/www.facebook.com\/LiceoFrancesSevilla\/","article_published_time":"2018-11-26T21:13:33+00:00","og_image":[{"width":1600,"height":1200,"url":"https:\/\/lfsevilla.com\/wp-content\/uploads\/2018\/11\/WhatsApp-Image-2018-11-14-at-22.16.11.jpeg","type":"image\/jpeg"}],"author":"lfsevilla.com","twitter_card":"summary_large_image","twitter_creator":"@lfsevilla","twitter_site":"@lfsevilla","twitter_misc":{"\u00c9crit par":"lfsevilla.com"},"schema":{"@context":"https:\/\/schema.org","@graph":[{"@type":"Article","@id":"https:\/\/lfsevilla.com\/fr\/debut-de-la-chorale-du-lfs\/#article","isPartOf":{"@id":"https:\/\/lfsevilla.com\/fr\/debut-de-la-chorale-du-lfs\/"},"author":{"name":"lfsevilla.com","@id":"https:\/\/lfsevilla.com\/#\/schema\/person\/bc104fea3217d17a6cb775e4d1deee61"},"headline":"D\u00e9but de la Chorale du LFS","datePublished":"2018-11-26T21:13:33+00:00","mainEntityOfPage":{"@id":"https:\/\/lfsevilla.com\/fr\/debut-de-la-chorale-du-lfs\/"},"wordCount":87,"commentCount":0,"publisher":{"@id":"https:\/\/lfsevilla.com\/#organization"},"image":{"@id":"https:\/\/lfsevilla.com\/fr\/debut-de-la-chorale-du-lfs\/#primaryimage"},"thumbnailUrl":"https:\/\/lfsevilla.com\/wp-content\/uploads\/2018\/11\/WhatsApp-Image-2018-11-14-at-22.16.11.jpeg","articleSection":["Non classifi\u00e9(e)"],"inLanguage":"fr-FR","potentialAction":[{"@type":"CommentAction","name":"Comment","target":["https:\/\/lfsevilla.com\/fr\/debut-de-la-chorale-du-lfs\/#respond"]}]},{"@type":"WebPage","@id":"https:\/\/lfsevilla.com\/fr\/debut-de-la-chorale-du-lfs\/","url":"https:\/\/lfsevilla.com\/fr\/debut-de-la-chorale-du-lfs\/","name":"D\u00e9but de la Chorale du LFS - Lyc\u00e9e Fran\u00e7ais de S\u00e9ville | Colegio privado biling\u00fce en Sevilla","isPartOf":{"@id":"https:\/\/lfsevilla.com\/#website"},"primaryImageOfPage":{"@id":"https:\/\/lfsevilla.com\/fr\/debut-de-la-chorale-du-lfs\/#primaryimage"},"image":{"@id":"https:\/\/lfsevilla.com\/fr\/debut-de-la-chorale-du-lfs\/#primaryimage"},"thumbnailUrl":"https:\/\/lfsevilla.com\/wp-content\/uploads\/2018\/11\/WhatsApp-Image-2018-11-14-at-22.16.11.jpeg","datePublished":"2018-11-26T21:13:33+00:00","breadcrumb":{"@id":"https:\/\/lfsevilla.com\/fr\/debut-de-la-chorale-du-lfs\/#breadcrumb"},"inLanguage":"fr-FR","potentialAction":[{"@type":"ReadAction","target":["https:\/\/lfsevilla.com\/fr\/debut-de-la-chorale-du-lfs\/"]}]},{"@type":"ImageObject","inLanguage":"fr-FR","@id":"https:\/\/lfsevilla.com\/fr\/debut-de-la-chorale-du-lfs\/#primaryimage","url":"https:\/\/lfsevilla.com\/wp-content\/uploads\/2018\/11\/WhatsApp-Image-2018-11-14-at-22.16.11.jpeg","contentUrl":"https:\/\/lfsevilla.com\/wp-content\/uploads\/2018\/11\/WhatsApp-Image-2018-11-14-at-22.16.11.jpeg","width":1600,"height":1200},{"@type":"BreadcrumbList","@id":"https:\/\/lfsevilla.com\/fr\/debut-de-la-chorale-du-lfs\/#breadcrumb","itemListElement":[{"@type":"ListItem","position":1,"name":"Portada","item":"https:\/\/lfsevilla.com\/fr\/"},{"@type":"ListItem","position":2,"name":"D\u00e9but de la Chorale du LFS"}]},{"@type":"WebSite","@id":"https:\/\/lfsevilla.com\/#website","url":"https:\/\/lfsevilla.com\/","name":"Lyc\u00e9e Fran\u00e7ais de S\u00e9ville | Colegio privado internacional triling\u00fce en Sevilla","description":"El Liceo franc\u00e9s de Sevilla ofrece una ense\u00f1anza pluriling\u00fce (ingl\u00e9s, franc\u00e9s y espa\u00f1ol), multicultural y respetuosa con las libertades individuales.","publisher":{"@id":"https:\/\/lfsevilla.com\/#organization"},"potentialAction":[{"@type":"SearchAction","target":{"@type":"EntryPoint","urlTemplate":"https:\/\/lfsevilla.com\/?s={search_term_string}"},"query-input":{"@type":"PropertyValueSpecification","valueRequired":true,"valueName":"search_term_string"}}],"inLanguage":"fr-FR"},{"@type":"Organization","@id":"https:\/\/lfsevilla.com\/#organization","name":"Lyc\u00e9e Fran\u00e7ais International de S\u00e9ville","url":"https:\/\/lfsevilla.com\/","logo":{"@type":"ImageObject","inLanguage":"fr-FR","@id":"https:\/\/lfsevilla.com\/#\/schema\/logo\/image\/","url":"https:\/\/lfsevilla.com\/wp-content\/uploads\/2023\/05\/Logo-Liceo-Frances-de-Sevilla-223x223-1.jpg","contentUrl":"https:\/\/lfsevilla.com\/wp-content\/uploads\/2023\/05\/Logo-Liceo-Frances-de-Sevilla-223x223-1.jpg","width":223,"height":223,"caption":"Lyc\u00e9e Fran\u00e7ais International de S\u00e9ville"},"image":{"@id":"https:\/\/lfsevilla.com\/#\/schema\/logo\/image\/"},"sameAs":["https:\/\/www.facebook.com\/LiceoFrancesSevilla\/","https:\/\/x.com\/lfsevilla","https:\/\/www.linkedin.com\/company\/liceo-francs-internacional-de-sevilla\/","https:\/\/www.instagram.com\/liceofrancessevilla\/","https:\/\/www.youtube.com\/@liceofrancessevilla1124"]},{"@type":"Person","@id":"https:\/\/lfsevilla.com\/#\/schema\/person\/bc104fea3217d17a6cb775e4d1deee61","name":"lfsevilla.com","image":{"@type":"ImageObject","inLanguage":"fr-FR","@id":"https:\/\/lfsevilla.com\/#\/schema\/person\/image\/","url":"https:\/\/secure.gravatar.com\/avatar\/ca45d8e2698d171bd8c48a6fa538a3eedf4db83cf6dca639f733c58616cfaf60?s=96&d=mm&r=g","contentUrl":"https:\/\/secure.gravatar.com\/avatar\/ca45d8e2698d171bd8c48a6fa538a3eedf4db83cf6dca639f733c58616cfaf60?s=96&d=mm&r=g","caption":"lfsevilla.com"},"url":"https:\/\/lfsevilla.com\/fr\/author\/wwwlfsevilla-com\/"}]}},"_links":{"self":[{"href":"https:\/\/lfsevilla.com\/fr\/wp-json\/wp\/v2\/posts\/2526","targetHints":{"allow":["GET"]}}],"collection":[{"href":"https:\/\/lfsevilla.com\/fr\/wp-json\/wp\/v2\/posts"}],"about":[{"href":"https:\/\/lfsevilla.com\/fr\/wp-json\/wp\/v2\/types\/post"}],"author":[{"embeddable":true,"href":"https:\/\/lfsevilla.com\/fr\/wp-json\/wp\/v2\/users\/3"}],"replies":[{"embeddable":true,"href":"https:\/\/lfsevilla.com\/fr\/wp-json\/wp\/v2\/comments?post=2526"}],"version-history":[{"count":1,"href":"https:\/\/lfsevilla.com\/fr\/wp-json\/wp\/v2\/posts\/2526\/revisions"}],"predecessor-version":[{"id":2527,"href":"https:\/\/lfsevilla.com\/fr\/wp-json\/wp\/v2\/posts\/2526\/revisions\/2527"}],"wp:featuredmedia":[{"embeddable":true,"href":"https:\/\/lfsevilla.com\/fr\/wp-json\/wp\/v2\/media\/2399"}],"wp:attachment":[{"href":"https:\/\/lfsevilla.com\/fr\/wp-json\/wp\/v2\/media?parent=2526"}],"wp:term":[{"taxonomy":"category","embeddable":true,"href":"https:\/\/lfsevilla.com\/fr\/wp-json\/wp\/v2\/categories?post=2526"},{"taxonomy":"post_tag","embeddable":true,"href":"https:\/\/lfsevilla.com\/fr\/wp-json\/wp\/v2\/tags?post=2526"}],"curies":[{"name":"wp","href":"https:\/\/api.w.org\/{rel}","templated":true}]}}