{"id":15891,"date":"2025-11-16T11:19:56","date_gmt":"2025-11-16T10:19:56","guid":{"rendered":"https:\/\/lfsevilla.com\/au-lfis-idees-et-ambitions-partagees-pour-les-centres-partenaires-de-laefe\/"},"modified":"2025-11-16T11:20:03","modified_gmt":"2025-11-16T10:20:03","slug":"au-lfis-idees-et-ambitions-partagees-pour-les-centres-partenaires-de-laefe","status":"publish","type":"post","link":"https:\/\/lfsevilla.com\/fr\/au-lfis-idees-et-ambitions-partagees-pour-les-centres-partenaires-de-laefe\/","title":{"rendered":"Au LFIS : id\u00e9es et ambitions partag\u00e9es pour les centres partenaires de l&#8217;AEFE"},"content":{"rendered":"<p>[et_pb_section fb_built=&#8221;1&#8243; theme_builder_area=&#8221;post_content&#8221; _builder_version=&#8221;4.27.4&#8243; _module_preset=&#8221;default&#8221;][et_pb_row _builder_version=&#8221;4.27.4&#8243; _module_preset=&#8221;default&#8221; theme_builder_area=&#8221;post_content&#8221;][et_pb_column _builder_version=&#8221;4.27.4&#8243; _module_preset=&#8221;default&#8221; type=&#8221;4_4&#8243; theme_builder_area=&#8221;post_content&#8221;][et_pb_text _builder_version=&#8221;4.27.4&#8243; _module_preset=&#8221;default&#8221; theme_builder_area=&#8221;post_content&#8221; hover_enabled=&#8221;0&#8243; sticky_enabled=&#8221;0&#8243;]<\/p>\n<p class=\"p1\">Cette semaine, le Lyc\u00e9e Fran\u00e7ais International de S\u00e9ville a eu le plaisir d\u2019accueillir le S\u00e9minaire des \u00e9tablissements partenaires de <a href=\"https:\/\/aefe.gouv.fr\/fr\">l\u2019AEFE<\/a> des zones ZEI et ZESE. Deux jours d\u2019\u00e9nergie, d\u2019id\u00e9es, de rencontres et d\u2019inspiration !<\/p>\n<p><\/p>\n<p class=\"p1\">Ateliers dynamiques, conversations crois\u00e9es, retours de terrain, r\u00e9flexions collectives : chacun a apport\u00e9 une pierre \u00e0 un \u00e9difice commun, celui d\u2019un r\u00e9seau toujours plus fort et plus innovant. Il a \u00e9t\u00e9 question d\u2019attractivit\u00e9,<span class=\"Apple-converted-space\">\u00a0 <\/span>de gouvernance, d\u2019homologation ou encore de formation continue. Mais il a surtout \u00e9t\u00e9 question ce qui fait la force de nos \u00e9tablissements : l\u2019humain, l\u2019envie d\u2019avancer ensemble et la conviction que l\u2019enseignement fran\u00e7ais \u00e0 l\u2019\u00e9tranger porte un mod\u00e8le unique, ouvert, exigeant et profond\u00e9ment moderne.<\/p>\n<p><\/p>\n<p class=\"p1\">Ce s\u00e9minaire a aussi \u00e9t\u00e9 l\u2019occasion de mettre en lumi\u00e8re notre \u00e9tablissement, membre du groupe <a href=\"https:\/\/odyssey.education\/\">Odyssey Education<\/a>, et fier de porter une \u00e9ducation trilingue, internationale et tourn\u00e9e vers l\u2019avenir.<\/p>\n<p><\/p>\n<p class=\"p1\">Un immense merci \u00e0 tous les participants pour leur implication, leur enthousiasme et la qualit\u00e9 des \u00e9changes.<\/p>\n<p>[\/et_pb_text][\/et_pb_column][\/et_pb_row][\/et_pb_section]<\/p>\n","protected":false},"excerpt":{"rendered":"<p>Cette semaine, le Lyc\u00e9e Fran\u00e7ais International de S\u00e9ville a eu le plaisir d\u2019accueillir le S\u00e9minaire des \u00e9tablissements partenaires de l\u2019AEFE des zones ZEI et ZESE. Deux jours d\u2019\u00e9nergie, d\u2019id\u00e9es, de rencontres et d\u2019inspiration !Ateliers dynamiques, conversations crois\u00e9es, retours de terrain, r\u00e9flexions collectives : chacun a apport\u00e9 une pierre \u00e0 un \u00e9difice commun, celui d\u2019un r\u00e9seau [&hellip;]<\/p>\n","protected":false},"author":2,"featured_media":15882,"comment_status":"closed","ping_status":"open","sticky":false,"template":"","format":"standard","meta":{"_et_pb_use_builder":"on","_et_pb_old_content":"","_et_gb_content_width":"","footnotes":""},"categories":[32],"tags":[403,54,77,56,73],"class_list":["post-15891","post","type-post","status-publish","format-standard","has-post-thumbnail","hentry","category-nouvelles","tag-aefe","tag-educacion","tag-liceo-frances-sevilla","tag-sevilla","tag-trilinguismo"],"yoast_head":"<!-- This site is optimized with the Yoast SEO plugin v27.0 - https:\/\/yoast.com\/product\/yoast-seo-wordpress\/ -->\n<title>Au LFIS : id\u00e9es et ambitions partag\u00e9es pour les centres partenaires de l&#039;AEFE - Lyc\u00e9e Fran\u00e7ais de S\u00e9ville | Colegio privado biling\u00fce en Sevilla<\/title>\n<meta name=\"robots\" content=\"index, follow, max-snippet:-1, max-image-preview:large, max-video-preview:-1\" \/>\n<link rel=\"canonical\" href=\"https:\/\/lfsevilla.com\/en-el-lfis-ideas-y-ambitions-compartidas-para-los-centros-asociados-de-la-aefe\/\" \/>\n<meta property=\"og:locale\" content=\"fr_FR\" \/>\n<meta property=\"og:type\" content=\"article\" \/>\n<meta property=\"og:title\" content=\"Au LFIS : id\u00e9es et ambitions partag\u00e9es pour les centres partenaires de l&#039;AEFE - Lyc\u00e9e Fran\u00e7ais de S\u00e9ville | Colegio privado biling\u00fce en Sevilla\" \/>\n<meta property=\"og:description\" content=\"Cette semaine, le Lyc\u00e9e Fran\u00e7ais International de S\u00e9ville a eu le plaisir d\u2019accueillir le S\u00e9minaire des \u00e9tablissements partenaires de l\u2019AEFE des zones ZEI et ZESE. Deux jours d\u2019\u00e9nergie, d\u2019id\u00e9es, de rencontres et d\u2019inspiration !Ateliers dynamiques, conversations crois\u00e9es, retours de terrain, r\u00e9flexions collectives : chacun a apport\u00e9 une pierre \u00e0 un \u00e9difice commun, celui d\u2019un r\u00e9seau [&hellip;]\" \/>\n<meta property=\"og:url\" content=\"https:\/\/lfsevilla.com\/en-el-lfis-ideas-y-ambitions-compartidas-para-los-centros-asociados-de-la-aefe\/\" \/>\n<meta property=\"og:site_name\" content=\"Lyc\u00e9e Fran\u00e7ais de S\u00e9ville | Colegio privado biling\u00fce en Sevilla\" \/>\n<meta property=\"article:publisher\" content=\"https:\/\/www.facebook.com\/LiceoFrancesSevilla\/\" \/>\n<meta property=\"article:published_time\" content=\"2025-11-16T10:19:56+00:00\" \/>\n<meta property=\"article:modified_time\" content=\"2025-11-16T10:20:03+00:00\" \/>\n<meta property=\"og:image\" content=\"https:\/\/lfsevilla.com\/wp-content\/uploads\/2025\/11\/IMG_2607-2-scaled.jpg\" \/>\n\t<meta property=\"og:image:width\" content=\"2560\" \/>\n\t<meta property=\"og:image:height\" content=\"1920\" \/>\n\t<meta property=\"og:image:type\" content=\"image\/jpeg\" \/>\n<meta name=\"author\" content=\"LFS\" \/>\n<meta name=\"twitter:card\" content=\"summary_large_image\" \/>\n<meta name=\"twitter:creator\" content=\"@lfsevilla\" \/>\n<meta name=\"twitter:site\" content=\"@lfsevilla\" \/>\n<meta name=\"twitter:label1\" content=\"\u00c9crit par\" \/>\n\t<meta name=\"twitter:data1\" content=\"LFS\" \/>\n\t<meta name=\"twitter:label2\" content=\"Dur\u00e9e de lecture estim\u00e9e\" \/>\n\t<meta name=\"twitter:data2\" content=\"1 minute\" \/>\n<script type=\"application\/ld+json\" class=\"yoast-schema-graph\">{\"@context\":\"https:\/\/schema.org\",\"@graph\":[{\"@type\":\"Article\",\"@id\":\"https:\/\/lfsevilla.com\/en-el-lfis-ideas-y-ambitions-compartidas-para-los-centros-asociados-de-la-aefe\/#article\",\"isPartOf\":{\"@id\":\"https:\/\/lfsevilla.com\/en-el-lfis-ideas-y-ambitions-compartidas-para-los-centros-asociados-de-la-aefe\/\"},\"author\":{\"name\":\"LFS\",\"@id\":\"https:\/\/lfsevilla.com\/#\/schema\/person\/ead715d6b1b6b2cb0bb6f7a06675d093\"},\"headline\":\"Au LFIS : id\u00e9es et ambitions partag\u00e9es pour les centres partenaires de l&#8217;AEFE\",\"datePublished\":\"2025-11-16T10:19:56+00:00\",\"dateModified\":\"2025-11-16T10:20:03+00:00\",\"mainEntityOfPage\":{\"@id\":\"https:\/\/lfsevilla.com\/en-el-lfis-ideas-y-ambitions-compartidas-para-los-centros-asociados-de-la-aefe\/\"},\"wordCount\":266,\"publisher\":{\"@id\":\"https:\/\/lfsevilla.com\/#organization\"},\"image\":{\"@id\":\"https:\/\/lfsevilla.com\/en-el-lfis-ideas-y-ambitions-compartidas-para-los-centros-asociados-de-la-aefe\/#primaryimage\"},\"thumbnailUrl\":\"https:\/\/lfsevilla.com\/wp-content\/uploads\/2025\/11\/IMG_2607-2-scaled.jpg\",\"keywords\":[\"AEFE\",\"Educaci\u00f3n\",\"liceo franc\u00e9s sevilla\",\"Sevilla\",\"Triling\u00fcismo\"],\"articleSection\":[\"Nouvelles\"],\"inLanguage\":\"fr-FR\"},{\"@type\":\"WebPage\",\"@id\":\"https:\/\/lfsevilla.com\/en-el-lfis-ideas-y-ambitions-compartidas-para-los-centros-asociados-de-la-aefe\/\",\"url\":\"https:\/\/lfsevilla.com\/en-el-lfis-ideas-y-ambitions-compartidas-para-los-centros-asociados-de-la-aefe\/\",\"name\":\"Au LFIS : id\u00e9es et ambitions partag\u00e9es pour les centres partenaires de l'AEFE - Lyc\u00e9e Fran\u00e7ais de S\u00e9ville | Colegio privado biling\u00fce en Sevilla\",\"isPartOf\":{\"@id\":\"https:\/\/lfsevilla.com\/#website\"},\"primaryImageOfPage\":{\"@id\":\"https:\/\/lfsevilla.com\/en-el-lfis-ideas-y-ambitions-compartidas-para-los-centros-asociados-de-la-aefe\/#primaryimage\"},\"image\":{\"@id\":\"https:\/\/lfsevilla.com\/en-el-lfis-ideas-y-ambitions-compartidas-para-los-centros-asociados-de-la-aefe\/#primaryimage\"},\"thumbnailUrl\":\"https:\/\/lfsevilla.com\/wp-content\/uploads\/2025\/11\/IMG_2607-2-scaled.jpg\",\"datePublished\":\"2025-11-16T10:19:56+00:00\",\"dateModified\":\"2025-11-16T10:20:03+00:00\",\"breadcrumb\":{\"@id\":\"https:\/\/lfsevilla.com\/en-el-lfis-ideas-y-ambitions-compartidas-para-los-centros-asociados-de-la-aefe\/#breadcrumb\"},\"inLanguage\":\"fr-FR\",\"potentialAction\":[{\"@type\":\"ReadAction\",\"target\":[\"https:\/\/lfsevilla.com\/en-el-lfis-ideas-y-ambitions-compartidas-para-los-centros-asociados-de-la-aefe\/\"]}]},{\"@type\":\"ImageObject\",\"inLanguage\":\"fr-FR\",\"@id\":\"https:\/\/lfsevilla.com\/en-el-lfis-ideas-y-ambitions-compartidas-para-los-centros-asociados-de-la-aefe\/#primaryimage\",\"url\":\"https:\/\/lfsevilla.com\/wp-content\/uploads\/2025\/11\/IMG_2607-2-scaled.jpg\",\"contentUrl\":\"https:\/\/lfsevilla.com\/wp-content\/uploads\/2025\/11\/IMG_2607-2-scaled.jpg\",\"width\":2560,\"height\":1920},{\"@type\":\"BreadcrumbList\",\"@id\":\"https:\/\/lfsevilla.com\/en-el-lfis-ideas-y-ambitions-compartidas-para-los-centros-asociados-de-la-aefe\/#breadcrumb\",\"itemListElement\":[{\"@type\":\"ListItem\",\"position\":1,\"name\":\"Portada\",\"item\":\"https:\/\/lfsevilla.com\/fr\/\"},{\"@type\":\"ListItem\",\"position\":2,\"name\":\"Au LFIS : id\u00e9es et ambitions partag\u00e9es pour les centres partenaires de l&#8217;AEFE\"}]},{\"@type\":\"WebSite\",\"@id\":\"https:\/\/lfsevilla.com\/#website\",\"url\":\"https:\/\/lfsevilla.com\/\",\"name\":\"Lyc\u00e9e Fran\u00e7ais de S\u00e9ville | Colegio privado internacional triling\u00fce en Sevilla\",\"description\":\"El Liceo franc\u00e9s de Sevilla ofrece una ense\u00f1anza pluriling\u00fce (ingl\u00e9s, franc\u00e9s y espa\u00f1ol), multicultural y respetuosa con las libertades individuales.\",\"publisher\":{\"@id\":\"https:\/\/lfsevilla.com\/#organization\"},\"potentialAction\":[{\"@type\":\"SearchAction\",\"target\":{\"@type\":\"EntryPoint\",\"urlTemplate\":\"https:\/\/lfsevilla.com\/?s={search_term_string}\"},\"query-input\":{\"@type\":\"PropertyValueSpecification\",\"valueRequired\":true,\"valueName\":\"search_term_string\"}}],\"inLanguage\":\"fr-FR\"},{\"@type\":\"Organization\",\"@id\":\"https:\/\/lfsevilla.com\/#organization\",\"name\":\"Lyc\u00e9e Fran\u00e7ais International de S\u00e9ville\",\"url\":\"https:\/\/lfsevilla.com\/\",\"logo\":{\"@type\":\"ImageObject\",\"inLanguage\":\"fr-FR\",\"@id\":\"https:\/\/lfsevilla.com\/#\/schema\/logo\/image\/\",\"url\":\"https:\/\/lfsevilla.com\/wp-content\/uploads\/2023\/05\/Logo-Liceo-Frances-de-Sevilla-223x223-1.jpg\",\"contentUrl\":\"https:\/\/lfsevilla.com\/wp-content\/uploads\/2023\/05\/Logo-Liceo-Frances-de-Sevilla-223x223-1.jpg\",\"width\":223,\"height\":223,\"caption\":\"Lyc\u00e9e Fran\u00e7ais International de S\u00e9ville\"},\"image\":{\"@id\":\"https:\/\/lfsevilla.com\/#\/schema\/logo\/image\/\"},\"sameAs\":[\"https:\/\/www.facebook.com\/LiceoFrancesSevilla\/\",\"https:\/\/x.com\/lfsevilla\",\"https:\/\/www.linkedin.com\/company\/liceo-francs-internacional-de-sevilla\/\",\"https:\/\/www.instagram.com\/liceofrancessevilla\/\",\"https:\/\/www.youtube.com\/@liceofrancessevilla1124\"]},{\"@type\":\"Person\",\"@id\":\"https:\/\/lfsevilla.com\/#\/schema\/person\/ead715d6b1b6b2cb0bb6f7a06675d093\",\"name\":\"LFS\",\"image\":{\"@type\":\"ImageObject\",\"inLanguage\":\"fr-FR\",\"@id\":\"https:\/\/lfsevilla.com\/#\/schema\/person\/image\/\",\"url\":\"https:\/\/secure.gravatar.com\/avatar\/2b2587b6982746a9eb2cb62bda174a08069748c2251c7ca9b6e683d4aab29597?s=96&d=mm&r=g\",\"contentUrl\":\"https:\/\/secure.gravatar.com\/avatar\/2b2587b6982746a9eb2cb62bda174a08069748c2251c7ca9b6e683d4aab29597?s=96&d=mm&r=g\",\"caption\":\"LFS\"},\"url\":\"https:\/\/lfsevilla.com\/fr\/author\/weblfsevilla-com\/\"}]}<\/script>\n<!-- \/ Yoast SEO plugin. -->","yoast_head_json":{"title":"Au LFIS : id\u00e9es et ambitions partag\u00e9es pour les centres partenaires de l'AEFE - Lyc\u00e9e Fran\u00e7ais de S\u00e9ville | Colegio privado biling\u00fce en Sevilla","robots":{"index":"index","follow":"follow","max-snippet":"max-snippet:-1","max-image-preview":"max-image-preview:large","max-video-preview":"max-video-preview:-1"},"canonical":"https:\/\/lfsevilla.com\/en-el-lfis-ideas-y-ambitions-compartidas-para-los-centros-asociados-de-la-aefe\/","og_locale":"fr_FR","og_type":"article","og_title":"Au LFIS : id\u00e9es et ambitions partag\u00e9es pour les centres partenaires de l'AEFE - Lyc\u00e9e Fran\u00e7ais de S\u00e9ville | Colegio privado biling\u00fce en Sevilla","og_description":"Cette semaine, le Lyc\u00e9e Fran\u00e7ais International de S\u00e9ville a eu le plaisir d\u2019accueillir le S\u00e9minaire des \u00e9tablissements partenaires de l\u2019AEFE des zones ZEI et ZESE. Deux jours d\u2019\u00e9nergie, d\u2019id\u00e9es, de rencontres et d\u2019inspiration !Ateliers dynamiques, conversations crois\u00e9es, retours de terrain, r\u00e9flexions collectives : chacun a apport\u00e9 une pierre \u00e0 un \u00e9difice commun, celui d\u2019un r\u00e9seau [&hellip;]","og_url":"https:\/\/lfsevilla.com\/en-el-lfis-ideas-y-ambitions-compartidas-para-los-centros-asociados-de-la-aefe\/","og_site_name":"Lyc\u00e9e Fran\u00e7ais de S\u00e9ville | Colegio privado biling\u00fce en Sevilla","article_publisher":"https:\/\/www.facebook.com\/LiceoFrancesSevilla\/","article_published_time":"2025-11-16T10:19:56+00:00","article_modified_time":"2025-11-16T10:20:03+00:00","og_image":[{"width":2560,"height":1920,"url":"https:\/\/lfsevilla.com\/wp-content\/uploads\/2025\/11\/IMG_2607-2-scaled.jpg","type":"image\/jpeg"}],"author":"LFS","twitter_card":"summary_large_image","twitter_creator":"@lfsevilla","twitter_site":"@lfsevilla","twitter_misc":{"\u00c9crit par":"LFS","Dur\u00e9e de lecture estim\u00e9e":"1 minute"},"schema":{"@context":"https:\/\/schema.org","@graph":[{"@type":"Article","@id":"https:\/\/lfsevilla.com\/en-el-lfis-ideas-y-ambitions-compartidas-para-los-centros-asociados-de-la-aefe\/#article","isPartOf":{"@id":"https:\/\/lfsevilla.com\/en-el-lfis-ideas-y-ambitions-compartidas-para-los-centros-asociados-de-la-aefe\/"},"author":{"name":"LFS","@id":"https:\/\/lfsevilla.com\/#\/schema\/person\/ead715d6b1b6b2cb0bb6f7a06675d093"},"headline":"Au LFIS : id\u00e9es et ambitions partag\u00e9es pour les centres partenaires de l&#8217;AEFE","datePublished":"2025-11-16T10:19:56+00:00","dateModified":"2025-11-16T10:20:03+00:00","mainEntityOfPage":{"@id":"https:\/\/lfsevilla.com\/en-el-lfis-ideas-y-ambitions-compartidas-para-los-centros-asociados-de-la-aefe\/"},"wordCount":266,"publisher":{"@id":"https:\/\/lfsevilla.com\/#organization"},"image":{"@id":"https:\/\/lfsevilla.com\/en-el-lfis-ideas-y-ambitions-compartidas-para-los-centros-asociados-de-la-aefe\/#primaryimage"},"thumbnailUrl":"https:\/\/lfsevilla.com\/wp-content\/uploads\/2025\/11\/IMG_2607-2-scaled.jpg","keywords":["AEFE","Educaci\u00f3n","liceo franc\u00e9s sevilla","Sevilla","Triling\u00fcismo"],"articleSection":["Nouvelles"],"inLanguage":"fr-FR"},{"@type":"WebPage","@id":"https:\/\/lfsevilla.com\/en-el-lfis-ideas-y-ambitions-compartidas-para-los-centros-asociados-de-la-aefe\/","url":"https:\/\/lfsevilla.com\/en-el-lfis-ideas-y-ambitions-compartidas-para-los-centros-asociados-de-la-aefe\/","name":"Au LFIS : id\u00e9es et ambitions partag\u00e9es pour les centres partenaires de l'AEFE - Lyc\u00e9e Fran\u00e7ais de S\u00e9ville | Colegio privado biling\u00fce en Sevilla","isPartOf":{"@id":"https:\/\/lfsevilla.com\/#website"},"primaryImageOfPage":{"@id":"https:\/\/lfsevilla.com\/en-el-lfis-ideas-y-ambitions-compartidas-para-los-centros-asociados-de-la-aefe\/#primaryimage"},"image":{"@id":"https:\/\/lfsevilla.com\/en-el-lfis-ideas-y-ambitions-compartidas-para-los-centros-asociados-de-la-aefe\/#primaryimage"},"thumbnailUrl":"https:\/\/lfsevilla.com\/wp-content\/uploads\/2025\/11\/IMG_2607-2-scaled.jpg","datePublished":"2025-11-16T10:19:56+00:00","dateModified":"2025-11-16T10:20:03+00:00","breadcrumb":{"@id":"https:\/\/lfsevilla.com\/en-el-lfis-ideas-y-ambitions-compartidas-para-los-centros-asociados-de-la-aefe\/#breadcrumb"},"inLanguage":"fr-FR","potentialAction":[{"@type":"ReadAction","target":["https:\/\/lfsevilla.com\/en-el-lfis-ideas-y-ambitions-compartidas-para-los-centros-asociados-de-la-aefe\/"]}]},{"@type":"ImageObject","inLanguage":"fr-FR","@id":"https:\/\/lfsevilla.com\/en-el-lfis-ideas-y-ambitions-compartidas-para-los-centros-asociados-de-la-aefe\/#primaryimage","url":"https:\/\/lfsevilla.com\/wp-content\/uploads\/2025\/11\/IMG_2607-2-scaled.jpg","contentUrl":"https:\/\/lfsevilla.com\/wp-content\/uploads\/2025\/11\/IMG_2607-2-scaled.jpg","width":2560,"height":1920},{"@type":"BreadcrumbList","@id":"https:\/\/lfsevilla.com\/en-el-lfis-ideas-y-ambitions-compartidas-para-los-centros-asociados-de-la-aefe\/#breadcrumb","itemListElement":[{"@type":"ListItem","position":1,"name":"Portada","item":"https:\/\/lfsevilla.com\/fr\/"},{"@type":"ListItem","position":2,"name":"Au LFIS : id\u00e9es et ambitions partag\u00e9es pour les centres partenaires de l&#8217;AEFE"}]},{"@type":"WebSite","@id":"https:\/\/lfsevilla.com\/#website","url":"https:\/\/lfsevilla.com\/","name":"Lyc\u00e9e Fran\u00e7ais de S\u00e9ville | Colegio privado internacional triling\u00fce en Sevilla","description":"El Liceo franc\u00e9s de Sevilla ofrece una ense\u00f1anza pluriling\u00fce (ingl\u00e9s, franc\u00e9s y espa\u00f1ol), multicultural y respetuosa con las libertades individuales.","publisher":{"@id":"https:\/\/lfsevilla.com\/#organization"},"potentialAction":[{"@type":"SearchAction","target":{"@type":"EntryPoint","urlTemplate":"https:\/\/lfsevilla.com\/?s={search_term_string}"},"query-input":{"@type":"PropertyValueSpecification","valueRequired":true,"valueName":"search_term_string"}}],"inLanguage":"fr-FR"},{"@type":"Organization","@id":"https:\/\/lfsevilla.com\/#organization","name":"Lyc\u00e9e Fran\u00e7ais International de S\u00e9ville","url":"https:\/\/lfsevilla.com\/","logo":{"@type":"ImageObject","inLanguage":"fr-FR","@id":"https:\/\/lfsevilla.com\/#\/schema\/logo\/image\/","url":"https:\/\/lfsevilla.com\/wp-content\/uploads\/2023\/05\/Logo-Liceo-Frances-de-Sevilla-223x223-1.jpg","contentUrl":"https:\/\/lfsevilla.com\/wp-content\/uploads\/2023\/05\/Logo-Liceo-Frances-de-Sevilla-223x223-1.jpg","width":223,"height":223,"caption":"Lyc\u00e9e Fran\u00e7ais International de S\u00e9ville"},"image":{"@id":"https:\/\/lfsevilla.com\/#\/schema\/logo\/image\/"},"sameAs":["https:\/\/www.facebook.com\/LiceoFrancesSevilla\/","https:\/\/x.com\/lfsevilla","https:\/\/www.linkedin.com\/company\/liceo-francs-internacional-de-sevilla\/","https:\/\/www.instagram.com\/liceofrancessevilla\/","https:\/\/www.youtube.com\/@liceofrancessevilla1124"]},{"@type":"Person","@id":"https:\/\/lfsevilla.com\/#\/schema\/person\/ead715d6b1b6b2cb0bb6f7a06675d093","name":"LFS","image":{"@type":"ImageObject","inLanguage":"fr-FR","@id":"https:\/\/lfsevilla.com\/#\/schema\/person\/image\/","url":"https:\/\/secure.gravatar.com\/avatar\/2b2587b6982746a9eb2cb62bda174a08069748c2251c7ca9b6e683d4aab29597?s=96&d=mm&r=g","contentUrl":"https:\/\/secure.gravatar.com\/avatar\/2b2587b6982746a9eb2cb62bda174a08069748c2251c7ca9b6e683d4aab29597?s=96&d=mm&r=g","caption":"LFS"},"url":"https:\/\/lfsevilla.com\/fr\/author\/weblfsevilla-com\/"}]}},"_links":{"self":[{"href":"https:\/\/lfsevilla.com\/fr\/wp-json\/wp\/v2\/posts\/15891","targetHints":{"allow":["GET"]}}],"collection":[{"href":"https:\/\/lfsevilla.com\/fr\/wp-json\/wp\/v2\/posts"}],"about":[{"href":"https:\/\/lfsevilla.com\/fr\/wp-json\/wp\/v2\/types\/post"}],"author":[{"embeddable":true,"href":"https:\/\/lfsevilla.com\/fr\/wp-json\/wp\/v2\/users\/2"}],"replies":[{"embeddable":true,"href":"https:\/\/lfsevilla.com\/fr\/wp-json\/wp\/v2\/comments?post=15891"}],"version-history":[{"count":5,"href":"https:\/\/lfsevilla.com\/fr\/wp-json\/wp\/v2\/posts\/15891\/revisions"}],"predecessor-version":[{"id":15896,"href":"https:\/\/lfsevilla.com\/fr\/wp-json\/wp\/v2\/posts\/15891\/revisions\/15896"}],"wp:featuredmedia":[{"embeddable":true,"href":"https:\/\/lfsevilla.com\/fr\/wp-json\/wp\/v2\/media\/15882"}],"wp:attachment":[{"href":"https:\/\/lfsevilla.com\/fr\/wp-json\/wp\/v2\/media?parent=15891"}],"wp:term":[{"taxonomy":"category","embeddable":true,"href":"https:\/\/lfsevilla.com\/fr\/wp-json\/wp\/v2\/categories?post=15891"},{"taxonomy":"post_tag","embeddable":true,"href":"https:\/\/lfsevilla.com\/fr\/wp-json\/wp\/v2\/tags?post=15891"}],"curies":[{"name":"wp","href":"https:\/\/api.w.org\/{rel}","templated":true}]}}