{"id":15752,"date":"2025-09-04T15:10:17","date_gmt":"2025-09-04T13:10:17","guid":{"rendered":"https:\/\/lfsevilla.com\/la-rentree-scolaire-2025-2026-a-commence\/"},"modified":"2025-09-04T15:10:20","modified_gmt":"2025-09-04T13:10:20","slug":"la-rentree-scolaire-2025-2026-a-commence","status":"publish","type":"post","link":"https:\/\/lfsevilla.com\/fr\/la-rentree-scolaire-2025-2026-a-commence\/","title":{"rendered":"La rentr\u00e9e scolaire 2025-2026 a commenc\u00e9 !"},"content":{"rendered":"\n<p>Aujourd\u2019hui, nous avons accueilli nos \u00e9l\u00e8ves et leurs familles pour d\u00e9buter ensemble une nouvelle ann\u00e9e riche en apprentissages, projets et exp\u00e9riences inoubliables.<\/p>\n\n<p><p>Des plus petits de <strong data-start=\"1135\" data-end=\"1149\">maternelle<\/strong> jusqu\u2019aux \u00e9l\u00e8ves de <strong data-start=\"1170\" data-end=\"1183\">Terminale<\/strong>, toute l\u2019\u00e9quipe du Lyc\u00e9e Fran\u00e7ais International de S\u00e9ville a pr\u00e9par\u00e9 avec enthousiasme cette rentr\u00e9e.<\/p><\/p>\n\n<p><p>Cette ann\u00e9e sera particuli\u00e8rement enrichissante : nous poursuivons avec notre identit\u00e9 fran\u00e7aise et internationale, renforc\u00e9e par notre projet <strong data-start=\"1432\" data-end=\"1466\">Cambridge International School<\/strong>, qui offre \u00e0 nos \u00e9l\u00e8ves une formation acad\u00e9mique d\u2019excellence et une ouverture sur le monde.<\/p><\/p>\n\n<p>Nous remercions les familles pour leur confiance et nos \u00e9l\u00e8ves pour leur enthousiasme. Ensemble, faisons de cette ann\u00e9e une r\u00e9ussite unique et pleine de succ\u00e8s !<\/p>\n","protected":false},"excerpt":{"rendered":"<p>Aujourd\u2019hui, nous avons accueilli nos \u00e9l\u00e8ves et leurs familles pour d\u00e9buter ensemble une nouvelle ann\u00e9e riche en apprentissages, projets et exp\u00e9riences inoubliables. Des plus petits de maternelle jusqu\u2019aux \u00e9l\u00e8ves de Terminale, toute l\u2019\u00e9quipe du Lyc\u00e9e Fran\u00e7ais International de S\u00e9ville a pr\u00e9par\u00e9 avec enthousiasme cette rentr\u00e9e. Cette ann\u00e9e sera particuli\u00e8rement enrichissante : nous poursuivons avec notre [&hellip;]<\/p>\n","protected":false},"author":2,"featured_media":15750,"comment_status":"closed","ping_status":"open","sticky":false,"template":"","format":"standard","meta":{"_et_pb_use_builder":"on","_et_pb_old_content":"","_et_gb_content_width":"","footnotes":""},"categories":[48,33,32],"tags":[],"class_list":["post-15752","post","type-post","status-publish","format-standard","has-post-thumbnail","hentry","category-actualites","category-evenements","category-nouvelles"],"yoast_head":"<!-- This site is optimized with the Yoast SEO plugin v27.0 - https:\/\/yoast.com\/product\/yoast-seo-wordpress\/ -->\n<title>La rentr\u00e9e scolaire 2025-2026 a commenc\u00e9 ! - Lyc\u00e9e Fran\u00e7ais de S\u00e9ville | Colegio privado biling\u00fce en Sevilla<\/title>\n<meta name=\"robots\" content=\"index, follow, max-snippet:-1, max-image-preview:large, max-video-preview:-1\" \/>\n<link rel=\"canonical\" href=\"https:\/\/lfsevilla.com\/fr\/la-rentree-scolaire-2025-2026-a-commence\/\" \/>\n<meta property=\"og:locale\" content=\"fr_FR\" \/>\n<meta property=\"og:type\" content=\"article\" \/>\n<meta property=\"og:title\" content=\"La rentr\u00e9e scolaire 2025-2026 a commenc\u00e9 ! - Lyc\u00e9e Fran\u00e7ais de S\u00e9ville | Colegio privado biling\u00fce en Sevilla\" \/>\n<meta property=\"og:description\" content=\"Aujourd\u2019hui, nous avons accueilli nos \u00e9l\u00e8ves et leurs familles pour d\u00e9buter ensemble une nouvelle ann\u00e9e riche en apprentissages, projets et exp\u00e9riences inoubliables. Des plus petits de maternelle jusqu\u2019aux \u00e9l\u00e8ves de Terminale, toute l\u2019\u00e9quipe du Lyc\u00e9e Fran\u00e7ais International de S\u00e9ville a pr\u00e9par\u00e9 avec enthousiasme cette rentr\u00e9e. Cette ann\u00e9e sera particuli\u00e8rement enrichissante : nous poursuivons avec notre [&hellip;]\" \/>\n<meta property=\"og:url\" content=\"https:\/\/lfsevilla.com\/fr\/la-rentree-scolaire-2025-2026-a-commence\/\" \/>\n<meta property=\"og:site_name\" content=\"Lyc\u00e9e Fran\u00e7ais de S\u00e9ville | Colegio privado biling\u00fce en Sevilla\" \/>\n<meta property=\"article:publisher\" content=\"https:\/\/www.facebook.com\/LiceoFrancesSevilla\/\" \/>\n<meta property=\"article:published_time\" content=\"2025-09-04T13:10:17+00:00\" \/>\n<meta property=\"article:modified_time\" content=\"2025-09-04T13:10:20+00:00\" \/>\n<meta property=\"og:image\" content=\"https:\/\/lfsevilla.com\/wp-content\/uploads\/2025\/09\/comienzo-curso-escolar.jpeg\" \/>\n\t<meta property=\"og:image:width\" content=\"2040\" \/>\n\t<meta property=\"og:image:height\" content=\"1536\" \/>\n\t<meta property=\"og:image:type\" content=\"image\/jpeg\" \/>\n<meta name=\"author\" content=\"LFS\" \/>\n<meta name=\"twitter:card\" content=\"summary_large_image\" \/>\n<meta name=\"twitter:creator\" content=\"@lfsevilla\" \/>\n<meta name=\"twitter:site\" content=\"@lfsevilla\" \/>\n<meta name=\"twitter:label1\" content=\"\u00c9crit par\" \/>\n\t<meta name=\"twitter:data1\" content=\"LFS\" \/>\n\t<meta name=\"twitter:label2\" content=\"Dur\u00e9e de lecture estim\u00e9e\" \/>\n\t<meta name=\"twitter:data2\" content=\"1 minute\" \/>\n<script type=\"application\/ld+json\" class=\"yoast-schema-graph\">{\"@context\":\"https:\/\/schema.org\",\"@graph\":[{\"@type\":\"Article\",\"@id\":\"https:\/\/lfsevilla.com\/fr\/la-rentree-scolaire-2025-2026-a-commence\/#article\",\"isPartOf\":{\"@id\":\"https:\/\/lfsevilla.com\/fr\/la-rentree-scolaire-2025-2026-a-commence\/\"},\"author\":{\"name\":\"LFS\",\"@id\":\"https:\/\/lfsevilla.com\/#\/schema\/person\/ead715d6b1b6b2cb0bb6f7a06675d093\"},\"headline\":\"La rentr\u00e9e scolaire 2025-2026 a commenc\u00e9 !\",\"datePublished\":\"2025-09-04T13:10:17+00:00\",\"dateModified\":\"2025-09-04T13:10:20+00:00\",\"mainEntityOfPage\":{\"@id\":\"https:\/\/lfsevilla.com\/fr\/la-rentree-scolaire-2025-2026-a-commence\/\"},\"wordCount\":135,\"publisher\":{\"@id\":\"https:\/\/lfsevilla.com\/#organization\"},\"image\":{\"@id\":\"https:\/\/lfsevilla.com\/fr\/la-rentree-scolaire-2025-2026-a-commence\/#primaryimage\"},\"thumbnailUrl\":\"https:\/\/lfsevilla.com\/wp-content\/uploads\/2025\/09\/comienzo-curso-escolar.jpeg\",\"articleSection\":[\"Actualit\u00e9s\",\"Ev\u00e9nements\",\"Nouvelles\"],\"inLanguage\":\"fr-FR\"},{\"@type\":\"WebPage\",\"@id\":\"https:\/\/lfsevilla.com\/fr\/la-rentree-scolaire-2025-2026-a-commence\/\",\"url\":\"https:\/\/lfsevilla.com\/fr\/la-rentree-scolaire-2025-2026-a-commence\/\",\"name\":\"La rentr\u00e9e scolaire 2025-2026 a commenc\u00e9 ! - Lyc\u00e9e Fran\u00e7ais de S\u00e9ville | Colegio privado biling\u00fce en Sevilla\",\"isPartOf\":{\"@id\":\"https:\/\/lfsevilla.com\/#website\"},\"primaryImageOfPage\":{\"@id\":\"https:\/\/lfsevilla.com\/fr\/la-rentree-scolaire-2025-2026-a-commence\/#primaryimage\"},\"image\":{\"@id\":\"https:\/\/lfsevilla.com\/fr\/la-rentree-scolaire-2025-2026-a-commence\/#primaryimage\"},\"thumbnailUrl\":\"https:\/\/lfsevilla.com\/wp-content\/uploads\/2025\/09\/comienzo-curso-escolar.jpeg\",\"datePublished\":\"2025-09-04T13:10:17+00:00\",\"dateModified\":\"2025-09-04T13:10:20+00:00\",\"breadcrumb\":{\"@id\":\"https:\/\/lfsevilla.com\/fr\/la-rentree-scolaire-2025-2026-a-commence\/#breadcrumb\"},\"inLanguage\":\"fr-FR\",\"potentialAction\":[{\"@type\":\"ReadAction\",\"target\":[\"https:\/\/lfsevilla.com\/fr\/la-rentree-scolaire-2025-2026-a-commence\/\"]}]},{\"@type\":\"ImageObject\",\"inLanguage\":\"fr-FR\",\"@id\":\"https:\/\/lfsevilla.com\/fr\/la-rentree-scolaire-2025-2026-a-commence\/#primaryimage\",\"url\":\"https:\/\/lfsevilla.com\/wp-content\/uploads\/2025\/09\/comienzo-curso-escolar.jpeg\",\"contentUrl\":\"https:\/\/lfsevilla.com\/wp-content\/uploads\/2025\/09\/comienzo-curso-escolar.jpeg\",\"width\":2040,\"height\":1536},{\"@type\":\"BreadcrumbList\",\"@id\":\"https:\/\/lfsevilla.com\/fr\/la-rentree-scolaire-2025-2026-a-commence\/#breadcrumb\",\"itemListElement\":[{\"@type\":\"ListItem\",\"position\":1,\"name\":\"Portada\",\"item\":\"https:\/\/lfsevilla.com\/fr\/\"},{\"@type\":\"ListItem\",\"position\":2,\"name\":\"La rentr\u00e9e scolaire 2025-2026 a commenc\u00e9 !\"}]},{\"@type\":\"WebSite\",\"@id\":\"https:\/\/lfsevilla.com\/#website\",\"url\":\"https:\/\/lfsevilla.com\/\",\"name\":\"Lyc\u00e9e Fran\u00e7ais de S\u00e9ville | Colegio privado internacional triling\u00fce en Sevilla\",\"description\":\"El Liceo franc\u00e9s de Sevilla ofrece una ense\u00f1anza pluriling\u00fce (ingl\u00e9s, franc\u00e9s y espa\u00f1ol), multicultural y respetuosa con las libertades individuales.\",\"publisher\":{\"@id\":\"https:\/\/lfsevilla.com\/#organization\"},\"potentialAction\":[{\"@type\":\"SearchAction\",\"target\":{\"@type\":\"EntryPoint\",\"urlTemplate\":\"https:\/\/lfsevilla.com\/?s={search_term_string}\"},\"query-input\":{\"@type\":\"PropertyValueSpecification\",\"valueRequired\":true,\"valueName\":\"search_term_string\"}}],\"inLanguage\":\"fr-FR\"},{\"@type\":\"Organization\",\"@id\":\"https:\/\/lfsevilla.com\/#organization\",\"name\":\"Lyc\u00e9e Fran\u00e7ais International de S\u00e9ville\",\"url\":\"https:\/\/lfsevilla.com\/\",\"logo\":{\"@type\":\"ImageObject\",\"inLanguage\":\"fr-FR\",\"@id\":\"https:\/\/lfsevilla.com\/#\/schema\/logo\/image\/\",\"url\":\"https:\/\/lfsevilla.com\/wp-content\/uploads\/2023\/05\/Logo-Liceo-Frances-de-Sevilla-223x223-1.jpg\",\"contentUrl\":\"https:\/\/lfsevilla.com\/wp-content\/uploads\/2023\/05\/Logo-Liceo-Frances-de-Sevilla-223x223-1.jpg\",\"width\":223,\"height\":223,\"caption\":\"Lyc\u00e9e Fran\u00e7ais International de S\u00e9ville\"},\"image\":{\"@id\":\"https:\/\/lfsevilla.com\/#\/schema\/logo\/image\/\"},\"sameAs\":[\"https:\/\/www.facebook.com\/LiceoFrancesSevilla\/\",\"https:\/\/x.com\/lfsevilla\",\"https:\/\/www.linkedin.com\/company\/liceo-francs-internacional-de-sevilla\/\",\"https:\/\/www.instagram.com\/liceofrancessevilla\/\",\"https:\/\/www.youtube.com\/@liceofrancessevilla1124\"]},{\"@type\":\"Person\",\"@id\":\"https:\/\/lfsevilla.com\/#\/schema\/person\/ead715d6b1b6b2cb0bb6f7a06675d093\",\"name\":\"LFS\",\"image\":{\"@type\":\"ImageObject\",\"inLanguage\":\"fr-FR\",\"@id\":\"https:\/\/lfsevilla.com\/#\/schema\/person\/image\/\",\"url\":\"https:\/\/secure.gravatar.com\/avatar\/2b2587b6982746a9eb2cb62bda174a08069748c2251c7ca9b6e683d4aab29597?s=96&d=mm&r=g\",\"contentUrl\":\"https:\/\/secure.gravatar.com\/avatar\/2b2587b6982746a9eb2cb62bda174a08069748c2251c7ca9b6e683d4aab29597?s=96&d=mm&r=g\",\"caption\":\"LFS\"},\"url\":\"https:\/\/lfsevilla.com\/fr\/author\/weblfsevilla-com\/\"}]}<\/script>\n<!-- \/ Yoast SEO plugin. -->","yoast_head_json":{"title":"La rentr\u00e9e scolaire 2025-2026 a commenc\u00e9 ! - Lyc\u00e9e Fran\u00e7ais de S\u00e9ville | Colegio privado biling\u00fce en Sevilla","robots":{"index":"index","follow":"follow","max-snippet":"max-snippet:-1","max-image-preview":"max-image-preview:large","max-video-preview":"max-video-preview:-1"},"canonical":"https:\/\/lfsevilla.com\/fr\/la-rentree-scolaire-2025-2026-a-commence\/","og_locale":"fr_FR","og_type":"article","og_title":"La rentr\u00e9e scolaire 2025-2026 a commenc\u00e9 ! - Lyc\u00e9e Fran\u00e7ais de S\u00e9ville | Colegio privado biling\u00fce en Sevilla","og_description":"Aujourd\u2019hui, nous avons accueilli nos \u00e9l\u00e8ves et leurs familles pour d\u00e9buter ensemble une nouvelle ann\u00e9e riche en apprentissages, projets et exp\u00e9riences inoubliables. Des plus petits de maternelle jusqu\u2019aux \u00e9l\u00e8ves de Terminale, toute l\u2019\u00e9quipe du Lyc\u00e9e Fran\u00e7ais International de S\u00e9ville a pr\u00e9par\u00e9 avec enthousiasme cette rentr\u00e9e. Cette ann\u00e9e sera particuli\u00e8rement enrichissante : nous poursuivons avec notre [&hellip;]","og_url":"https:\/\/lfsevilla.com\/fr\/la-rentree-scolaire-2025-2026-a-commence\/","og_site_name":"Lyc\u00e9e Fran\u00e7ais de S\u00e9ville | Colegio privado biling\u00fce en Sevilla","article_publisher":"https:\/\/www.facebook.com\/LiceoFrancesSevilla\/","article_published_time":"2025-09-04T13:10:17+00:00","article_modified_time":"2025-09-04T13:10:20+00:00","og_image":[{"width":2040,"height":1536,"url":"https:\/\/lfsevilla.com\/wp-content\/uploads\/2025\/09\/comienzo-curso-escolar.jpeg","type":"image\/jpeg"}],"author":"LFS","twitter_card":"summary_large_image","twitter_creator":"@lfsevilla","twitter_site":"@lfsevilla","twitter_misc":{"\u00c9crit par":"LFS","Dur\u00e9e de lecture estim\u00e9e":"1 minute"},"schema":{"@context":"https:\/\/schema.org","@graph":[{"@type":"Article","@id":"https:\/\/lfsevilla.com\/fr\/la-rentree-scolaire-2025-2026-a-commence\/#article","isPartOf":{"@id":"https:\/\/lfsevilla.com\/fr\/la-rentree-scolaire-2025-2026-a-commence\/"},"author":{"name":"LFS","@id":"https:\/\/lfsevilla.com\/#\/schema\/person\/ead715d6b1b6b2cb0bb6f7a06675d093"},"headline":"La rentr\u00e9e scolaire 2025-2026 a commenc\u00e9 !","datePublished":"2025-09-04T13:10:17+00:00","dateModified":"2025-09-04T13:10:20+00:00","mainEntityOfPage":{"@id":"https:\/\/lfsevilla.com\/fr\/la-rentree-scolaire-2025-2026-a-commence\/"},"wordCount":135,"publisher":{"@id":"https:\/\/lfsevilla.com\/#organization"},"image":{"@id":"https:\/\/lfsevilla.com\/fr\/la-rentree-scolaire-2025-2026-a-commence\/#primaryimage"},"thumbnailUrl":"https:\/\/lfsevilla.com\/wp-content\/uploads\/2025\/09\/comienzo-curso-escolar.jpeg","articleSection":["Actualit\u00e9s","Ev\u00e9nements","Nouvelles"],"inLanguage":"fr-FR"},{"@type":"WebPage","@id":"https:\/\/lfsevilla.com\/fr\/la-rentree-scolaire-2025-2026-a-commence\/","url":"https:\/\/lfsevilla.com\/fr\/la-rentree-scolaire-2025-2026-a-commence\/","name":"La rentr\u00e9e scolaire 2025-2026 a commenc\u00e9 ! - Lyc\u00e9e Fran\u00e7ais de S\u00e9ville | Colegio privado biling\u00fce en Sevilla","isPartOf":{"@id":"https:\/\/lfsevilla.com\/#website"},"primaryImageOfPage":{"@id":"https:\/\/lfsevilla.com\/fr\/la-rentree-scolaire-2025-2026-a-commence\/#primaryimage"},"image":{"@id":"https:\/\/lfsevilla.com\/fr\/la-rentree-scolaire-2025-2026-a-commence\/#primaryimage"},"thumbnailUrl":"https:\/\/lfsevilla.com\/wp-content\/uploads\/2025\/09\/comienzo-curso-escolar.jpeg","datePublished":"2025-09-04T13:10:17+00:00","dateModified":"2025-09-04T13:10:20+00:00","breadcrumb":{"@id":"https:\/\/lfsevilla.com\/fr\/la-rentree-scolaire-2025-2026-a-commence\/#breadcrumb"},"inLanguage":"fr-FR","potentialAction":[{"@type":"ReadAction","target":["https:\/\/lfsevilla.com\/fr\/la-rentree-scolaire-2025-2026-a-commence\/"]}]},{"@type":"ImageObject","inLanguage":"fr-FR","@id":"https:\/\/lfsevilla.com\/fr\/la-rentree-scolaire-2025-2026-a-commence\/#primaryimage","url":"https:\/\/lfsevilla.com\/wp-content\/uploads\/2025\/09\/comienzo-curso-escolar.jpeg","contentUrl":"https:\/\/lfsevilla.com\/wp-content\/uploads\/2025\/09\/comienzo-curso-escolar.jpeg","width":2040,"height":1536},{"@type":"BreadcrumbList","@id":"https:\/\/lfsevilla.com\/fr\/la-rentree-scolaire-2025-2026-a-commence\/#breadcrumb","itemListElement":[{"@type":"ListItem","position":1,"name":"Portada","item":"https:\/\/lfsevilla.com\/fr\/"},{"@type":"ListItem","position":2,"name":"La rentr\u00e9e scolaire 2025-2026 a commenc\u00e9 !"}]},{"@type":"WebSite","@id":"https:\/\/lfsevilla.com\/#website","url":"https:\/\/lfsevilla.com\/","name":"Lyc\u00e9e Fran\u00e7ais de S\u00e9ville | Colegio privado internacional triling\u00fce en Sevilla","description":"El Liceo franc\u00e9s de Sevilla ofrece una ense\u00f1anza pluriling\u00fce (ingl\u00e9s, franc\u00e9s y espa\u00f1ol), multicultural y respetuosa con las libertades individuales.","publisher":{"@id":"https:\/\/lfsevilla.com\/#organization"},"potentialAction":[{"@type":"SearchAction","target":{"@type":"EntryPoint","urlTemplate":"https:\/\/lfsevilla.com\/?s={search_term_string}"},"query-input":{"@type":"PropertyValueSpecification","valueRequired":true,"valueName":"search_term_string"}}],"inLanguage":"fr-FR"},{"@type":"Organization","@id":"https:\/\/lfsevilla.com\/#organization","name":"Lyc\u00e9e Fran\u00e7ais International de S\u00e9ville","url":"https:\/\/lfsevilla.com\/","logo":{"@type":"ImageObject","inLanguage":"fr-FR","@id":"https:\/\/lfsevilla.com\/#\/schema\/logo\/image\/","url":"https:\/\/lfsevilla.com\/wp-content\/uploads\/2023\/05\/Logo-Liceo-Frances-de-Sevilla-223x223-1.jpg","contentUrl":"https:\/\/lfsevilla.com\/wp-content\/uploads\/2023\/05\/Logo-Liceo-Frances-de-Sevilla-223x223-1.jpg","width":223,"height":223,"caption":"Lyc\u00e9e Fran\u00e7ais International de S\u00e9ville"},"image":{"@id":"https:\/\/lfsevilla.com\/#\/schema\/logo\/image\/"},"sameAs":["https:\/\/www.facebook.com\/LiceoFrancesSevilla\/","https:\/\/x.com\/lfsevilla","https:\/\/www.linkedin.com\/company\/liceo-francs-internacional-de-sevilla\/","https:\/\/www.instagram.com\/liceofrancessevilla\/","https:\/\/www.youtube.com\/@liceofrancessevilla1124"]},{"@type":"Person","@id":"https:\/\/lfsevilla.com\/#\/schema\/person\/ead715d6b1b6b2cb0bb6f7a06675d093","name":"LFS","image":{"@type":"ImageObject","inLanguage":"fr-FR","@id":"https:\/\/lfsevilla.com\/#\/schema\/person\/image\/","url":"https:\/\/secure.gravatar.com\/avatar\/2b2587b6982746a9eb2cb62bda174a08069748c2251c7ca9b6e683d4aab29597?s=96&d=mm&r=g","contentUrl":"https:\/\/secure.gravatar.com\/avatar\/2b2587b6982746a9eb2cb62bda174a08069748c2251c7ca9b6e683d4aab29597?s=96&d=mm&r=g","caption":"LFS"},"url":"https:\/\/lfsevilla.com\/fr\/author\/weblfsevilla-com\/"}]}},"_links":{"self":[{"href":"https:\/\/lfsevilla.com\/fr\/wp-json\/wp\/v2\/posts\/15752","targetHints":{"allow":["GET"]}}],"collection":[{"href":"https:\/\/lfsevilla.com\/fr\/wp-json\/wp\/v2\/posts"}],"about":[{"href":"https:\/\/lfsevilla.com\/fr\/wp-json\/wp\/v2\/types\/post"}],"author":[{"embeddable":true,"href":"https:\/\/lfsevilla.com\/fr\/wp-json\/wp\/v2\/users\/2"}],"replies":[{"embeddable":true,"href":"https:\/\/lfsevilla.com\/fr\/wp-json\/wp\/v2\/comments?post=15752"}],"version-history":[{"count":1,"href":"https:\/\/lfsevilla.com\/fr\/wp-json\/wp\/v2\/posts\/15752\/revisions"}],"predecessor-version":[{"id":15753,"href":"https:\/\/lfsevilla.com\/fr\/wp-json\/wp\/v2\/posts\/15752\/revisions\/15753"}],"wp:featuredmedia":[{"embeddable":true,"href":"https:\/\/lfsevilla.com\/fr\/wp-json\/wp\/v2\/media\/15750"}],"wp:attachment":[{"href":"https:\/\/lfsevilla.com\/fr\/wp-json\/wp\/v2\/media?parent=15752"}],"wp:term":[{"taxonomy":"category","embeddable":true,"href":"https:\/\/lfsevilla.com\/fr\/wp-json\/wp\/v2\/categories?post=15752"},{"taxonomy":"post_tag","embeddable":true,"href":"https:\/\/lfsevilla.com\/fr\/wp-json\/wp\/v2\/tags?post=15752"}],"curies":[{"name":"wp","href":"https:\/\/api.w.org\/{rel}","templated":true}]}}