{"id":15740,"date":"2025-08-09T17:23:00","date_gmt":"2025-08-09T15:23:00","guid":{"rendered":"https:\/\/lfsevilla.com\/pourquoi-le-trilinguisme-ameliore-les-capacites-cognitives\/"},"modified":"2025-08-09T17:23:03","modified_gmt":"2025-08-09T15:23:03","slug":"pourquoi-le-trilinguisme-ameliore-les-capacites-cognitives","status":"publish","type":"post","link":"https:\/\/lfsevilla.com\/fr\/pourquoi-le-trilinguisme-ameliore-les-capacites-cognitives\/","title":{"rendered":"Pourquoi le trilinguisme am\u00e9liore les capacit\u00e9s cognitives"},"content":{"rendered":"\n<p><p><strong data-start=\"287\" data-end=\"303\">Introduction<\/strong><br data-start=\"303\" data-end=\"306\"\/>Apprendre trois langues d\u00e8s l\u2019enfance n\u2019est pas seulement un atout acad\u00e9mique : cela stimule aussi le cerveau, am\u00e9liore la capacit\u00e9 de concentration et facilite l\u2019acquisition de nouvelles connaissances tout au long de la vie. Le trilinguisme est un outil puissant pour le d\u00e9veloppement global des enfants, et son impact est confirm\u00e9 par de nombreuses \u00e9tudes scientifiques.<\/p><\/p>\n\n<hr class=\"wp-block-separator has-alpha-channel-opacity\"\/>\n\n<h2 class=\"wp-block-heading\"><h2>1. Une plus grande flexibilit\u00e9 cognitive<\/h2><\/h2>\n\n<p>Les enfants qui apprennent et utilisent trois langues r\u00e9guli\u00e8rement d\u00e9veloppent une meilleure capacit\u00e9 \u00e0 s\u2019adapter \u00e0 diff\u00e9rents contextes et \u00e0 passer rapidement d\u2019une t\u00e2che \u00e0 l\u2019autre. Cette comp\u00e9tence, connue sous le nom de flexibilit\u00e9 cognitive, les aide \u00e0 r\u00e9soudre des probl\u00e8mes et \u00e0 prendre des d\u00e9cisions de mani\u00e8re plus efficace.<\/p>\n\n<hr class=\"wp-block-separator has-alpha-channel-opacity\"\/>\n\n<h2 class=\"wp-block-heading\"><h2>2. Am\u00e9lioration de la m\u00e9moire et de l\u2019attention<\/h2><\/h2>\n\n<p>L\u2019usage constant de plusieurs langues entra\u00eene la m\u00e9moire de travail et l\u2019attention s\u00e9lective. Les \u00e9l\u00e8ves trilingues apprennent \u00e0 filtrer les informations inutiles et \u00e0 se concentrer sur l\u2019essentiel, ce qui se traduit par de meilleures performances scolaires.<\/p>\n\n<hr class=\"wp-block-separator has-alpha-channel-opacity\"\/>\n\n<h2 class=\"wp-block-heading\"><h2>3. D\u00e9veloppement des comp\u00e9tences m\u00e9talinguistiques<\/h2><\/h2>\n\n<p>L\u2019\u00e9tude de trois langues favorise la conscience du fonctionnement des langues. Les enfants identifient plus facilement les structures grammaticales, les mod\u00e8les et le vocabulaire, ce qui facilite l\u2019apprentissage de nouvelles langues \u00e0 l\u2019avenir.<\/p>\n\n<hr class=\"wp-block-separator has-alpha-channel-opacity\"\/>\n\n<h2 class=\"wp-block-heading\"><h2>4. Avantages pour la pens\u00e9e cr\u00e9ative<\/h2><\/h2>\n\n<p>L\u2019exposition \u00e0 diff\u00e9rentes langues et cultures stimule la cr\u00e9ativit\u00e9. Le trilinguisme \u00e9largit la perspective des \u00e9l\u00e8ves, leur permettant de g\u00e9n\u00e9rer des id\u00e9es originales et d\u2019aborder les probl\u00e8mes sous plusieurs angles.<br\/><br\/><\/p>\n\n<hr class=\"wp-block-separator has-alpha-channel-opacity\"\/>\n\n<h2 class=\"wp-block-heading\"><h2>5. Pr\u00e9paration \u00e0 un monde globalis\u00e9<\/h2><\/h2>\n\n<p>Dans un environnement professionnel de plus en plus international, parler trois langues ouvre des opportunit\u00e9s acad\u00e9miques et professionnelles dans de nombreux pays. Le trilinguisme devient ainsi un avantage comp\u00e9titif pour l\u2019avenir.<\/p>\n\n<hr class=\"wp-block-separator has-alpha-channel-opacity\"\/>\n\n<p><p><strong data-start=\"2312\" data-end=\"2326\">Conclusion<\/strong><br data-start=\"2326\" data-end=\"2329\"\/>Le trilinguisme n\u2019est pas seulement un outil de communication : c\u2019est un moteur pour le d\u00e9veloppement cognitif, la cr\u00e9ativit\u00e9 et la pr\u00e9paration \u00e0 un monde diversifi\u00e9 et interconnect\u00e9. Choisir une \u00e9ducation trilingue, c\u2019est investir dans les comp\u00e9tences et l\u2019avenir des \u00e9l\u00e8ves.<\/p><\/p>\n","protected":false},"excerpt":{"rendered":"<p>IntroductionApprendre trois langues d\u00e8s l\u2019enfance n\u2019est pas seulement un atout acad\u00e9mique : cela stimule aussi le cerveau, am\u00e9liore la capacit\u00e9 de concentration et facilite l\u2019acquisition de nouvelles connaissances tout au long de la vie. Le trilinguisme est un outil puissant pour le d\u00e9veloppement global des enfants, et son impact est confirm\u00e9 par de nombreuses \u00e9tudes [&hellip;]<\/p>\n","protected":false},"author":2,"featured_media":15738,"comment_status":"closed","ping_status":"open","sticky":false,"template":"","format":"standard","meta":{"_et_pb_use_builder":"off","_et_pb_old_content":"","_et_gb_content_width":"","footnotes":""},"categories":[393,2,32],"tags":[],"class_list":["post-15740","post","type-post","status-publish","format-standard","has-post-thumbnail","hentry","category-lycee-francais","category-non-classifiee","category-nouvelles"],"yoast_head":"<!-- This site is optimized with the Yoast SEO plugin v27.0 - https:\/\/yoast.com\/product\/yoast-seo-wordpress\/ -->\n<title>Pourquoi le trilinguisme am\u00e9liore les capacit\u00e9s cognitives - Lyc\u00e9e Fran\u00e7ais de S\u00e9ville | Colegio privado biling\u00fce en Sevilla<\/title>\n<meta name=\"robots\" content=\"index, follow, max-snippet:-1, max-image-preview:large, max-video-preview:-1\" \/>\n<link rel=\"canonical\" href=\"https:\/\/lfsevilla.com\/fr\/pourquoi-le-trilinguisme-ameliore-les-capacites-cognitives\/\" \/>\n<meta property=\"og:locale\" content=\"fr_FR\" \/>\n<meta property=\"og:type\" content=\"article\" \/>\n<meta property=\"og:title\" content=\"Pourquoi le trilinguisme am\u00e9liore les capacit\u00e9s cognitives - Lyc\u00e9e Fran\u00e7ais de S\u00e9ville | Colegio privado biling\u00fce en Sevilla\" \/>\n<meta property=\"og:description\" content=\"IntroductionApprendre trois langues d\u00e8s l\u2019enfance n\u2019est pas seulement un atout acad\u00e9mique : cela stimule aussi le cerveau, am\u00e9liore la capacit\u00e9 de concentration et facilite l\u2019acquisition de nouvelles connaissances tout au long de la vie. Le trilinguisme est un outil puissant pour le d\u00e9veloppement global des enfants, et son impact est confirm\u00e9 par de nombreuses \u00e9tudes [&hellip;]\" \/>\n<meta property=\"og:url\" content=\"https:\/\/lfsevilla.com\/fr\/pourquoi-le-trilinguisme-ameliore-les-capacites-cognitives\/\" \/>\n<meta property=\"og:site_name\" content=\"Lyc\u00e9e Fran\u00e7ais de S\u00e9ville | Colegio privado biling\u00fce en Sevilla\" \/>\n<meta property=\"article:publisher\" content=\"https:\/\/www.facebook.com\/LiceoFrancesSevilla\/\" \/>\n<meta property=\"article:published_time\" content=\"2025-08-09T15:23:00+00:00\" \/>\n<meta property=\"article:modified_time\" content=\"2025-08-09T15:23:03+00:00\" \/>\n<meta property=\"og:image\" content=\"https:\/\/lfsevilla.com\/wp-content\/uploads\/2025\/08\/trilinguismo-y-desarrollo-cognitivo.jpg\" \/>\n\t<meta property=\"og:image:width\" content=\"1200\" \/>\n\t<meta property=\"og:image:height\" content=\"675\" \/>\n\t<meta property=\"og:image:type\" content=\"image\/jpeg\" \/>\n<meta name=\"author\" content=\"LFS\" \/>\n<meta name=\"twitter:card\" content=\"summary_large_image\" \/>\n<meta name=\"twitter:creator\" content=\"@lfsevilla\" \/>\n<meta name=\"twitter:site\" content=\"@lfsevilla\" \/>\n<meta name=\"twitter:label1\" content=\"\u00c9crit par\" \/>\n\t<meta name=\"twitter:data1\" content=\"LFS\" \/>\n\t<meta name=\"twitter:label2\" content=\"Dur\u00e9e de lecture estim\u00e9e\" \/>\n\t<meta name=\"twitter:data2\" content=\"2 minutes\" \/>\n<script type=\"application\/ld+json\" class=\"yoast-schema-graph\">{\"@context\":\"https:\/\/schema.org\",\"@graph\":[{\"@type\":\"Article\",\"@id\":\"https:\/\/lfsevilla.com\/fr\/pourquoi-le-trilinguisme-ameliore-les-capacites-cognitives\/#article\",\"isPartOf\":{\"@id\":\"https:\/\/lfsevilla.com\/fr\/pourquoi-le-trilinguisme-ameliore-les-capacites-cognitives\/\"},\"author\":{\"name\":\"LFS\",\"@id\":\"https:\/\/lfsevilla.com\/#\/schema\/person\/ead715d6b1b6b2cb0bb6f7a06675d093\"},\"headline\":\"Pourquoi le trilinguisme am\u00e9liore les capacit\u00e9s cognitives\",\"datePublished\":\"2025-08-09T15:23:00+00:00\",\"dateModified\":\"2025-08-09T15:23:03+00:00\",\"mainEntityOfPage\":{\"@id\":\"https:\/\/lfsevilla.com\/fr\/pourquoi-le-trilinguisme-ameliore-les-capacites-cognitives\/\"},\"wordCount\":363,\"publisher\":{\"@id\":\"https:\/\/lfsevilla.com\/#organization\"},\"image\":{\"@id\":\"https:\/\/lfsevilla.com\/fr\/pourquoi-le-trilinguisme-ameliore-les-capacites-cognitives\/#primaryimage\"},\"thumbnailUrl\":\"https:\/\/lfsevilla.com\/wp-content\/uploads\/2025\/08\/trilinguismo-y-desarrollo-cognitivo.jpg\",\"articleSection\":[\"Lyc\u00e9e Fran\u00e7ais\",\"Non classifi\u00e9(e)\",\"Nouvelles\"],\"inLanguage\":\"fr-FR\"},{\"@type\":\"WebPage\",\"@id\":\"https:\/\/lfsevilla.com\/fr\/pourquoi-le-trilinguisme-ameliore-les-capacites-cognitives\/\",\"url\":\"https:\/\/lfsevilla.com\/fr\/pourquoi-le-trilinguisme-ameliore-les-capacites-cognitives\/\",\"name\":\"Pourquoi le trilinguisme am\u00e9liore les capacit\u00e9s cognitives - Lyc\u00e9e Fran\u00e7ais de S\u00e9ville | Colegio privado biling\u00fce en Sevilla\",\"isPartOf\":{\"@id\":\"https:\/\/lfsevilla.com\/#website\"},\"primaryImageOfPage\":{\"@id\":\"https:\/\/lfsevilla.com\/fr\/pourquoi-le-trilinguisme-ameliore-les-capacites-cognitives\/#primaryimage\"},\"image\":{\"@id\":\"https:\/\/lfsevilla.com\/fr\/pourquoi-le-trilinguisme-ameliore-les-capacites-cognitives\/#primaryimage\"},\"thumbnailUrl\":\"https:\/\/lfsevilla.com\/wp-content\/uploads\/2025\/08\/trilinguismo-y-desarrollo-cognitivo.jpg\",\"datePublished\":\"2025-08-09T15:23:00+00:00\",\"dateModified\":\"2025-08-09T15:23:03+00:00\",\"breadcrumb\":{\"@id\":\"https:\/\/lfsevilla.com\/fr\/pourquoi-le-trilinguisme-ameliore-les-capacites-cognitives\/#breadcrumb\"},\"inLanguage\":\"fr-FR\",\"potentialAction\":[{\"@type\":\"ReadAction\",\"target\":[\"https:\/\/lfsevilla.com\/fr\/pourquoi-le-trilinguisme-ameliore-les-capacites-cognitives\/\"]}]},{\"@type\":\"ImageObject\",\"inLanguage\":\"fr-FR\",\"@id\":\"https:\/\/lfsevilla.com\/fr\/pourquoi-le-trilinguisme-ameliore-les-capacites-cognitives\/#primaryimage\",\"url\":\"https:\/\/lfsevilla.com\/wp-content\/uploads\/2025\/08\/trilinguismo-y-desarrollo-cognitivo.jpg\",\"contentUrl\":\"https:\/\/lfsevilla.com\/wp-content\/uploads\/2025\/08\/trilinguismo-y-desarrollo-cognitivo.jpg\",\"width\":1200,\"height\":675,\"caption\":\"riling\u00fcismo y desarrollo cognitivo\"},{\"@type\":\"BreadcrumbList\",\"@id\":\"https:\/\/lfsevilla.com\/fr\/pourquoi-le-trilinguisme-ameliore-les-capacites-cognitives\/#breadcrumb\",\"itemListElement\":[{\"@type\":\"ListItem\",\"position\":1,\"name\":\"Portada\",\"item\":\"https:\/\/lfsevilla.com\/fr\/\"},{\"@type\":\"ListItem\",\"position\":2,\"name\":\"Pourquoi le trilinguisme am\u00e9liore les capacit\u00e9s cognitives\"}]},{\"@type\":\"WebSite\",\"@id\":\"https:\/\/lfsevilla.com\/#website\",\"url\":\"https:\/\/lfsevilla.com\/\",\"name\":\"Lyc\u00e9e Fran\u00e7ais de S\u00e9ville | Colegio privado internacional triling\u00fce en Sevilla\",\"description\":\"El Liceo franc\u00e9s de Sevilla ofrece una ense\u00f1anza pluriling\u00fce (ingl\u00e9s, franc\u00e9s y espa\u00f1ol), multicultural y respetuosa con las libertades individuales.\",\"publisher\":{\"@id\":\"https:\/\/lfsevilla.com\/#organization\"},\"potentialAction\":[{\"@type\":\"SearchAction\",\"target\":{\"@type\":\"EntryPoint\",\"urlTemplate\":\"https:\/\/lfsevilla.com\/?s={search_term_string}\"},\"query-input\":{\"@type\":\"PropertyValueSpecification\",\"valueRequired\":true,\"valueName\":\"search_term_string\"}}],\"inLanguage\":\"fr-FR\"},{\"@type\":\"Organization\",\"@id\":\"https:\/\/lfsevilla.com\/#organization\",\"name\":\"Lyc\u00e9e Fran\u00e7ais International de S\u00e9ville\",\"url\":\"https:\/\/lfsevilla.com\/\",\"logo\":{\"@type\":\"ImageObject\",\"inLanguage\":\"fr-FR\",\"@id\":\"https:\/\/lfsevilla.com\/#\/schema\/logo\/image\/\",\"url\":\"https:\/\/lfsevilla.com\/wp-content\/uploads\/2023\/05\/Logo-Liceo-Frances-de-Sevilla-223x223-1.jpg\",\"contentUrl\":\"https:\/\/lfsevilla.com\/wp-content\/uploads\/2023\/05\/Logo-Liceo-Frances-de-Sevilla-223x223-1.jpg\",\"width\":223,\"height\":223,\"caption\":\"Lyc\u00e9e Fran\u00e7ais International de S\u00e9ville\"},\"image\":{\"@id\":\"https:\/\/lfsevilla.com\/#\/schema\/logo\/image\/\"},\"sameAs\":[\"https:\/\/www.facebook.com\/LiceoFrancesSevilla\/\",\"https:\/\/x.com\/lfsevilla\",\"https:\/\/www.linkedin.com\/company\/liceo-francs-internacional-de-sevilla\/\",\"https:\/\/www.instagram.com\/liceofrancessevilla\/\",\"https:\/\/www.youtube.com\/@liceofrancessevilla1124\"]},{\"@type\":\"Person\",\"@id\":\"https:\/\/lfsevilla.com\/#\/schema\/person\/ead715d6b1b6b2cb0bb6f7a06675d093\",\"name\":\"LFS\",\"image\":{\"@type\":\"ImageObject\",\"inLanguage\":\"fr-FR\",\"@id\":\"https:\/\/lfsevilla.com\/#\/schema\/person\/image\/\",\"url\":\"https:\/\/secure.gravatar.com\/avatar\/2b2587b6982746a9eb2cb62bda174a08069748c2251c7ca9b6e683d4aab29597?s=96&d=mm&r=g\",\"contentUrl\":\"https:\/\/secure.gravatar.com\/avatar\/2b2587b6982746a9eb2cb62bda174a08069748c2251c7ca9b6e683d4aab29597?s=96&d=mm&r=g\",\"caption\":\"LFS\"},\"url\":\"https:\/\/lfsevilla.com\/fr\/author\/weblfsevilla-com\/\"}]}<\/script>\n<!-- \/ Yoast SEO plugin. -->","yoast_head_json":{"title":"Pourquoi le trilinguisme am\u00e9liore les capacit\u00e9s cognitives - Lyc\u00e9e Fran\u00e7ais de S\u00e9ville | Colegio privado biling\u00fce en Sevilla","robots":{"index":"index","follow":"follow","max-snippet":"max-snippet:-1","max-image-preview":"max-image-preview:large","max-video-preview":"max-video-preview:-1"},"canonical":"https:\/\/lfsevilla.com\/fr\/pourquoi-le-trilinguisme-ameliore-les-capacites-cognitives\/","og_locale":"fr_FR","og_type":"article","og_title":"Pourquoi le trilinguisme am\u00e9liore les capacit\u00e9s cognitives - Lyc\u00e9e Fran\u00e7ais de S\u00e9ville | Colegio privado biling\u00fce en Sevilla","og_description":"IntroductionApprendre trois langues d\u00e8s l\u2019enfance n\u2019est pas seulement un atout acad\u00e9mique : cela stimule aussi le cerveau, am\u00e9liore la capacit\u00e9 de concentration et facilite l\u2019acquisition de nouvelles connaissances tout au long de la vie. Le trilinguisme est un outil puissant pour le d\u00e9veloppement global des enfants, et son impact est confirm\u00e9 par de nombreuses \u00e9tudes [&hellip;]","og_url":"https:\/\/lfsevilla.com\/fr\/pourquoi-le-trilinguisme-ameliore-les-capacites-cognitives\/","og_site_name":"Lyc\u00e9e Fran\u00e7ais de S\u00e9ville | Colegio privado biling\u00fce en Sevilla","article_publisher":"https:\/\/www.facebook.com\/LiceoFrancesSevilla\/","article_published_time":"2025-08-09T15:23:00+00:00","article_modified_time":"2025-08-09T15:23:03+00:00","og_image":[{"width":1200,"height":675,"url":"https:\/\/lfsevilla.com\/wp-content\/uploads\/2025\/08\/trilinguismo-y-desarrollo-cognitivo.jpg","type":"image\/jpeg"}],"author":"LFS","twitter_card":"summary_large_image","twitter_creator":"@lfsevilla","twitter_site":"@lfsevilla","twitter_misc":{"\u00c9crit par":"LFS","Dur\u00e9e de lecture estim\u00e9e":"2 minutes"},"schema":{"@context":"https:\/\/schema.org","@graph":[{"@type":"Article","@id":"https:\/\/lfsevilla.com\/fr\/pourquoi-le-trilinguisme-ameliore-les-capacites-cognitives\/#article","isPartOf":{"@id":"https:\/\/lfsevilla.com\/fr\/pourquoi-le-trilinguisme-ameliore-les-capacites-cognitives\/"},"author":{"name":"LFS","@id":"https:\/\/lfsevilla.com\/#\/schema\/person\/ead715d6b1b6b2cb0bb6f7a06675d093"},"headline":"Pourquoi le trilinguisme am\u00e9liore les capacit\u00e9s cognitives","datePublished":"2025-08-09T15:23:00+00:00","dateModified":"2025-08-09T15:23:03+00:00","mainEntityOfPage":{"@id":"https:\/\/lfsevilla.com\/fr\/pourquoi-le-trilinguisme-ameliore-les-capacites-cognitives\/"},"wordCount":363,"publisher":{"@id":"https:\/\/lfsevilla.com\/#organization"},"image":{"@id":"https:\/\/lfsevilla.com\/fr\/pourquoi-le-trilinguisme-ameliore-les-capacites-cognitives\/#primaryimage"},"thumbnailUrl":"https:\/\/lfsevilla.com\/wp-content\/uploads\/2025\/08\/trilinguismo-y-desarrollo-cognitivo.jpg","articleSection":["Lyc\u00e9e Fran\u00e7ais","Non classifi\u00e9(e)","Nouvelles"],"inLanguage":"fr-FR"},{"@type":"WebPage","@id":"https:\/\/lfsevilla.com\/fr\/pourquoi-le-trilinguisme-ameliore-les-capacites-cognitives\/","url":"https:\/\/lfsevilla.com\/fr\/pourquoi-le-trilinguisme-ameliore-les-capacites-cognitives\/","name":"Pourquoi le trilinguisme am\u00e9liore les capacit\u00e9s cognitives - Lyc\u00e9e Fran\u00e7ais de S\u00e9ville | Colegio privado biling\u00fce en Sevilla","isPartOf":{"@id":"https:\/\/lfsevilla.com\/#website"},"primaryImageOfPage":{"@id":"https:\/\/lfsevilla.com\/fr\/pourquoi-le-trilinguisme-ameliore-les-capacites-cognitives\/#primaryimage"},"image":{"@id":"https:\/\/lfsevilla.com\/fr\/pourquoi-le-trilinguisme-ameliore-les-capacites-cognitives\/#primaryimage"},"thumbnailUrl":"https:\/\/lfsevilla.com\/wp-content\/uploads\/2025\/08\/trilinguismo-y-desarrollo-cognitivo.jpg","datePublished":"2025-08-09T15:23:00+00:00","dateModified":"2025-08-09T15:23:03+00:00","breadcrumb":{"@id":"https:\/\/lfsevilla.com\/fr\/pourquoi-le-trilinguisme-ameliore-les-capacites-cognitives\/#breadcrumb"},"inLanguage":"fr-FR","potentialAction":[{"@type":"ReadAction","target":["https:\/\/lfsevilla.com\/fr\/pourquoi-le-trilinguisme-ameliore-les-capacites-cognitives\/"]}]},{"@type":"ImageObject","inLanguage":"fr-FR","@id":"https:\/\/lfsevilla.com\/fr\/pourquoi-le-trilinguisme-ameliore-les-capacites-cognitives\/#primaryimage","url":"https:\/\/lfsevilla.com\/wp-content\/uploads\/2025\/08\/trilinguismo-y-desarrollo-cognitivo.jpg","contentUrl":"https:\/\/lfsevilla.com\/wp-content\/uploads\/2025\/08\/trilinguismo-y-desarrollo-cognitivo.jpg","width":1200,"height":675,"caption":"riling\u00fcismo y desarrollo cognitivo"},{"@type":"BreadcrumbList","@id":"https:\/\/lfsevilla.com\/fr\/pourquoi-le-trilinguisme-ameliore-les-capacites-cognitives\/#breadcrumb","itemListElement":[{"@type":"ListItem","position":1,"name":"Portada","item":"https:\/\/lfsevilla.com\/fr\/"},{"@type":"ListItem","position":2,"name":"Pourquoi le trilinguisme am\u00e9liore les capacit\u00e9s cognitives"}]},{"@type":"WebSite","@id":"https:\/\/lfsevilla.com\/#website","url":"https:\/\/lfsevilla.com\/","name":"Lyc\u00e9e Fran\u00e7ais de S\u00e9ville | Colegio privado internacional triling\u00fce en Sevilla","description":"El Liceo franc\u00e9s de Sevilla ofrece una ense\u00f1anza pluriling\u00fce (ingl\u00e9s, franc\u00e9s y espa\u00f1ol), multicultural y respetuosa con las libertades individuales.","publisher":{"@id":"https:\/\/lfsevilla.com\/#organization"},"potentialAction":[{"@type":"SearchAction","target":{"@type":"EntryPoint","urlTemplate":"https:\/\/lfsevilla.com\/?s={search_term_string}"},"query-input":{"@type":"PropertyValueSpecification","valueRequired":true,"valueName":"search_term_string"}}],"inLanguage":"fr-FR"},{"@type":"Organization","@id":"https:\/\/lfsevilla.com\/#organization","name":"Lyc\u00e9e Fran\u00e7ais International de S\u00e9ville","url":"https:\/\/lfsevilla.com\/","logo":{"@type":"ImageObject","inLanguage":"fr-FR","@id":"https:\/\/lfsevilla.com\/#\/schema\/logo\/image\/","url":"https:\/\/lfsevilla.com\/wp-content\/uploads\/2023\/05\/Logo-Liceo-Frances-de-Sevilla-223x223-1.jpg","contentUrl":"https:\/\/lfsevilla.com\/wp-content\/uploads\/2023\/05\/Logo-Liceo-Frances-de-Sevilla-223x223-1.jpg","width":223,"height":223,"caption":"Lyc\u00e9e Fran\u00e7ais International de S\u00e9ville"},"image":{"@id":"https:\/\/lfsevilla.com\/#\/schema\/logo\/image\/"},"sameAs":["https:\/\/www.facebook.com\/LiceoFrancesSevilla\/","https:\/\/x.com\/lfsevilla","https:\/\/www.linkedin.com\/company\/liceo-francs-internacional-de-sevilla\/","https:\/\/www.instagram.com\/liceofrancessevilla\/","https:\/\/www.youtube.com\/@liceofrancessevilla1124"]},{"@type":"Person","@id":"https:\/\/lfsevilla.com\/#\/schema\/person\/ead715d6b1b6b2cb0bb6f7a06675d093","name":"LFS","image":{"@type":"ImageObject","inLanguage":"fr-FR","@id":"https:\/\/lfsevilla.com\/#\/schema\/person\/image\/","url":"https:\/\/secure.gravatar.com\/avatar\/2b2587b6982746a9eb2cb62bda174a08069748c2251c7ca9b6e683d4aab29597?s=96&d=mm&r=g","contentUrl":"https:\/\/secure.gravatar.com\/avatar\/2b2587b6982746a9eb2cb62bda174a08069748c2251c7ca9b6e683d4aab29597?s=96&d=mm&r=g","caption":"LFS"},"url":"https:\/\/lfsevilla.com\/fr\/author\/weblfsevilla-com\/"}]}},"_links":{"self":[{"href":"https:\/\/lfsevilla.com\/fr\/wp-json\/wp\/v2\/posts\/15740","targetHints":{"allow":["GET"]}}],"collection":[{"href":"https:\/\/lfsevilla.com\/fr\/wp-json\/wp\/v2\/posts"}],"about":[{"href":"https:\/\/lfsevilla.com\/fr\/wp-json\/wp\/v2\/types\/post"}],"author":[{"embeddable":true,"href":"https:\/\/lfsevilla.com\/fr\/wp-json\/wp\/v2\/users\/2"}],"replies":[{"embeddable":true,"href":"https:\/\/lfsevilla.com\/fr\/wp-json\/wp\/v2\/comments?post=15740"}],"version-history":[{"count":1,"href":"https:\/\/lfsevilla.com\/fr\/wp-json\/wp\/v2\/posts\/15740\/revisions"}],"predecessor-version":[{"id":15741,"href":"https:\/\/lfsevilla.com\/fr\/wp-json\/wp\/v2\/posts\/15740\/revisions\/15741"}],"wp:featuredmedia":[{"embeddable":true,"href":"https:\/\/lfsevilla.com\/fr\/wp-json\/wp\/v2\/media\/15738"}],"wp:attachment":[{"href":"https:\/\/lfsevilla.com\/fr\/wp-json\/wp\/v2\/media?parent=15740"}],"wp:term":[{"taxonomy":"category","embeddable":true,"href":"https:\/\/lfsevilla.com\/fr\/wp-json\/wp\/v2\/categories?post=15740"},{"taxonomy":"post_tag","embeddable":true,"href":"https:\/\/lfsevilla.com\/fr\/wp-json\/wp\/v2\/tags?post=15740"}],"curies":[{"name":"wp","href":"https:\/\/api.w.org\/{rel}","templated":true}]}}