{"id":15734,"date":"2025-08-09T16:38:45","date_gmt":"2025-08-09T14:38:45","guid":{"rendered":"https:\/\/lfsevilla.com\/les-benefices-de-leducation-internationale-a-seville-au-dela-des-langues\/"},"modified":"2025-08-09T16:38:47","modified_gmt":"2025-08-09T14:38:47","slug":"les-benefices-de-leducation-internationale-a-seville-au-dela-des-langues","status":"publish","type":"post","link":"https:\/\/lfsevilla.com\/fr\/les-benefices-de-leducation-internationale-a-seville-au-dela-des-langues\/","title":{"rendered":"Les b\u00e9n\u00e9fices de l\u2019\u00e9ducation internationale \u00e0 S\u00e9ville : au-del\u00e0 des langues"},"content":{"rendered":"\n<p><p><strong data-start=\"307\" data-end=\"323\">Introduction<\/strong><br data-start=\"323\" data-end=\"326\"\/>\u00c0 S\u00e9ville, de plus en plus de familles recherchent pour leurs enfants une formation qui va au-del\u00e0 du programme local.<br data-start=\"444\" data-end=\"447\"\/>L\u2019\u00e9ducation internationale combine excellence acad\u00e9mique, apprentissage de plusieurs langues et vision globale, pr\u00e9parant les \u00e9l\u00e8ves \u00e0 un monde interconnect\u00e9.<br data-start=\"605\" data-end=\"608\"\/>Mais quels sont les avantages concrets qu\u2019elle apporte ?<\/p><\/p>\n\n<hr class=\"wp-block-separator has-alpha-channel-opacity\"\/>\n\n<h2 class=\"wp-block-heading\"><h2>1. Ma\u00eetrise de plusieurs langues d\u00e8s l\u2019enfance<\/h2><\/h2>\n\n<p>Dans un \u00e9tablissement international, les \u00e9l\u00e8ves apprennent et utilisent au moins trois langues au quotidien.<br\/>Dans le cas du syst\u00e8me fran\u00e7ais avec programme Cambridge, ils d\u00e9veloppent des comp\u00e9tences solides en fran\u00e7ais, en espagnol et en anglais d\u00e8s le plus jeune \u00e2ge, favorisant la flexibilit\u00e9 cognitive et la communication dans des contextes vari\u00e9s.<\/p>\n\n<hr class=\"wp-block-separator has-alpha-channel-opacity\"\/>\n\n<h2 class=\"wp-block-heading\"><h2>2. M\u00e9thodes actives et pens\u00e9e critique<\/h2><\/h2>\n\n<p><p>L\u2019\u00e9ducation internationale ne se limite pas \u00e0 transmettre des contenus.<br data-start=\"1224\" data-end=\"1227\"\/>\u00c0 travers des projets, des d\u00e9bats et des activit\u00e9s collaboratives, les \u00e9l\u00e8ves apprennent \u00e0 analyser, \u00e0 argumenter et \u00e0 r\u00e9soudre des probl\u00e8mes de mani\u00e8re cr\u00e9ative, des comp\u00e9tences cl\u00e9s pour leur avenir acad\u00e9mique et professionnel.<\/p><\/p>\n\n<hr class=\"wp-block-separator has-alpha-channel-opacity\"\/>\n\n<h2 class=\"wp-block-heading\"><h2>3. Acc\u00e8s \u00e0 un r\u00e9seau mondial d\u2019opportunit\u00e9s<\/h2><\/h2>\n\n<p><p>\u00c9tudier dans un \u00e9tablissement accr\u00e9dit\u00e9 par des r\u00e9seaux comme l\u2019<strong data-start=\"1589\" data-end=\"1597\">AEFE<\/strong> (Agence pour l\u2019Enseignement Fran\u00e7ais \u00e0 l\u2019\u00c9tranger) ou <strong data-start=\"1652\" data-end=\"1679\">Cambridge International<\/strong> ouvre les portes des universit\u00e9s et programmes dans le monde entier, avec des dipl\u00f4mes et certifications reconnus \u00e0 l\u2019international.<\/p><\/p>\n\n<hr class=\"wp-block-separator has-alpha-channel-opacity\"\/>\n\n<h2 class=\"wp-block-heading\"><p><strong>4. Formation aux valeurs et \u00e0 la citoyennet\u00e9 mondiale<\/strong><\/p><\/h2>\n\n<p><p>Au-del\u00e0 des aspects acad\u00e9miques, l\u2019\u00e9ducation internationale favorise le respect, la tol\u00e9rance et la coop\u00e9ration.<br data-start=\"2003\" data-end=\"2006\"\/>La coexistence avec des camarades issus de cultures diff\u00e9rentes enrichit l\u2019exp\u00e9rience \u00e9ducative et forme des citoyens ouverts et responsables.<\/p><\/p>\n\n<hr class=\"wp-block-separator has-alpha-channel-opacity\"\/>\n\n<h2 class=\"wp-block-heading\"><h2>5. Pr\u00e9paration \u00e0 un monde en constante \u00e9volution<\/h2><\/h2>\n\n<p><p>L\u2019adaptabilit\u00e9, la cr\u00e9ativit\u00e9 et les comp\u00e9tences num\u00e9riques sont essentielles dans la soci\u00e9t\u00e9 actuelle.<br data-start=\"2325\" data-end=\"2328\"\/>L\u2019\u00e9ducation internationale les int\u00e8gre au quotidien, pr\u00e9parant les \u00e9l\u00e8ves \u00e0 des m\u00e9tiers et d\u00e9fis qui n\u2019existent pas encore.<\/p><\/p>\n\n<hr class=\"wp-block-separator has-alpha-channel-opacity\"\/>\n\n<p><p><strong data-start=\"2460\" data-end=\"2474\">Conclusion<\/strong><br data-start=\"2474\" data-end=\"2477\"\/>Choisir une \u00e9ducation internationale \u00e0 S\u00e9ville, c\u2019est miser sur l\u2019avenir.<br data-start=\"2550\" data-end=\"2553\"\/>Il ne s\u2019agit pas seulement d\u2019apprendre des langues, mais aussi de d\u00e9velopper des comp\u00e9tences, des valeurs et une mentalit\u00e9 globale qui accompagneront les \u00e9l\u00e8ves tout au long de leur vie.<\/p><\/p>\n","protected":false},"excerpt":{"rendered":"<p>Introduction\u00c0 S\u00e9ville, de plus en plus de familles recherchent pour leurs enfants une formation qui va au-del\u00e0 du programme local.L\u2019\u00e9ducation internationale combine excellence acad\u00e9mique, apprentissage de plusieurs langues et vision globale, pr\u00e9parant les \u00e9l\u00e8ves \u00e0 un monde interconnect\u00e9.Mais quels sont les avantages concrets qu\u2019elle apporte ? 1. Ma\u00eetrise de plusieurs langues d\u00e8s l\u2019enfance Dans un [&hellip;]<\/p>\n","protected":false},"author":2,"featured_media":15732,"comment_status":"closed","ping_status":"open","sticky":false,"template":"","format":"standard","meta":{"_et_pb_use_builder":"off","_et_pb_old_content":"","_et_gb_content_width":"","footnotes":""},"categories":[33,393,2],"tags":[],"class_list":["post-15734","post","type-post","status-publish","format-standard","has-post-thumbnail","hentry","category-evenements","category-lycee-francais","category-non-classifiee"],"yoast_head":"<!-- This site is optimized with the Yoast SEO plugin v27.0 - https:\/\/yoast.com\/product\/yoast-seo-wordpress\/ -->\n<title>Les b\u00e9n\u00e9fices de l\u2019\u00e9ducation internationale \u00e0 S\u00e9ville : au-del\u00e0 des langues - Lyc\u00e9e Fran\u00e7ais de S\u00e9ville | Colegio privado biling\u00fce en Sevilla<\/title>\n<meta name=\"robots\" content=\"index, follow, max-snippet:-1, max-image-preview:large, max-video-preview:-1\" \/>\n<link rel=\"canonical\" href=\"https:\/\/lfsevilla.com\/fr\/les-benefices-de-leducation-internationale-a-seville-au-dela-des-langues\/\" \/>\n<meta property=\"og:locale\" content=\"fr_FR\" \/>\n<meta property=\"og:type\" content=\"article\" \/>\n<meta property=\"og:title\" content=\"Les b\u00e9n\u00e9fices de l\u2019\u00e9ducation internationale \u00e0 S\u00e9ville : au-del\u00e0 des langues - Lyc\u00e9e Fran\u00e7ais de S\u00e9ville | Colegio privado biling\u00fce en Sevilla\" \/>\n<meta property=\"og:description\" content=\"Introduction\u00c0 S\u00e9ville, de plus en plus de familles recherchent pour leurs enfants une formation qui va au-del\u00e0 du programme local.L\u2019\u00e9ducation internationale combine excellence acad\u00e9mique, apprentissage de plusieurs langues et vision globale, pr\u00e9parant les \u00e9l\u00e8ves \u00e0 un monde interconnect\u00e9.Mais quels sont les avantages concrets qu\u2019elle apporte ? 1. Ma\u00eetrise de plusieurs langues d\u00e8s l\u2019enfance Dans un [&hellip;]\" \/>\n<meta property=\"og:url\" content=\"https:\/\/lfsevilla.com\/fr\/les-benefices-de-leducation-internationale-a-seville-au-dela-des-langues\/\" \/>\n<meta property=\"og:site_name\" content=\"Lyc\u00e9e Fran\u00e7ais de S\u00e9ville | Colegio privado biling\u00fce en Sevilla\" \/>\n<meta property=\"article:publisher\" content=\"https:\/\/www.facebook.com\/LiceoFrancesSevilla\/\" \/>\n<meta property=\"article:published_time\" content=\"2025-08-09T14:38:45+00:00\" \/>\n<meta property=\"article:modified_time\" content=\"2025-08-09T14:38:47+00:00\" \/>\n<meta property=\"og:image\" content=\"https:\/\/lfsevilla.com\/wp-content\/uploads\/2025\/08\/educacion-internacional-sevilla.jpg\" \/>\n\t<meta property=\"og:image:width\" content=\"1200\" \/>\n\t<meta property=\"og:image:height\" content=\"675\" \/>\n\t<meta property=\"og:image:type\" content=\"image\/jpeg\" \/>\n<meta name=\"author\" content=\"LFS\" \/>\n<meta name=\"twitter:card\" content=\"summary_large_image\" \/>\n<meta name=\"twitter:creator\" content=\"@lfsevilla\" \/>\n<meta name=\"twitter:site\" content=\"@lfsevilla\" \/>\n<meta name=\"twitter:label1\" content=\"\u00c9crit par\" \/>\n\t<meta name=\"twitter:data1\" content=\"LFS\" \/>\n\t<meta name=\"twitter:label2\" content=\"Dur\u00e9e de lecture estim\u00e9e\" \/>\n\t<meta name=\"twitter:data2\" content=\"2 minutes\" \/>\n<script type=\"application\/ld+json\" class=\"yoast-schema-graph\">{\"@context\":\"https:\/\/schema.org\",\"@graph\":[{\"@type\":\"Article\",\"@id\":\"https:\/\/lfsevilla.com\/fr\/les-benefices-de-leducation-internationale-a-seville-au-dela-des-langues\/#article\",\"isPartOf\":{\"@id\":\"https:\/\/lfsevilla.com\/fr\/les-benefices-de-leducation-internationale-a-seville-au-dela-des-langues\/\"},\"author\":{\"name\":\"LFS\",\"@id\":\"https:\/\/lfsevilla.com\/#\/schema\/person\/ead715d6b1b6b2cb0bb6f7a06675d093\"},\"headline\":\"Les b\u00e9n\u00e9fices de l\u2019\u00e9ducation internationale \u00e0 S\u00e9ville : au-del\u00e0 des langues\",\"datePublished\":\"2025-08-09T14:38:45+00:00\",\"dateModified\":\"2025-08-09T14:38:47+00:00\",\"mainEntityOfPage\":{\"@id\":\"https:\/\/lfsevilla.com\/fr\/les-benefices-de-leducation-internationale-a-seville-au-dela-des-langues\/\"},\"wordCount\":389,\"publisher\":{\"@id\":\"https:\/\/lfsevilla.com\/#organization\"},\"image\":{\"@id\":\"https:\/\/lfsevilla.com\/fr\/les-benefices-de-leducation-internationale-a-seville-au-dela-des-langues\/#primaryimage\"},\"thumbnailUrl\":\"https:\/\/lfsevilla.com\/wp-content\/uploads\/2025\/08\/educacion-internacional-sevilla.jpg\",\"articleSection\":[\"Ev\u00e9nements\",\"Lyc\u00e9e Fran\u00e7ais\",\"Non classifi\u00e9(e)\"],\"inLanguage\":\"fr-FR\"},{\"@type\":\"WebPage\",\"@id\":\"https:\/\/lfsevilla.com\/fr\/les-benefices-de-leducation-internationale-a-seville-au-dela-des-langues\/\",\"url\":\"https:\/\/lfsevilla.com\/fr\/les-benefices-de-leducation-internationale-a-seville-au-dela-des-langues\/\",\"name\":\"Les b\u00e9n\u00e9fices de l\u2019\u00e9ducation internationale \u00e0 S\u00e9ville : au-del\u00e0 des langues - Lyc\u00e9e Fran\u00e7ais de S\u00e9ville | Colegio privado biling\u00fce en Sevilla\",\"isPartOf\":{\"@id\":\"https:\/\/lfsevilla.com\/#website\"},\"primaryImageOfPage\":{\"@id\":\"https:\/\/lfsevilla.com\/fr\/les-benefices-de-leducation-internationale-a-seville-au-dela-des-langues\/#primaryimage\"},\"image\":{\"@id\":\"https:\/\/lfsevilla.com\/fr\/les-benefices-de-leducation-internationale-a-seville-au-dela-des-langues\/#primaryimage\"},\"thumbnailUrl\":\"https:\/\/lfsevilla.com\/wp-content\/uploads\/2025\/08\/educacion-internacional-sevilla.jpg\",\"datePublished\":\"2025-08-09T14:38:45+00:00\",\"dateModified\":\"2025-08-09T14:38:47+00:00\",\"breadcrumb\":{\"@id\":\"https:\/\/lfsevilla.com\/fr\/les-benefices-de-leducation-internationale-a-seville-au-dela-des-langues\/#breadcrumb\"},\"inLanguage\":\"fr-FR\",\"potentialAction\":[{\"@type\":\"ReadAction\",\"target\":[\"https:\/\/lfsevilla.com\/fr\/les-benefices-de-leducation-internationale-a-seville-au-dela-des-langues\/\"]}]},{\"@type\":\"ImageObject\",\"inLanguage\":\"fr-FR\",\"@id\":\"https:\/\/lfsevilla.com\/fr\/les-benefices-de-leducation-internationale-a-seville-au-dela-des-langues\/#primaryimage\",\"url\":\"https:\/\/lfsevilla.com\/wp-content\/uploads\/2025\/08\/educacion-internacional-sevilla.jpg\",\"contentUrl\":\"https:\/\/lfsevilla.com\/wp-content\/uploads\/2025\/08\/educacion-internacional-sevilla.jpg\",\"width\":1200,\"height\":675,\"caption\":\"Educaci\u00f3n internacional en Sevilla \u2013 Liceo Franc\u00e9s de Sevilla\"},{\"@type\":\"BreadcrumbList\",\"@id\":\"https:\/\/lfsevilla.com\/fr\/les-benefices-de-leducation-internationale-a-seville-au-dela-des-langues\/#breadcrumb\",\"itemListElement\":[{\"@type\":\"ListItem\",\"position\":1,\"name\":\"Portada\",\"item\":\"https:\/\/lfsevilla.com\/fr\/\"},{\"@type\":\"ListItem\",\"position\":2,\"name\":\"Les b\u00e9n\u00e9fices de l\u2019\u00e9ducation internationale \u00e0 S\u00e9ville : au-del\u00e0 des langues\"}]},{\"@type\":\"WebSite\",\"@id\":\"https:\/\/lfsevilla.com\/#website\",\"url\":\"https:\/\/lfsevilla.com\/\",\"name\":\"Lyc\u00e9e Fran\u00e7ais de S\u00e9ville | Colegio privado internacional triling\u00fce en Sevilla\",\"description\":\"El Liceo franc\u00e9s de Sevilla ofrece una ense\u00f1anza pluriling\u00fce (ingl\u00e9s, franc\u00e9s y espa\u00f1ol), multicultural y respetuosa con las libertades individuales.\",\"publisher\":{\"@id\":\"https:\/\/lfsevilla.com\/#organization\"},\"potentialAction\":[{\"@type\":\"SearchAction\",\"target\":{\"@type\":\"EntryPoint\",\"urlTemplate\":\"https:\/\/lfsevilla.com\/?s={search_term_string}\"},\"query-input\":{\"@type\":\"PropertyValueSpecification\",\"valueRequired\":true,\"valueName\":\"search_term_string\"}}],\"inLanguage\":\"fr-FR\"},{\"@type\":\"Organization\",\"@id\":\"https:\/\/lfsevilla.com\/#organization\",\"name\":\"Lyc\u00e9e Fran\u00e7ais International de S\u00e9ville\",\"url\":\"https:\/\/lfsevilla.com\/\",\"logo\":{\"@type\":\"ImageObject\",\"inLanguage\":\"fr-FR\",\"@id\":\"https:\/\/lfsevilla.com\/#\/schema\/logo\/image\/\",\"url\":\"https:\/\/lfsevilla.com\/wp-content\/uploads\/2023\/05\/Logo-Liceo-Frances-de-Sevilla-223x223-1.jpg\",\"contentUrl\":\"https:\/\/lfsevilla.com\/wp-content\/uploads\/2023\/05\/Logo-Liceo-Frances-de-Sevilla-223x223-1.jpg\",\"width\":223,\"height\":223,\"caption\":\"Lyc\u00e9e Fran\u00e7ais International de S\u00e9ville\"},\"image\":{\"@id\":\"https:\/\/lfsevilla.com\/#\/schema\/logo\/image\/\"},\"sameAs\":[\"https:\/\/www.facebook.com\/LiceoFrancesSevilla\/\",\"https:\/\/x.com\/lfsevilla\",\"https:\/\/www.linkedin.com\/company\/liceo-francs-internacional-de-sevilla\/\",\"https:\/\/www.instagram.com\/liceofrancessevilla\/\",\"https:\/\/www.youtube.com\/@liceofrancessevilla1124\"]},{\"@type\":\"Person\",\"@id\":\"https:\/\/lfsevilla.com\/#\/schema\/person\/ead715d6b1b6b2cb0bb6f7a06675d093\",\"name\":\"LFS\",\"image\":{\"@type\":\"ImageObject\",\"inLanguage\":\"fr-FR\",\"@id\":\"https:\/\/lfsevilla.com\/#\/schema\/person\/image\/\",\"url\":\"https:\/\/secure.gravatar.com\/avatar\/2b2587b6982746a9eb2cb62bda174a08069748c2251c7ca9b6e683d4aab29597?s=96&d=mm&r=g\",\"contentUrl\":\"https:\/\/secure.gravatar.com\/avatar\/2b2587b6982746a9eb2cb62bda174a08069748c2251c7ca9b6e683d4aab29597?s=96&d=mm&r=g\",\"caption\":\"LFS\"},\"url\":\"https:\/\/lfsevilla.com\/fr\/author\/weblfsevilla-com\/\"}]}<\/script>\n<!-- \/ Yoast SEO plugin. -->","yoast_head_json":{"title":"Les b\u00e9n\u00e9fices de l\u2019\u00e9ducation internationale \u00e0 S\u00e9ville : au-del\u00e0 des langues - Lyc\u00e9e Fran\u00e7ais de S\u00e9ville | Colegio privado biling\u00fce en Sevilla","robots":{"index":"index","follow":"follow","max-snippet":"max-snippet:-1","max-image-preview":"max-image-preview:large","max-video-preview":"max-video-preview:-1"},"canonical":"https:\/\/lfsevilla.com\/fr\/les-benefices-de-leducation-internationale-a-seville-au-dela-des-langues\/","og_locale":"fr_FR","og_type":"article","og_title":"Les b\u00e9n\u00e9fices de l\u2019\u00e9ducation internationale \u00e0 S\u00e9ville : au-del\u00e0 des langues - Lyc\u00e9e Fran\u00e7ais de S\u00e9ville | Colegio privado biling\u00fce en Sevilla","og_description":"Introduction\u00c0 S\u00e9ville, de plus en plus de familles recherchent pour leurs enfants une formation qui va au-del\u00e0 du programme local.L\u2019\u00e9ducation internationale combine excellence acad\u00e9mique, apprentissage de plusieurs langues et vision globale, pr\u00e9parant les \u00e9l\u00e8ves \u00e0 un monde interconnect\u00e9.Mais quels sont les avantages concrets qu\u2019elle apporte ? 1. Ma\u00eetrise de plusieurs langues d\u00e8s l\u2019enfance Dans un [&hellip;]","og_url":"https:\/\/lfsevilla.com\/fr\/les-benefices-de-leducation-internationale-a-seville-au-dela-des-langues\/","og_site_name":"Lyc\u00e9e Fran\u00e7ais de S\u00e9ville | Colegio privado biling\u00fce en Sevilla","article_publisher":"https:\/\/www.facebook.com\/LiceoFrancesSevilla\/","article_published_time":"2025-08-09T14:38:45+00:00","article_modified_time":"2025-08-09T14:38:47+00:00","og_image":[{"width":1200,"height":675,"url":"https:\/\/lfsevilla.com\/wp-content\/uploads\/2025\/08\/educacion-internacional-sevilla.jpg","type":"image\/jpeg"}],"author":"LFS","twitter_card":"summary_large_image","twitter_creator":"@lfsevilla","twitter_site":"@lfsevilla","twitter_misc":{"\u00c9crit par":"LFS","Dur\u00e9e de lecture estim\u00e9e":"2 minutes"},"schema":{"@context":"https:\/\/schema.org","@graph":[{"@type":"Article","@id":"https:\/\/lfsevilla.com\/fr\/les-benefices-de-leducation-internationale-a-seville-au-dela-des-langues\/#article","isPartOf":{"@id":"https:\/\/lfsevilla.com\/fr\/les-benefices-de-leducation-internationale-a-seville-au-dela-des-langues\/"},"author":{"name":"LFS","@id":"https:\/\/lfsevilla.com\/#\/schema\/person\/ead715d6b1b6b2cb0bb6f7a06675d093"},"headline":"Les b\u00e9n\u00e9fices de l\u2019\u00e9ducation internationale \u00e0 S\u00e9ville : au-del\u00e0 des langues","datePublished":"2025-08-09T14:38:45+00:00","dateModified":"2025-08-09T14:38:47+00:00","mainEntityOfPage":{"@id":"https:\/\/lfsevilla.com\/fr\/les-benefices-de-leducation-internationale-a-seville-au-dela-des-langues\/"},"wordCount":389,"publisher":{"@id":"https:\/\/lfsevilla.com\/#organization"},"image":{"@id":"https:\/\/lfsevilla.com\/fr\/les-benefices-de-leducation-internationale-a-seville-au-dela-des-langues\/#primaryimage"},"thumbnailUrl":"https:\/\/lfsevilla.com\/wp-content\/uploads\/2025\/08\/educacion-internacional-sevilla.jpg","articleSection":["Ev\u00e9nements","Lyc\u00e9e Fran\u00e7ais","Non classifi\u00e9(e)"],"inLanguage":"fr-FR"},{"@type":"WebPage","@id":"https:\/\/lfsevilla.com\/fr\/les-benefices-de-leducation-internationale-a-seville-au-dela-des-langues\/","url":"https:\/\/lfsevilla.com\/fr\/les-benefices-de-leducation-internationale-a-seville-au-dela-des-langues\/","name":"Les b\u00e9n\u00e9fices de l\u2019\u00e9ducation internationale \u00e0 S\u00e9ville : au-del\u00e0 des langues - Lyc\u00e9e Fran\u00e7ais de S\u00e9ville | Colegio privado biling\u00fce en Sevilla","isPartOf":{"@id":"https:\/\/lfsevilla.com\/#website"},"primaryImageOfPage":{"@id":"https:\/\/lfsevilla.com\/fr\/les-benefices-de-leducation-internationale-a-seville-au-dela-des-langues\/#primaryimage"},"image":{"@id":"https:\/\/lfsevilla.com\/fr\/les-benefices-de-leducation-internationale-a-seville-au-dela-des-langues\/#primaryimage"},"thumbnailUrl":"https:\/\/lfsevilla.com\/wp-content\/uploads\/2025\/08\/educacion-internacional-sevilla.jpg","datePublished":"2025-08-09T14:38:45+00:00","dateModified":"2025-08-09T14:38:47+00:00","breadcrumb":{"@id":"https:\/\/lfsevilla.com\/fr\/les-benefices-de-leducation-internationale-a-seville-au-dela-des-langues\/#breadcrumb"},"inLanguage":"fr-FR","potentialAction":[{"@type":"ReadAction","target":["https:\/\/lfsevilla.com\/fr\/les-benefices-de-leducation-internationale-a-seville-au-dela-des-langues\/"]}]},{"@type":"ImageObject","inLanguage":"fr-FR","@id":"https:\/\/lfsevilla.com\/fr\/les-benefices-de-leducation-internationale-a-seville-au-dela-des-langues\/#primaryimage","url":"https:\/\/lfsevilla.com\/wp-content\/uploads\/2025\/08\/educacion-internacional-sevilla.jpg","contentUrl":"https:\/\/lfsevilla.com\/wp-content\/uploads\/2025\/08\/educacion-internacional-sevilla.jpg","width":1200,"height":675,"caption":"Educaci\u00f3n internacional en Sevilla \u2013 Liceo Franc\u00e9s de Sevilla"},{"@type":"BreadcrumbList","@id":"https:\/\/lfsevilla.com\/fr\/les-benefices-de-leducation-internationale-a-seville-au-dela-des-langues\/#breadcrumb","itemListElement":[{"@type":"ListItem","position":1,"name":"Portada","item":"https:\/\/lfsevilla.com\/fr\/"},{"@type":"ListItem","position":2,"name":"Les b\u00e9n\u00e9fices de l\u2019\u00e9ducation internationale \u00e0 S\u00e9ville : au-del\u00e0 des langues"}]},{"@type":"WebSite","@id":"https:\/\/lfsevilla.com\/#website","url":"https:\/\/lfsevilla.com\/","name":"Lyc\u00e9e Fran\u00e7ais de S\u00e9ville | Colegio privado internacional triling\u00fce en Sevilla","description":"El Liceo franc\u00e9s de Sevilla ofrece una ense\u00f1anza pluriling\u00fce (ingl\u00e9s, franc\u00e9s y espa\u00f1ol), multicultural y respetuosa con las libertades individuales.","publisher":{"@id":"https:\/\/lfsevilla.com\/#organization"},"potentialAction":[{"@type":"SearchAction","target":{"@type":"EntryPoint","urlTemplate":"https:\/\/lfsevilla.com\/?s={search_term_string}"},"query-input":{"@type":"PropertyValueSpecification","valueRequired":true,"valueName":"search_term_string"}}],"inLanguage":"fr-FR"},{"@type":"Organization","@id":"https:\/\/lfsevilla.com\/#organization","name":"Lyc\u00e9e Fran\u00e7ais International de S\u00e9ville","url":"https:\/\/lfsevilla.com\/","logo":{"@type":"ImageObject","inLanguage":"fr-FR","@id":"https:\/\/lfsevilla.com\/#\/schema\/logo\/image\/","url":"https:\/\/lfsevilla.com\/wp-content\/uploads\/2023\/05\/Logo-Liceo-Frances-de-Sevilla-223x223-1.jpg","contentUrl":"https:\/\/lfsevilla.com\/wp-content\/uploads\/2023\/05\/Logo-Liceo-Frances-de-Sevilla-223x223-1.jpg","width":223,"height":223,"caption":"Lyc\u00e9e Fran\u00e7ais International de S\u00e9ville"},"image":{"@id":"https:\/\/lfsevilla.com\/#\/schema\/logo\/image\/"},"sameAs":["https:\/\/www.facebook.com\/LiceoFrancesSevilla\/","https:\/\/x.com\/lfsevilla","https:\/\/www.linkedin.com\/company\/liceo-francs-internacional-de-sevilla\/","https:\/\/www.instagram.com\/liceofrancessevilla\/","https:\/\/www.youtube.com\/@liceofrancessevilla1124"]},{"@type":"Person","@id":"https:\/\/lfsevilla.com\/#\/schema\/person\/ead715d6b1b6b2cb0bb6f7a06675d093","name":"LFS","image":{"@type":"ImageObject","inLanguage":"fr-FR","@id":"https:\/\/lfsevilla.com\/#\/schema\/person\/image\/","url":"https:\/\/secure.gravatar.com\/avatar\/2b2587b6982746a9eb2cb62bda174a08069748c2251c7ca9b6e683d4aab29597?s=96&d=mm&r=g","contentUrl":"https:\/\/secure.gravatar.com\/avatar\/2b2587b6982746a9eb2cb62bda174a08069748c2251c7ca9b6e683d4aab29597?s=96&d=mm&r=g","caption":"LFS"},"url":"https:\/\/lfsevilla.com\/fr\/author\/weblfsevilla-com\/"}]}},"_links":{"self":[{"href":"https:\/\/lfsevilla.com\/fr\/wp-json\/wp\/v2\/posts\/15734","targetHints":{"allow":["GET"]}}],"collection":[{"href":"https:\/\/lfsevilla.com\/fr\/wp-json\/wp\/v2\/posts"}],"about":[{"href":"https:\/\/lfsevilla.com\/fr\/wp-json\/wp\/v2\/types\/post"}],"author":[{"embeddable":true,"href":"https:\/\/lfsevilla.com\/fr\/wp-json\/wp\/v2\/users\/2"}],"replies":[{"embeddable":true,"href":"https:\/\/lfsevilla.com\/fr\/wp-json\/wp\/v2\/comments?post=15734"}],"version-history":[{"count":1,"href":"https:\/\/lfsevilla.com\/fr\/wp-json\/wp\/v2\/posts\/15734\/revisions"}],"predecessor-version":[{"id":15735,"href":"https:\/\/lfsevilla.com\/fr\/wp-json\/wp\/v2\/posts\/15734\/revisions\/15735"}],"wp:featuredmedia":[{"embeddable":true,"href":"https:\/\/lfsevilla.com\/fr\/wp-json\/wp\/v2\/media\/15732"}],"wp:attachment":[{"href":"https:\/\/lfsevilla.com\/fr\/wp-json\/wp\/v2\/media?parent=15734"}],"wp:term":[{"taxonomy":"category","embeddable":true,"href":"https:\/\/lfsevilla.com\/fr\/wp-json\/wp\/v2\/categories?post=15734"},{"taxonomy":"post_tag","embeddable":true,"href":"https:\/\/lfsevilla.com\/fr\/wp-json\/wp\/v2\/tags?post=15734"}],"curies":[{"name":"wp","href":"https:\/\/api.w.org\/{rel}","templated":true}]}}