{"id":15713,"date":"2025-08-04T19:39:30","date_gmt":"2025-08-04T17:39:30","guid":{"rendered":"https:\/\/lfsevilla.com\/une-ecole-internationale-des-la-maternelle\/"},"modified":"2025-08-04T19:39:32","modified_gmt":"2025-08-04T17:39:32","slug":"une-ecole-internationale-des-la-maternelle","status":"publish","type":"post","link":"https:\/\/lfsevilla.com\/fr\/une-ecole-internationale-des-la-maternelle\/","title":{"rendered":"Une \u00e9cole internationale d\u00e8s la maternelle"},"content":{"rendered":"\n<p>Au Lyc\u00e9e Fran\u00e7ais de S\u00e9ville, nous accompagnons nos \u00e9l\u00e8ves de 2 \u00e0 18 ans dans un environnement international, trilingue et centr\u00e9 sur la personne.<\/p>\n\n<p>Nous offrons une \u00e9ducation exigeante, bienveillante et ouverte sur le monde. En tant qu\u2019\u00e9tablissement homologu\u00e9 par l\u2019\u00c9tat fran\u00e7ais et accr\u00e9dit\u00e9 Cambridge International School, notre \u00e9tablissement combine le meilleur des p\u00e9dagogies fran\u00e7aise et britannique.<\/p>\n\n<p><p><strong>Enseignement fran\u00e7ais homologu\u00e9<\/strong><br data-start=\"645\" data-end=\"648\"\/><strong>Programme Cambridge International<\/strong><br data-start=\"684\" data-end=\"687\"\/><strong>Trilinguisme d\u00e8s la maternelle<\/strong><\/p><\/p>\n\n<p><p>Il est encore temps de demander <strong>une place pour l\u2019ann\u00e9e scolaire 2025\/2026.<\/strong><br data-start=\"799\" data-end=\"802\"\/>Plus d\u2019informations : <a class=\"\" href=\"https:\/\/lfsevilla.com\/fr\/\" target=\"_new\" rel=\"noopener\" data-start=\"827\" data-end=\"873\">https:\/\/lfsevilla.com<\/a><\/p><\/p>\n","protected":false},"excerpt":{"rendered":"<p>Au Lyc\u00e9e Fran\u00e7ais de S\u00e9ville, nous accompagnons nos \u00e9l\u00e8ves de 2 \u00e0 18 ans dans un environnement international, trilingue et centr\u00e9 sur la personne. Nous offrons une \u00e9ducation exigeante, bienveillante et ouverte sur le monde. En tant qu\u2019\u00e9tablissement homologu\u00e9 par l\u2019\u00c9tat fran\u00e7ais et accr\u00e9dit\u00e9 Cambridge International School, notre \u00e9tablissement combine le meilleur des p\u00e9dagogies fran\u00e7aise [&hellip;]<\/p>\n","protected":false},"author":2,"featured_media":15711,"comment_status":"closed","ping_status":"open","sticky":false,"template":"","format":"standard","meta":{"_et_pb_use_builder":"off","_et_pb_old_content":"","_et_gb_content_width":"","footnotes":""},"categories":[48,33,32],"tags":[],"class_list":["post-15713","post","type-post","status-publish","format-standard","has-post-thumbnail","hentry","category-actualites","category-evenements","category-nouvelles"],"yoast_head":"<!-- This site is optimized with the Yoast SEO plugin v27.0 - https:\/\/yoast.com\/product\/yoast-seo-wordpress\/ -->\n<title>Une \u00e9cole internationale d\u00e8s la maternelle - Lyc\u00e9e Fran\u00e7ais de S\u00e9ville | Colegio privado biling\u00fce en Sevilla<\/title>\n<meta name=\"robots\" content=\"index, follow, max-snippet:-1, max-image-preview:large, max-video-preview:-1\" \/>\n<link rel=\"canonical\" href=\"https:\/\/lfsevilla.com\/fr\/une-ecole-internationale-des-la-maternelle\/\" \/>\n<meta property=\"og:locale\" content=\"fr_FR\" \/>\n<meta property=\"og:type\" content=\"article\" \/>\n<meta property=\"og:title\" content=\"Une \u00e9cole internationale d\u00e8s la maternelle - Lyc\u00e9e Fran\u00e7ais de S\u00e9ville | Colegio privado biling\u00fce en Sevilla\" \/>\n<meta property=\"og:description\" content=\"Au Lyc\u00e9e Fran\u00e7ais de S\u00e9ville, nous accompagnons nos \u00e9l\u00e8ves de 2 \u00e0 18 ans dans un environnement international, trilingue et centr\u00e9 sur la personne. Nous offrons une \u00e9ducation exigeante, bienveillante et ouverte sur le monde. En tant qu\u2019\u00e9tablissement homologu\u00e9 par l\u2019\u00c9tat fran\u00e7ais et accr\u00e9dit\u00e9 Cambridge International School, notre \u00e9tablissement combine le meilleur des p\u00e9dagogies fran\u00e7aise [&hellip;]\" \/>\n<meta property=\"og:url\" content=\"https:\/\/lfsevilla.com\/fr\/une-ecole-internationale-des-la-maternelle\/\" \/>\n<meta property=\"og:site_name\" content=\"Lyc\u00e9e Fran\u00e7ais de S\u00e9ville | Colegio privado biling\u00fce en Sevilla\" \/>\n<meta property=\"article:publisher\" content=\"https:\/\/www.facebook.com\/LiceoFrancesSevilla\/\" \/>\n<meta property=\"article:published_time\" content=\"2025-08-04T17:39:30+00:00\" \/>\n<meta property=\"article:modified_time\" content=\"2025-08-04T17:39:32+00:00\" \/>\n<meta property=\"og:image\" content=\"https:\/\/lfsevilla.com\/wp-content\/uploads\/2025\/08\/Plazas-del-liceo-publicacion-verano.png\" \/>\n\t<meta property=\"og:image:width\" content=\"1080\" \/>\n\t<meta property=\"og:image:height\" content=\"1350\" \/>\n\t<meta property=\"og:image:type\" content=\"image\/png\" \/>\n<meta name=\"author\" content=\"LFS\" \/>\n<meta name=\"twitter:card\" content=\"summary_large_image\" \/>\n<meta name=\"twitter:creator\" content=\"@lfsevilla\" \/>\n<meta name=\"twitter:site\" content=\"@lfsevilla\" \/>\n<meta name=\"twitter:label1\" content=\"\u00c9crit par\" \/>\n\t<meta name=\"twitter:data1\" content=\"LFS\" \/>\n<script type=\"application\/ld+json\" class=\"yoast-schema-graph\">{\"@context\":\"https:\/\/schema.org\",\"@graph\":[{\"@type\":\"Article\",\"@id\":\"https:\/\/lfsevilla.com\/fr\/une-ecole-internationale-des-la-maternelle\/#article\",\"isPartOf\":{\"@id\":\"https:\/\/lfsevilla.com\/fr\/une-ecole-internationale-des-la-maternelle\/\"},\"author\":{\"name\":\"LFS\",\"@id\":\"https:\/\/lfsevilla.com\/#\/schema\/person\/ead715d6b1b6b2cb0bb6f7a06675d093\"},\"headline\":\"Une \u00e9cole internationale d\u00e8s la maternelle\",\"datePublished\":\"2025-08-04T17:39:30+00:00\",\"dateModified\":\"2025-08-04T17:39:32+00:00\",\"mainEntityOfPage\":{\"@id\":\"https:\/\/lfsevilla.com\/fr\/une-ecole-internationale-des-la-maternelle\/\"},\"wordCount\":102,\"publisher\":{\"@id\":\"https:\/\/lfsevilla.com\/#organization\"},\"image\":{\"@id\":\"https:\/\/lfsevilla.com\/fr\/une-ecole-internationale-des-la-maternelle\/#primaryimage\"},\"thumbnailUrl\":\"https:\/\/lfsevilla.com\/wp-content\/uploads\/2025\/08\/Plazas-del-liceo-publicacion-verano.png\",\"articleSection\":[\"Actualit\u00e9s\",\"Ev\u00e9nements\",\"Nouvelles\"],\"inLanguage\":\"fr-FR\"},{\"@type\":\"WebPage\",\"@id\":\"https:\/\/lfsevilla.com\/fr\/une-ecole-internationale-des-la-maternelle\/\",\"url\":\"https:\/\/lfsevilla.com\/fr\/une-ecole-internationale-des-la-maternelle\/\",\"name\":\"Une \u00e9cole internationale d\u00e8s la maternelle - Lyc\u00e9e Fran\u00e7ais de S\u00e9ville | Colegio privado biling\u00fce en Sevilla\",\"isPartOf\":{\"@id\":\"https:\/\/lfsevilla.com\/#website\"},\"primaryImageOfPage\":{\"@id\":\"https:\/\/lfsevilla.com\/fr\/une-ecole-internationale-des-la-maternelle\/#primaryimage\"},\"image\":{\"@id\":\"https:\/\/lfsevilla.com\/fr\/une-ecole-internationale-des-la-maternelle\/#primaryimage\"},\"thumbnailUrl\":\"https:\/\/lfsevilla.com\/wp-content\/uploads\/2025\/08\/Plazas-del-liceo-publicacion-verano.png\",\"datePublished\":\"2025-08-04T17:39:30+00:00\",\"dateModified\":\"2025-08-04T17:39:32+00:00\",\"breadcrumb\":{\"@id\":\"https:\/\/lfsevilla.com\/fr\/une-ecole-internationale-des-la-maternelle\/#breadcrumb\"},\"inLanguage\":\"fr-FR\",\"potentialAction\":[{\"@type\":\"ReadAction\",\"target\":[\"https:\/\/lfsevilla.com\/fr\/une-ecole-internationale-des-la-maternelle\/\"]}]},{\"@type\":\"ImageObject\",\"inLanguage\":\"fr-FR\",\"@id\":\"https:\/\/lfsevilla.com\/fr\/une-ecole-internationale-des-la-maternelle\/#primaryimage\",\"url\":\"https:\/\/lfsevilla.com\/wp-content\/uploads\/2025\/08\/Plazas-del-liceo-publicacion-verano.png\",\"contentUrl\":\"https:\/\/lfsevilla.com\/wp-content\/uploads\/2025\/08\/Plazas-del-liceo-publicacion-verano.png\",\"width\":1080,\"height\":1350},{\"@type\":\"BreadcrumbList\",\"@id\":\"https:\/\/lfsevilla.com\/fr\/une-ecole-internationale-des-la-maternelle\/#breadcrumb\",\"itemListElement\":[{\"@type\":\"ListItem\",\"position\":1,\"name\":\"Portada\",\"item\":\"https:\/\/lfsevilla.com\/fr\/\"},{\"@type\":\"ListItem\",\"position\":2,\"name\":\"Une \u00e9cole internationale d\u00e8s la maternelle\"}]},{\"@type\":\"WebSite\",\"@id\":\"https:\/\/lfsevilla.com\/#website\",\"url\":\"https:\/\/lfsevilla.com\/\",\"name\":\"Lyc\u00e9e Fran\u00e7ais de S\u00e9ville | Colegio privado internacional triling\u00fce en Sevilla\",\"description\":\"El Liceo franc\u00e9s de Sevilla ofrece una ense\u00f1anza pluriling\u00fce (ingl\u00e9s, franc\u00e9s y espa\u00f1ol), multicultural y respetuosa con las libertades individuales.\",\"publisher\":{\"@id\":\"https:\/\/lfsevilla.com\/#organization\"},\"potentialAction\":[{\"@type\":\"SearchAction\",\"target\":{\"@type\":\"EntryPoint\",\"urlTemplate\":\"https:\/\/lfsevilla.com\/?s={search_term_string}\"},\"query-input\":{\"@type\":\"PropertyValueSpecification\",\"valueRequired\":true,\"valueName\":\"search_term_string\"}}],\"inLanguage\":\"fr-FR\"},{\"@type\":\"Organization\",\"@id\":\"https:\/\/lfsevilla.com\/#organization\",\"name\":\"Lyc\u00e9e Fran\u00e7ais International de S\u00e9ville\",\"url\":\"https:\/\/lfsevilla.com\/\",\"logo\":{\"@type\":\"ImageObject\",\"inLanguage\":\"fr-FR\",\"@id\":\"https:\/\/lfsevilla.com\/#\/schema\/logo\/image\/\",\"url\":\"https:\/\/lfsevilla.com\/wp-content\/uploads\/2023\/05\/Logo-Liceo-Frances-de-Sevilla-223x223-1.jpg\",\"contentUrl\":\"https:\/\/lfsevilla.com\/wp-content\/uploads\/2023\/05\/Logo-Liceo-Frances-de-Sevilla-223x223-1.jpg\",\"width\":223,\"height\":223,\"caption\":\"Lyc\u00e9e Fran\u00e7ais International de S\u00e9ville\"},\"image\":{\"@id\":\"https:\/\/lfsevilla.com\/#\/schema\/logo\/image\/\"},\"sameAs\":[\"https:\/\/www.facebook.com\/LiceoFrancesSevilla\/\",\"https:\/\/x.com\/lfsevilla\",\"https:\/\/www.linkedin.com\/company\/liceo-francs-internacional-de-sevilla\/\",\"https:\/\/www.instagram.com\/liceofrancessevilla\/\",\"https:\/\/www.youtube.com\/@liceofrancessevilla1124\"]},{\"@type\":\"Person\",\"@id\":\"https:\/\/lfsevilla.com\/#\/schema\/person\/ead715d6b1b6b2cb0bb6f7a06675d093\",\"name\":\"LFS\",\"image\":{\"@type\":\"ImageObject\",\"inLanguage\":\"fr-FR\",\"@id\":\"https:\/\/lfsevilla.com\/#\/schema\/person\/image\/\",\"url\":\"https:\/\/secure.gravatar.com\/avatar\/2b2587b6982746a9eb2cb62bda174a08069748c2251c7ca9b6e683d4aab29597?s=96&d=mm&r=g\",\"contentUrl\":\"https:\/\/secure.gravatar.com\/avatar\/2b2587b6982746a9eb2cb62bda174a08069748c2251c7ca9b6e683d4aab29597?s=96&d=mm&r=g\",\"caption\":\"LFS\"},\"url\":\"https:\/\/lfsevilla.com\/fr\/author\/weblfsevilla-com\/\"}]}<\/script>\n<!-- \/ Yoast SEO plugin. -->","yoast_head_json":{"title":"Une \u00e9cole internationale d\u00e8s la maternelle - Lyc\u00e9e Fran\u00e7ais de S\u00e9ville | Colegio privado biling\u00fce en Sevilla","robots":{"index":"index","follow":"follow","max-snippet":"max-snippet:-1","max-image-preview":"max-image-preview:large","max-video-preview":"max-video-preview:-1"},"canonical":"https:\/\/lfsevilla.com\/fr\/une-ecole-internationale-des-la-maternelle\/","og_locale":"fr_FR","og_type":"article","og_title":"Une \u00e9cole internationale d\u00e8s la maternelle - Lyc\u00e9e Fran\u00e7ais de S\u00e9ville | Colegio privado biling\u00fce en Sevilla","og_description":"Au Lyc\u00e9e Fran\u00e7ais de S\u00e9ville, nous accompagnons nos \u00e9l\u00e8ves de 2 \u00e0 18 ans dans un environnement international, trilingue et centr\u00e9 sur la personne. Nous offrons une \u00e9ducation exigeante, bienveillante et ouverte sur le monde. En tant qu\u2019\u00e9tablissement homologu\u00e9 par l\u2019\u00c9tat fran\u00e7ais et accr\u00e9dit\u00e9 Cambridge International School, notre \u00e9tablissement combine le meilleur des p\u00e9dagogies fran\u00e7aise [&hellip;]","og_url":"https:\/\/lfsevilla.com\/fr\/une-ecole-internationale-des-la-maternelle\/","og_site_name":"Lyc\u00e9e Fran\u00e7ais de S\u00e9ville | Colegio privado biling\u00fce en Sevilla","article_publisher":"https:\/\/www.facebook.com\/LiceoFrancesSevilla\/","article_published_time":"2025-08-04T17:39:30+00:00","article_modified_time":"2025-08-04T17:39:32+00:00","og_image":[{"width":1080,"height":1350,"url":"https:\/\/lfsevilla.com\/wp-content\/uploads\/2025\/08\/Plazas-del-liceo-publicacion-verano.png","type":"image\/png"}],"author":"LFS","twitter_card":"summary_large_image","twitter_creator":"@lfsevilla","twitter_site":"@lfsevilla","twitter_misc":{"\u00c9crit par":"LFS"},"schema":{"@context":"https:\/\/schema.org","@graph":[{"@type":"Article","@id":"https:\/\/lfsevilla.com\/fr\/une-ecole-internationale-des-la-maternelle\/#article","isPartOf":{"@id":"https:\/\/lfsevilla.com\/fr\/une-ecole-internationale-des-la-maternelle\/"},"author":{"name":"LFS","@id":"https:\/\/lfsevilla.com\/#\/schema\/person\/ead715d6b1b6b2cb0bb6f7a06675d093"},"headline":"Une \u00e9cole internationale d\u00e8s la maternelle","datePublished":"2025-08-04T17:39:30+00:00","dateModified":"2025-08-04T17:39:32+00:00","mainEntityOfPage":{"@id":"https:\/\/lfsevilla.com\/fr\/une-ecole-internationale-des-la-maternelle\/"},"wordCount":102,"publisher":{"@id":"https:\/\/lfsevilla.com\/#organization"},"image":{"@id":"https:\/\/lfsevilla.com\/fr\/une-ecole-internationale-des-la-maternelle\/#primaryimage"},"thumbnailUrl":"https:\/\/lfsevilla.com\/wp-content\/uploads\/2025\/08\/Plazas-del-liceo-publicacion-verano.png","articleSection":["Actualit\u00e9s","Ev\u00e9nements","Nouvelles"],"inLanguage":"fr-FR"},{"@type":"WebPage","@id":"https:\/\/lfsevilla.com\/fr\/une-ecole-internationale-des-la-maternelle\/","url":"https:\/\/lfsevilla.com\/fr\/une-ecole-internationale-des-la-maternelle\/","name":"Une \u00e9cole internationale d\u00e8s la maternelle - Lyc\u00e9e Fran\u00e7ais de S\u00e9ville | Colegio privado biling\u00fce en Sevilla","isPartOf":{"@id":"https:\/\/lfsevilla.com\/#website"},"primaryImageOfPage":{"@id":"https:\/\/lfsevilla.com\/fr\/une-ecole-internationale-des-la-maternelle\/#primaryimage"},"image":{"@id":"https:\/\/lfsevilla.com\/fr\/une-ecole-internationale-des-la-maternelle\/#primaryimage"},"thumbnailUrl":"https:\/\/lfsevilla.com\/wp-content\/uploads\/2025\/08\/Plazas-del-liceo-publicacion-verano.png","datePublished":"2025-08-04T17:39:30+00:00","dateModified":"2025-08-04T17:39:32+00:00","breadcrumb":{"@id":"https:\/\/lfsevilla.com\/fr\/une-ecole-internationale-des-la-maternelle\/#breadcrumb"},"inLanguage":"fr-FR","potentialAction":[{"@type":"ReadAction","target":["https:\/\/lfsevilla.com\/fr\/une-ecole-internationale-des-la-maternelle\/"]}]},{"@type":"ImageObject","inLanguage":"fr-FR","@id":"https:\/\/lfsevilla.com\/fr\/une-ecole-internationale-des-la-maternelle\/#primaryimage","url":"https:\/\/lfsevilla.com\/wp-content\/uploads\/2025\/08\/Plazas-del-liceo-publicacion-verano.png","contentUrl":"https:\/\/lfsevilla.com\/wp-content\/uploads\/2025\/08\/Plazas-del-liceo-publicacion-verano.png","width":1080,"height":1350},{"@type":"BreadcrumbList","@id":"https:\/\/lfsevilla.com\/fr\/une-ecole-internationale-des-la-maternelle\/#breadcrumb","itemListElement":[{"@type":"ListItem","position":1,"name":"Portada","item":"https:\/\/lfsevilla.com\/fr\/"},{"@type":"ListItem","position":2,"name":"Une \u00e9cole internationale d\u00e8s la maternelle"}]},{"@type":"WebSite","@id":"https:\/\/lfsevilla.com\/#website","url":"https:\/\/lfsevilla.com\/","name":"Lyc\u00e9e Fran\u00e7ais de S\u00e9ville | Colegio privado internacional triling\u00fce en Sevilla","description":"El Liceo franc\u00e9s de Sevilla ofrece una ense\u00f1anza pluriling\u00fce (ingl\u00e9s, franc\u00e9s y espa\u00f1ol), multicultural y respetuosa con las libertades individuales.","publisher":{"@id":"https:\/\/lfsevilla.com\/#organization"},"potentialAction":[{"@type":"SearchAction","target":{"@type":"EntryPoint","urlTemplate":"https:\/\/lfsevilla.com\/?s={search_term_string}"},"query-input":{"@type":"PropertyValueSpecification","valueRequired":true,"valueName":"search_term_string"}}],"inLanguage":"fr-FR"},{"@type":"Organization","@id":"https:\/\/lfsevilla.com\/#organization","name":"Lyc\u00e9e Fran\u00e7ais International de S\u00e9ville","url":"https:\/\/lfsevilla.com\/","logo":{"@type":"ImageObject","inLanguage":"fr-FR","@id":"https:\/\/lfsevilla.com\/#\/schema\/logo\/image\/","url":"https:\/\/lfsevilla.com\/wp-content\/uploads\/2023\/05\/Logo-Liceo-Frances-de-Sevilla-223x223-1.jpg","contentUrl":"https:\/\/lfsevilla.com\/wp-content\/uploads\/2023\/05\/Logo-Liceo-Frances-de-Sevilla-223x223-1.jpg","width":223,"height":223,"caption":"Lyc\u00e9e Fran\u00e7ais International de S\u00e9ville"},"image":{"@id":"https:\/\/lfsevilla.com\/#\/schema\/logo\/image\/"},"sameAs":["https:\/\/www.facebook.com\/LiceoFrancesSevilla\/","https:\/\/x.com\/lfsevilla","https:\/\/www.linkedin.com\/company\/liceo-francs-internacional-de-sevilla\/","https:\/\/www.instagram.com\/liceofrancessevilla\/","https:\/\/www.youtube.com\/@liceofrancessevilla1124"]},{"@type":"Person","@id":"https:\/\/lfsevilla.com\/#\/schema\/person\/ead715d6b1b6b2cb0bb6f7a06675d093","name":"LFS","image":{"@type":"ImageObject","inLanguage":"fr-FR","@id":"https:\/\/lfsevilla.com\/#\/schema\/person\/image\/","url":"https:\/\/secure.gravatar.com\/avatar\/2b2587b6982746a9eb2cb62bda174a08069748c2251c7ca9b6e683d4aab29597?s=96&d=mm&r=g","contentUrl":"https:\/\/secure.gravatar.com\/avatar\/2b2587b6982746a9eb2cb62bda174a08069748c2251c7ca9b6e683d4aab29597?s=96&d=mm&r=g","caption":"LFS"},"url":"https:\/\/lfsevilla.com\/fr\/author\/weblfsevilla-com\/"}]}},"_links":{"self":[{"href":"https:\/\/lfsevilla.com\/fr\/wp-json\/wp\/v2\/posts\/15713","targetHints":{"allow":["GET"]}}],"collection":[{"href":"https:\/\/lfsevilla.com\/fr\/wp-json\/wp\/v2\/posts"}],"about":[{"href":"https:\/\/lfsevilla.com\/fr\/wp-json\/wp\/v2\/types\/post"}],"author":[{"embeddable":true,"href":"https:\/\/lfsevilla.com\/fr\/wp-json\/wp\/v2\/users\/2"}],"replies":[{"embeddable":true,"href":"https:\/\/lfsevilla.com\/fr\/wp-json\/wp\/v2\/comments?post=15713"}],"version-history":[{"count":1,"href":"https:\/\/lfsevilla.com\/fr\/wp-json\/wp\/v2\/posts\/15713\/revisions"}],"predecessor-version":[{"id":15714,"href":"https:\/\/lfsevilla.com\/fr\/wp-json\/wp\/v2\/posts\/15713\/revisions\/15714"}],"wp:featuredmedia":[{"embeddable":true,"href":"https:\/\/lfsevilla.com\/fr\/wp-json\/wp\/v2\/media\/15711"}],"wp:attachment":[{"href":"https:\/\/lfsevilla.com\/fr\/wp-json\/wp\/v2\/media?parent=15713"}],"wp:term":[{"taxonomy":"category","embeddable":true,"href":"https:\/\/lfsevilla.com\/fr\/wp-json\/wp\/v2\/categories?post=15713"},{"taxonomy":"post_tag","embeddable":true,"href":"https:\/\/lfsevilla.com\/fr\/wp-json\/wp\/v2\/tags?post=15713"}],"curies":[{"name":"wp","href":"https:\/\/api.w.org\/{rel}","templated":true}]}}