{"id":15690,"date":"2025-07-08T19:03:26","date_gmt":"2025-07-08T17:03:26","guid":{"rendered":"https:\/\/lfsevilla.com\/une-ecole-ouverte-sur-le-monde-decouvrez-notre-projet-educatif\/"},"modified":"2025-07-08T19:03:29","modified_gmt":"2025-07-08T17:03:29","slug":"une-ecole-ouverte-sur-le-monde-decouvrez-notre-projet-educatif","status":"publish","type":"post","link":"https:\/\/lfsevilla.com\/fr\/une-ecole-ouverte-sur-le-monde-decouvrez-notre-projet-educatif\/","title":{"rendered":"Une \u00e9cole ouverte sur le monde : d\u00e9couvrez notre projet \u00e9ducatif"},"content":{"rendered":"\n<p>Au Lyc\u00e9e Fran\u00e7ais de S\u00e9ville, nous formons bien plus que des \u00e9l\u00e8ves : nous accompagnons les citoyens de demain, avec une \u00e9ducation ouverte, exigeante et humaniste.<\/p>\n\n<p>Nos \u00e9l\u00e8ves \u00e9voluent dans un environnement qui combine excellence acad\u00e9mique et valeurs de respect, de libert\u00e9 et de pens\u00e9e critique.<\/p>\n\n<p><p>Un syst\u00e8me \u00e9ducatif fran\u00e7ais tourn\u00e9 vers l\u2019international.<br data-start=\"1560\" data-end=\"1563\"\/>De la maternelle au lyc\u00e9e : un m\u00eame projet coh\u00e9rent.<br data-start=\"1617\" data-end=\"1620\"\/>Un accompagnement individualis\u00e9 \u00e0 chaque \u00e9tape<br data-start=\"1672\" data-end=\"1675\"\/>Ouverture au monde : trilinguisme, \u00e9changes, culture internationale.<\/p><\/p>\n\n<p>Si vous cherchez une \u00e9cole qui va au-del\u00e0 des programmes, venez d\u00e9couvrir notre projet.<\/p>\n","protected":false},"excerpt":{"rendered":"<p>Au Lyc\u00e9e Fran\u00e7ais de S\u00e9ville, nous formons bien plus que des \u00e9l\u00e8ves : nous accompagnons les citoyens de demain, avec une \u00e9ducation ouverte, exigeante et humaniste. Nos \u00e9l\u00e8ves \u00e9voluent dans un environnement qui combine excellence acad\u00e9mique et valeurs de respect, de libert\u00e9 et de pens\u00e9e critique. Un syst\u00e8me \u00e9ducatif fran\u00e7ais tourn\u00e9 vers l\u2019international.De la maternelle [&hellip;]<\/p>\n","protected":false},"author":2,"featured_media":0,"comment_status":"closed","ping_status":"open","sticky":false,"template":"","format":"standard","meta":{"_et_pb_use_builder":"off","_et_pb_old_content":"","_et_gb_content_width":"","footnotes":""},"categories":[48,33],"tags":[],"class_list":["post-15690","post","type-post","status-publish","format-standard","hentry","category-actualites","category-evenements"],"yoast_head":"<!-- This site is optimized with the Yoast SEO plugin v27.0 - https:\/\/yoast.com\/product\/yoast-seo-wordpress\/ -->\n<title>Une \u00e9cole ouverte sur le monde : d\u00e9couvrez notre projet \u00e9ducatif - Lyc\u00e9e Fran\u00e7ais de S\u00e9ville | Colegio privado biling\u00fce en Sevilla<\/title>\n<meta name=\"robots\" content=\"index, follow, max-snippet:-1, max-image-preview:large, max-video-preview:-1\" \/>\n<link rel=\"canonical\" href=\"https:\/\/lfsevilla.com\/fr\/une-ecole-ouverte-sur-le-monde-decouvrez-notre-projet-educatif\/\" \/>\n<meta property=\"og:locale\" content=\"fr_FR\" \/>\n<meta property=\"og:type\" content=\"article\" \/>\n<meta property=\"og:title\" content=\"Une \u00e9cole ouverte sur le monde : d\u00e9couvrez notre projet \u00e9ducatif - Lyc\u00e9e Fran\u00e7ais de S\u00e9ville | Colegio privado biling\u00fce en Sevilla\" \/>\n<meta property=\"og:description\" content=\"Au Lyc\u00e9e Fran\u00e7ais de S\u00e9ville, nous formons bien plus que des \u00e9l\u00e8ves : nous accompagnons les citoyens de demain, avec une \u00e9ducation ouverte, exigeante et humaniste. Nos \u00e9l\u00e8ves \u00e9voluent dans un environnement qui combine excellence acad\u00e9mique et valeurs de respect, de libert\u00e9 et de pens\u00e9e critique. Un syst\u00e8me \u00e9ducatif fran\u00e7ais tourn\u00e9 vers l\u2019international.De la maternelle [&hellip;]\" \/>\n<meta property=\"og:url\" content=\"https:\/\/lfsevilla.com\/fr\/une-ecole-ouverte-sur-le-monde-decouvrez-notre-projet-educatif\/\" \/>\n<meta property=\"og:site_name\" content=\"Lyc\u00e9e Fran\u00e7ais de S\u00e9ville | Colegio privado biling\u00fce en Sevilla\" \/>\n<meta property=\"article:publisher\" content=\"https:\/\/www.facebook.com\/LiceoFrancesSevilla\/\" \/>\n<meta property=\"article:published_time\" content=\"2025-07-08T17:03:26+00:00\" \/>\n<meta property=\"article:modified_time\" content=\"2025-07-08T17:03:29+00:00\" \/>\n<meta property=\"og:image\" content=\"https:\/\/lfsevilla.com\/wp-content\/uploads\/2023\/05\/Logo-Liceo-Frances-de-Sevilla.jpg\" \/>\n\t<meta property=\"og:image:width\" content=\"326\" \/>\n\t<meta property=\"og:image:height\" content=\"158\" \/>\n\t<meta property=\"og:image:type\" content=\"image\/jpeg\" \/>\n<meta name=\"author\" content=\"LFS\" \/>\n<meta name=\"twitter:card\" content=\"summary_large_image\" \/>\n<meta name=\"twitter:creator\" content=\"@lfsevilla\" \/>\n<meta name=\"twitter:site\" content=\"@lfsevilla\" \/>\n<meta name=\"twitter:label1\" content=\"\u00c9crit par\" \/>\n\t<meta name=\"twitter:data1\" content=\"LFS\" \/>\n\t<meta name=\"twitter:label2\" content=\"Dur\u00e9e de lecture estim\u00e9e\" \/>\n\t<meta name=\"twitter:data2\" content=\"1 minute\" \/>\n<script type=\"application\/ld+json\" class=\"yoast-schema-graph\">{\"@context\":\"https:\/\/schema.org\",\"@graph\":[{\"@type\":\"Article\",\"@id\":\"https:\/\/lfsevilla.com\/fr\/une-ecole-ouverte-sur-le-monde-decouvrez-notre-projet-educatif\/#article\",\"isPartOf\":{\"@id\":\"https:\/\/lfsevilla.com\/fr\/une-ecole-ouverte-sur-le-monde-decouvrez-notre-projet-educatif\/\"},\"author\":{\"name\":\"LFS\",\"@id\":\"https:\/\/lfsevilla.com\/#\/schema\/person\/ead715d6b1b6b2cb0bb6f7a06675d093\"},\"headline\":\"Une \u00e9cole ouverte sur le monde : d\u00e9couvrez notre projet \u00e9ducatif\",\"datePublished\":\"2025-07-08T17:03:26+00:00\",\"dateModified\":\"2025-07-08T17:03:29+00:00\",\"mainEntityOfPage\":{\"@id\":\"https:\/\/lfsevilla.com\/fr\/une-ecole-ouverte-sur-le-monde-decouvrez-notre-projet-educatif\/\"},\"wordCount\":111,\"publisher\":{\"@id\":\"https:\/\/lfsevilla.com\/#organization\"},\"articleSection\":[\"Actualit\u00e9s\",\"Ev\u00e9nements\"],\"inLanguage\":\"fr-FR\"},{\"@type\":\"WebPage\",\"@id\":\"https:\/\/lfsevilla.com\/fr\/une-ecole-ouverte-sur-le-monde-decouvrez-notre-projet-educatif\/\",\"url\":\"https:\/\/lfsevilla.com\/fr\/une-ecole-ouverte-sur-le-monde-decouvrez-notre-projet-educatif\/\",\"name\":\"Une \u00e9cole ouverte sur le monde : d\u00e9couvrez notre projet \u00e9ducatif - Lyc\u00e9e Fran\u00e7ais de S\u00e9ville | Colegio privado biling\u00fce en Sevilla\",\"isPartOf\":{\"@id\":\"https:\/\/lfsevilla.com\/#website\"},\"datePublished\":\"2025-07-08T17:03:26+00:00\",\"dateModified\":\"2025-07-08T17:03:29+00:00\",\"breadcrumb\":{\"@id\":\"https:\/\/lfsevilla.com\/fr\/une-ecole-ouverte-sur-le-monde-decouvrez-notre-projet-educatif\/#breadcrumb\"},\"inLanguage\":\"fr-FR\",\"potentialAction\":[{\"@type\":\"ReadAction\",\"target\":[\"https:\/\/lfsevilla.com\/fr\/une-ecole-ouverte-sur-le-monde-decouvrez-notre-projet-educatif\/\"]}]},{\"@type\":\"BreadcrumbList\",\"@id\":\"https:\/\/lfsevilla.com\/fr\/une-ecole-ouverte-sur-le-monde-decouvrez-notre-projet-educatif\/#breadcrumb\",\"itemListElement\":[{\"@type\":\"ListItem\",\"position\":1,\"name\":\"Portada\",\"item\":\"https:\/\/lfsevilla.com\/fr\/\"},{\"@type\":\"ListItem\",\"position\":2,\"name\":\"Une \u00e9cole ouverte sur le monde : d\u00e9couvrez notre projet \u00e9ducatif\"}]},{\"@type\":\"WebSite\",\"@id\":\"https:\/\/lfsevilla.com\/#website\",\"url\":\"https:\/\/lfsevilla.com\/\",\"name\":\"Lyc\u00e9e Fran\u00e7ais de S\u00e9ville | Colegio privado internacional triling\u00fce en Sevilla\",\"description\":\"El Liceo franc\u00e9s de Sevilla ofrece una ense\u00f1anza pluriling\u00fce (ingl\u00e9s, franc\u00e9s y espa\u00f1ol), multicultural y respetuosa con las libertades individuales.\",\"publisher\":{\"@id\":\"https:\/\/lfsevilla.com\/#organization\"},\"potentialAction\":[{\"@type\":\"SearchAction\",\"target\":{\"@type\":\"EntryPoint\",\"urlTemplate\":\"https:\/\/lfsevilla.com\/?s={search_term_string}\"},\"query-input\":{\"@type\":\"PropertyValueSpecification\",\"valueRequired\":true,\"valueName\":\"search_term_string\"}}],\"inLanguage\":\"fr-FR\"},{\"@type\":\"Organization\",\"@id\":\"https:\/\/lfsevilla.com\/#organization\",\"name\":\"Lyc\u00e9e Fran\u00e7ais International de S\u00e9ville\",\"url\":\"https:\/\/lfsevilla.com\/\",\"logo\":{\"@type\":\"ImageObject\",\"inLanguage\":\"fr-FR\",\"@id\":\"https:\/\/lfsevilla.com\/#\/schema\/logo\/image\/\",\"url\":\"https:\/\/lfsevilla.com\/wp-content\/uploads\/2023\/05\/Logo-Liceo-Frances-de-Sevilla-223x223-1.jpg\",\"contentUrl\":\"https:\/\/lfsevilla.com\/wp-content\/uploads\/2023\/05\/Logo-Liceo-Frances-de-Sevilla-223x223-1.jpg\",\"width\":223,\"height\":223,\"caption\":\"Lyc\u00e9e Fran\u00e7ais International de S\u00e9ville\"},\"image\":{\"@id\":\"https:\/\/lfsevilla.com\/#\/schema\/logo\/image\/\"},\"sameAs\":[\"https:\/\/www.facebook.com\/LiceoFrancesSevilla\/\",\"https:\/\/x.com\/lfsevilla\",\"https:\/\/www.linkedin.com\/company\/liceo-francs-internacional-de-sevilla\/\",\"https:\/\/www.instagram.com\/liceofrancessevilla\/\",\"https:\/\/www.youtube.com\/@liceofrancessevilla1124\"]},{\"@type\":\"Person\",\"@id\":\"https:\/\/lfsevilla.com\/#\/schema\/person\/ead715d6b1b6b2cb0bb6f7a06675d093\",\"name\":\"LFS\",\"image\":{\"@type\":\"ImageObject\",\"inLanguage\":\"fr-FR\",\"@id\":\"https:\/\/lfsevilla.com\/#\/schema\/person\/image\/\",\"url\":\"https:\/\/secure.gravatar.com\/avatar\/2b2587b6982746a9eb2cb62bda174a08069748c2251c7ca9b6e683d4aab29597?s=96&d=mm&r=g\",\"contentUrl\":\"https:\/\/secure.gravatar.com\/avatar\/2b2587b6982746a9eb2cb62bda174a08069748c2251c7ca9b6e683d4aab29597?s=96&d=mm&r=g\",\"caption\":\"LFS\"},\"url\":\"https:\/\/lfsevilla.com\/fr\/author\/weblfsevilla-com\/\"}]}<\/script>\n<!-- \/ Yoast SEO plugin. -->","yoast_head_json":{"title":"Une \u00e9cole ouverte sur le monde : d\u00e9couvrez notre projet \u00e9ducatif - Lyc\u00e9e Fran\u00e7ais de S\u00e9ville | Colegio privado biling\u00fce en Sevilla","robots":{"index":"index","follow":"follow","max-snippet":"max-snippet:-1","max-image-preview":"max-image-preview:large","max-video-preview":"max-video-preview:-1"},"canonical":"https:\/\/lfsevilla.com\/fr\/une-ecole-ouverte-sur-le-monde-decouvrez-notre-projet-educatif\/","og_locale":"fr_FR","og_type":"article","og_title":"Une \u00e9cole ouverte sur le monde : d\u00e9couvrez notre projet \u00e9ducatif - Lyc\u00e9e Fran\u00e7ais de S\u00e9ville | Colegio privado biling\u00fce en Sevilla","og_description":"Au Lyc\u00e9e Fran\u00e7ais de S\u00e9ville, nous formons bien plus que des \u00e9l\u00e8ves : nous accompagnons les citoyens de demain, avec une \u00e9ducation ouverte, exigeante et humaniste. Nos \u00e9l\u00e8ves \u00e9voluent dans un environnement qui combine excellence acad\u00e9mique et valeurs de respect, de libert\u00e9 et de pens\u00e9e critique. Un syst\u00e8me \u00e9ducatif fran\u00e7ais tourn\u00e9 vers l\u2019international.De la maternelle [&hellip;]","og_url":"https:\/\/lfsevilla.com\/fr\/une-ecole-ouverte-sur-le-monde-decouvrez-notre-projet-educatif\/","og_site_name":"Lyc\u00e9e Fran\u00e7ais de S\u00e9ville | Colegio privado biling\u00fce en Sevilla","article_publisher":"https:\/\/www.facebook.com\/LiceoFrancesSevilla\/","article_published_time":"2025-07-08T17:03:26+00:00","article_modified_time":"2025-07-08T17:03:29+00:00","og_image":[{"width":326,"height":158,"url":"https:\/\/lfsevilla.com\/wp-content\/uploads\/2023\/05\/Logo-Liceo-Frances-de-Sevilla.jpg","type":"image\/jpeg"}],"author":"LFS","twitter_card":"summary_large_image","twitter_creator":"@lfsevilla","twitter_site":"@lfsevilla","twitter_misc":{"\u00c9crit par":"LFS","Dur\u00e9e de lecture estim\u00e9e":"1 minute"},"schema":{"@context":"https:\/\/schema.org","@graph":[{"@type":"Article","@id":"https:\/\/lfsevilla.com\/fr\/une-ecole-ouverte-sur-le-monde-decouvrez-notre-projet-educatif\/#article","isPartOf":{"@id":"https:\/\/lfsevilla.com\/fr\/une-ecole-ouverte-sur-le-monde-decouvrez-notre-projet-educatif\/"},"author":{"name":"LFS","@id":"https:\/\/lfsevilla.com\/#\/schema\/person\/ead715d6b1b6b2cb0bb6f7a06675d093"},"headline":"Une \u00e9cole ouverte sur le monde : d\u00e9couvrez notre projet \u00e9ducatif","datePublished":"2025-07-08T17:03:26+00:00","dateModified":"2025-07-08T17:03:29+00:00","mainEntityOfPage":{"@id":"https:\/\/lfsevilla.com\/fr\/une-ecole-ouverte-sur-le-monde-decouvrez-notre-projet-educatif\/"},"wordCount":111,"publisher":{"@id":"https:\/\/lfsevilla.com\/#organization"},"articleSection":["Actualit\u00e9s","Ev\u00e9nements"],"inLanguage":"fr-FR"},{"@type":"WebPage","@id":"https:\/\/lfsevilla.com\/fr\/une-ecole-ouverte-sur-le-monde-decouvrez-notre-projet-educatif\/","url":"https:\/\/lfsevilla.com\/fr\/une-ecole-ouverte-sur-le-monde-decouvrez-notre-projet-educatif\/","name":"Une \u00e9cole ouverte sur le monde : d\u00e9couvrez notre projet \u00e9ducatif - Lyc\u00e9e Fran\u00e7ais de S\u00e9ville | Colegio privado biling\u00fce en Sevilla","isPartOf":{"@id":"https:\/\/lfsevilla.com\/#website"},"datePublished":"2025-07-08T17:03:26+00:00","dateModified":"2025-07-08T17:03:29+00:00","breadcrumb":{"@id":"https:\/\/lfsevilla.com\/fr\/une-ecole-ouverte-sur-le-monde-decouvrez-notre-projet-educatif\/#breadcrumb"},"inLanguage":"fr-FR","potentialAction":[{"@type":"ReadAction","target":["https:\/\/lfsevilla.com\/fr\/une-ecole-ouverte-sur-le-monde-decouvrez-notre-projet-educatif\/"]}]},{"@type":"BreadcrumbList","@id":"https:\/\/lfsevilla.com\/fr\/une-ecole-ouverte-sur-le-monde-decouvrez-notre-projet-educatif\/#breadcrumb","itemListElement":[{"@type":"ListItem","position":1,"name":"Portada","item":"https:\/\/lfsevilla.com\/fr\/"},{"@type":"ListItem","position":2,"name":"Une \u00e9cole ouverte sur le monde : d\u00e9couvrez notre projet \u00e9ducatif"}]},{"@type":"WebSite","@id":"https:\/\/lfsevilla.com\/#website","url":"https:\/\/lfsevilla.com\/","name":"Lyc\u00e9e Fran\u00e7ais de S\u00e9ville | Colegio privado internacional triling\u00fce en Sevilla","description":"El Liceo franc\u00e9s de Sevilla ofrece una ense\u00f1anza pluriling\u00fce (ingl\u00e9s, franc\u00e9s y espa\u00f1ol), multicultural y respetuosa con las libertades individuales.","publisher":{"@id":"https:\/\/lfsevilla.com\/#organization"},"potentialAction":[{"@type":"SearchAction","target":{"@type":"EntryPoint","urlTemplate":"https:\/\/lfsevilla.com\/?s={search_term_string}"},"query-input":{"@type":"PropertyValueSpecification","valueRequired":true,"valueName":"search_term_string"}}],"inLanguage":"fr-FR"},{"@type":"Organization","@id":"https:\/\/lfsevilla.com\/#organization","name":"Lyc\u00e9e Fran\u00e7ais International de S\u00e9ville","url":"https:\/\/lfsevilla.com\/","logo":{"@type":"ImageObject","inLanguage":"fr-FR","@id":"https:\/\/lfsevilla.com\/#\/schema\/logo\/image\/","url":"https:\/\/lfsevilla.com\/wp-content\/uploads\/2023\/05\/Logo-Liceo-Frances-de-Sevilla-223x223-1.jpg","contentUrl":"https:\/\/lfsevilla.com\/wp-content\/uploads\/2023\/05\/Logo-Liceo-Frances-de-Sevilla-223x223-1.jpg","width":223,"height":223,"caption":"Lyc\u00e9e Fran\u00e7ais International de S\u00e9ville"},"image":{"@id":"https:\/\/lfsevilla.com\/#\/schema\/logo\/image\/"},"sameAs":["https:\/\/www.facebook.com\/LiceoFrancesSevilla\/","https:\/\/x.com\/lfsevilla","https:\/\/www.linkedin.com\/company\/liceo-francs-internacional-de-sevilla\/","https:\/\/www.instagram.com\/liceofrancessevilla\/","https:\/\/www.youtube.com\/@liceofrancessevilla1124"]},{"@type":"Person","@id":"https:\/\/lfsevilla.com\/#\/schema\/person\/ead715d6b1b6b2cb0bb6f7a06675d093","name":"LFS","image":{"@type":"ImageObject","inLanguage":"fr-FR","@id":"https:\/\/lfsevilla.com\/#\/schema\/person\/image\/","url":"https:\/\/secure.gravatar.com\/avatar\/2b2587b6982746a9eb2cb62bda174a08069748c2251c7ca9b6e683d4aab29597?s=96&d=mm&r=g","contentUrl":"https:\/\/secure.gravatar.com\/avatar\/2b2587b6982746a9eb2cb62bda174a08069748c2251c7ca9b6e683d4aab29597?s=96&d=mm&r=g","caption":"LFS"},"url":"https:\/\/lfsevilla.com\/fr\/author\/weblfsevilla-com\/"}]}},"_links":{"self":[{"href":"https:\/\/lfsevilla.com\/fr\/wp-json\/wp\/v2\/posts\/15690","targetHints":{"allow":["GET"]}}],"collection":[{"href":"https:\/\/lfsevilla.com\/fr\/wp-json\/wp\/v2\/posts"}],"about":[{"href":"https:\/\/lfsevilla.com\/fr\/wp-json\/wp\/v2\/types\/post"}],"author":[{"embeddable":true,"href":"https:\/\/lfsevilla.com\/fr\/wp-json\/wp\/v2\/users\/2"}],"replies":[{"embeddable":true,"href":"https:\/\/lfsevilla.com\/fr\/wp-json\/wp\/v2\/comments?post=15690"}],"version-history":[{"count":1,"href":"https:\/\/lfsevilla.com\/fr\/wp-json\/wp\/v2\/posts\/15690\/revisions"}],"predecessor-version":[{"id":15691,"href":"https:\/\/lfsevilla.com\/fr\/wp-json\/wp\/v2\/posts\/15690\/revisions\/15691"}],"wp:attachment":[{"href":"https:\/\/lfsevilla.com\/fr\/wp-json\/wp\/v2\/media?parent=15690"}],"wp:term":[{"taxonomy":"category","embeddable":true,"href":"https:\/\/lfsevilla.com\/fr\/wp-json\/wp\/v2\/categories?post=15690"},{"taxonomy":"post_tag","embeddable":true,"href":"https:\/\/lfsevilla.com\/fr\/wp-json\/wp\/v2\/tags?post=15690"}],"curies":[{"name":"wp","href":"https:\/\/api.w.org\/{rel}","templated":true}]}}