{"id":15688,"date":"2025-07-08T19:01:45","date_gmt":"2025-07-08T17:01:45","guid":{"rendered":"https:\/\/lfsevilla.com\/il-reste-encore-des-places-en-maternelle-3-a-5-ans\/"},"modified":"2025-07-08T19:01:48","modified_gmt":"2025-07-08T17:01:48","slug":"il-reste-encore-des-places-en-maternelle-3-a-5-ans","status":"publish","type":"post","link":"https:\/\/lfsevilla.com\/fr\/il-reste-encore-des-places-en-maternelle-3-a-5-ans\/","title":{"rendered":"Il reste encore des places en Maternelle (3 \u00e0 5 ans) !"},"content":{"rendered":"\n<p><p>Vous cherchez un environnement \u00e9ducatif stimulant, international et bienveillant pour votre enfant ?<br data-start=\"384\" data-end=\"387\"\/>Au Lyc\u00e9e Fran\u00e7ais de S\u00e9ville, il est encore temps d\u2019inscrire votre enfant en Maternelle (de 3 \u00e0 5 ans).<\/p><\/p>\n\n<p>Avec une p\u00e9dagogie active et personnalis\u00e9e, notre cycle maternelle d\u00e9veloppe l\u2019autonomie, la pens\u00e9e critique et la cr\u00e9ativit\u00e9 d\u00e8s le plus jeune \u00e2ge, dans un cadre plurilingue.<\/p>\n\n<p><p>Enseignement en fran\u00e7ais d\u00e8s 3 ans (sans exigence de niveau)<br data-start=\"735\" data-end=\"738\"\/>Professeurs natifs et sp\u00e9cialis\u00e9s<br data-start=\"773\" data-end=\"776\"\/>Activit\u00e9s artistiques, sportives et d\u2019expression<br data-start=\"826\" data-end=\"829\"\/>Acc\u00e8s direct au syst\u00e8me \u00e9ducatif fran\u00e7ais et international<\/p><\/p>\n\n<p><p><strong>Venez nous rencontrer, demandez une visite personnalis\u00e9e ou contactez-nous sans engagement.<\/strong><\/p><\/p>\n","protected":false},"excerpt":{"rendered":"<p>Vous cherchez un environnement \u00e9ducatif stimulant, international et bienveillant pour votre enfant ?Au Lyc\u00e9e Fran\u00e7ais de S\u00e9ville, il est encore temps d\u2019inscrire votre enfant en Maternelle (de 3 \u00e0 5 ans). Avec une p\u00e9dagogie active et personnalis\u00e9e, notre cycle maternelle d\u00e9veloppe l\u2019autonomie, la pens\u00e9e critique et la cr\u00e9ativit\u00e9 d\u00e8s le plus jeune \u00e2ge, dans un [&hellip;]<\/p>\n","protected":false},"author":2,"featured_media":0,"comment_status":"closed","ping_status":"open","sticky":false,"template":"","format":"standard","meta":{"_et_pb_use_builder":"off","_et_pb_old_content":"","_et_gb_content_width":"","footnotes":""},"categories":[48,33],"tags":[],"class_list":["post-15688","post","type-post","status-publish","format-standard","hentry","category-actualites","category-evenements"],"yoast_head":"<!-- This site is optimized with the Yoast SEO plugin v27.0 - https:\/\/yoast.com\/product\/yoast-seo-wordpress\/ -->\n<title>Il reste encore des places en Maternelle (3 \u00e0 5 ans) ! - Lyc\u00e9e Fran\u00e7ais de S\u00e9ville | Colegio privado biling\u00fce en Sevilla<\/title>\n<meta name=\"robots\" content=\"index, follow, max-snippet:-1, max-image-preview:large, max-video-preview:-1\" \/>\n<link rel=\"canonical\" href=\"https:\/\/lfsevilla.com\/fr\/il-reste-encore-des-places-en-maternelle-3-a-5-ans\/\" \/>\n<meta property=\"og:locale\" content=\"fr_FR\" \/>\n<meta property=\"og:type\" content=\"article\" \/>\n<meta property=\"og:title\" content=\"Il reste encore des places en Maternelle (3 \u00e0 5 ans) ! - Lyc\u00e9e Fran\u00e7ais de S\u00e9ville | Colegio privado biling\u00fce en Sevilla\" \/>\n<meta property=\"og:description\" content=\"Vous cherchez un environnement \u00e9ducatif stimulant, international et bienveillant pour votre enfant ?Au Lyc\u00e9e Fran\u00e7ais de S\u00e9ville, il est encore temps d\u2019inscrire votre enfant en Maternelle (de 3 \u00e0 5 ans). Avec une p\u00e9dagogie active et personnalis\u00e9e, notre cycle maternelle d\u00e9veloppe l\u2019autonomie, la pens\u00e9e critique et la cr\u00e9ativit\u00e9 d\u00e8s le plus jeune \u00e2ge, dans un [&hellip;]\" \/>\n<meta property=\"og:url\" content=\"https:\/\/lfsevilla.com\/fr\/il-reste-encore-des-places-en-maternelle-3-a-5-ans\/\" \/>\n<meta property=\"og:site_name\" content=\"Lyc\u00e9e Fran\u00e7ais de S\u00e9ville | Colegio privado biling\u00fce en Sevilla\" \/>\n<meta property=\"article:publisher\" content=\"https:\/\/www.facebook.com\/LiceoFrancesSevilla\/\" \/>\n<meta property=\"article:published_time\" content=\"2025-07-08T17:01:45+00:00\" \/>\n<meta property=\"article:modified_time\" content=\"2025-07-08T17:01:48+00:00\" \/>\n<meta property=\"og:image\" content=\"https:\/\/lfsevilla.com\/wp-content\/uploads\/2023\/05\/Logo-Liceo-Frances-de-Sevilla.jpg\" \/>\n\t<meta property=\"og:image:width\" content=\"326\" \/>\n\t<meta property=\"og:image:height\" content=\"158\" \/>\n\t<meta property=\"og:image:type\" content=\"image\/jpeg\" \/>\n<meta name=\"author\" content=\"LFS\" \/>\n<meta name=\"twitter:card\" content=\"summary_large_image\" \/>\n<meta name=\"twitter:creator\" content=\"@lfsevilla\" \/>\n<meta name=\"twitter:site\" content=\"@lfsevilla\" \/>\n<meta name=\"twitter:label1\" content=\"\u00c9crit par\" \/>\n\t<meta name=\"twitter:data1\" content=\"LFS\" \/>\n\t<meta name=\"twitter:label2\" content=\"Dur\u00e9e de lecture estim\u00e9e\" \/>\n\t<meta name=\"twitter:data2\" content=\"1 minute\" \/>\n<script type=\"application\/ld+json\" class=\"yoast-schema-graph\">{\"@context\":\"https:\/\/schema.org\",\"@graph\":[{\"@type\":\"Article\",\"@id\":\"https:\/\/lfsevilla.com\/fr\/il-reste-encore-des-places-en-maternelle-3-a-5-ans\/#article\",\"isPartOf\":{\"@id\":\"https:\/\/lfsevilla.com\/fr\/il-reste-encore-des-places-en-maternelle-3-a-5-ans\/\"},\"author\":{\"name\":\"LFS\",\"@id\":\"https:\/\/lfsevilla.com\/#\/schema\/person\/ead715d6b1b6b2cb0bb6f7a06675d093\"},\"headline\":\"Il reste encore des places en Maternelle (3 \u00e0 5 ans) !\",\"datePublished\":\"2025-07-08T17:01:45+00:00\",\"dateModified\":\"2025-07-08T17:01:48+00:00\",\"mainEntityOfPage\":{\"@id\":\"https:\/\/lfsevilla.com\/fr\/il-reste-encore-des-places-en-maternelle-3-a-5-ans\/\"},\"wordCount\":118,\"publisher\":{\"@id\":\"https:\/\/lfsevilla.com\/#organization\"},\"articleSection\":[\"Actualit\u00e9s\",\"Ev\u00e9nements\"],\"inLanguage\":\"fr-FR\"},{\"@type\":\"WebPage\",\"@id\":\"https:\/\/lfsevilla.com\/fr\/il-reste-encore-des-places-en-maternelle-3-a-5-ans\/\",\"url\":\"https:\/\/lfsevilla.com\/fr\/il-reste-encore-des-places-en-maternelle-3-a-5-ans\/\",\"name\":\"Il reste encore des places en Maternelle (3 \u00e0 5 ans) ! - Lyc\u00e9e Fran\u00e7ais de S\u00e9ville | Colegio privado biling\u00fce en Sevilla\",\"isPartOf\":{\"@id\":\"https:\/\/lfsevilla.com\/#website\"},\"datePublished\":\"2025-07-08T17:01:45+00:00\",\"dateModified\":\"2025-07-08T17:01:48+00:00\",\"breadcrumb\":{\"@id\":\"https:\/\/lfsevilla.com\/fr\/il-reste-encore-des-places-en-maternelle-3-a-5-ans\/#breadcrumb\"},\"inLanguage\":\"fr-FR\",\"potentialAction\":[{\"@type\":\"ReadAction\",\"target\":[\"https:\/\/lfsevilla.com\/fr\/il-reste-encore-des-places-en-maternelle-3-a-5-ans\/\"]}]},{\"@type\":\"BreadcrumbList\",\"@id\":\"https:\/\/lfsevilla.com\/fr\/il-reste-encore-des-places-en-maternelle-3-a-5-ans\/#breadcrumb\",\"itemListElement\":[{\"@type\":\"ListItem\",\"position\":1,\"name\":\"Portada\",\"item\":\"https:\/\/lfsevilla.com\/fr\/\"},{\"@type\":\"ListItem\",\"position\":2,\"name\":\"Il reste encore des places en Maternelle (3 \u00e0 5 ans) !\"}]},{\"@type\":\"WebSite\",\"@id\":\"https:\/\/lfsevilla.com\/#website\",\"url\":\"https:\/\/lfsevilla.com\/\",\"name\":\"Lyc\u00e9e Fran\u00e7ais de S\u00e9ville | Colegio privado internacional triling\u00fce en Sevilla\",\"description\":\"El Liceo franc\u00e9s de Sevilla ofrece una ense\u00f1anza pluriling\u00fce (ingl\u00e9s, franc\u00e9s y espa\u00f1ol), multicultural y respetuosa con las libertades individuales.\",\"publisher\":{\"@id\":\"https:\/\/lfsevilla.com\/#organization\"},\"potentialAction\":[{\"@type\":\"SearchAction\",\"target\":{\"@type\":\"EntryPoint\",\"urlTemplate\":\"https:\/\/lfsevilla.com\/?s={search_term_string}\"},\"query-input\":{\"@type\":\"PropertyValueSpecification\",\"valueRequired\":true,\"valueName\":\"search_term_string\"}}],\"inLanguage\":\"fr-FR\"},{\"@type\":\"Organization\",\"@id\":\"https:\/\/lfsevilla.com\/#organization\",\"name\":\"Lyc\u00e9e Fran\u00e7ais International de S\u00e9ville\",\"url\":\"https:\/\/lfsevilla.com\/\",\"logo\":{\"@type\":\"ImageObject\",\"inLanguage\":\"fr-FR\",\"@id\":\"https:\/\/lfsevilla.com\/#\/schema\/logo\/image\/\",\"url\":\"https:\/\/lfsevilla.com\/wp-content\/uploads\/2023\/05\/Logo-Liceo-Frances-de-Sevilla-223x223-1.jpg\",\"contentUrl\":\"https:\/\/lfsevilla.com\/wp-content\/uploads\/2023\/05\/Logo-Liceo-Frances-de-Sevilla-223x223-1.jpg\",\"width\":223,\"height\":223,\"caption\":\"Lyc\u00e9e Fran\u00e7ais International de S\u00e9ville\"},\"image\":{\"@id\":\"https:\/\/lfsevilla.com\/#\/schema\/logo\/image\/\"},\"sameAs\":[\"https:\/\/www.facebook.com\/LiceoFrancesSevilla\/\",\"https:\/\/x.com\/lfsevilla\",\"https:\/\/www.linkedin.com\/company\/liceo-francs-internacional-de-sevilla\/\",\"https:\/\/www.instagram.com\/liceofrancessevilla\/\",\"https:\/\/www.youtube.com\/@liceofrancessevilla1124\"]},{\"@type\":\"Person\",\"@id\":\"https:\/\/lfsevilla.com\/#\/schema\/person\/ead715d6b1b6b2cb0bb6f7a06675d093\",\"name\":\"LFS\",\"image\":{\"@type\":\"ImageObject\",\"inLanguage\":\"fr-FR\",\"@id\":\"https:\/\/lfsevilla.com\/#\/schema\/person\/image\/\",\"url\":\"https:\/\/secure.gravatar.com\/avatar\/2b2587b6982746a9eb2cb62bda174a08069748c2251c7ca9b6e683d4aab29597?s=96&d=mm&r=g\",\"contentUrl\":\"https:\/\/secure.gravatar.com\/avatar\/2b2587b6982746a9eb2cb62bda174a08069748c2251c7ca9b6e683d4aab29597?s=96&d=mm&r=g\",\"caption\":\"LFS\"},\"url\":\"https:\/\/lfsevilla.com\/fr\/author\/weblfsevilla-com\/\"}]}<\/script>\n<!-- \/ Yoast SEO plugin. -->","yoast_head_json":{"title":"Il reste encore des places en Maternelle (3 \u00e0 5 ans) ! - Lyc\u00e9e Fran\u00e7ais de S\u00e9ville | Colegio privado biling\u00fce en Sevilla","robots":{"index":"index","follow":"follow","max-snippet":"max-snippet:-1","max-image-preview":"max-image-preview:large","max-video-preview":"max-video-preview:-1"},"canonical":"https:\/\/lfsevilla.com\/fr\/il-reste-encore-des-places-en-maternelle-3-a-5-ans\/","og_locale":"fr_FR","og_type":"article","og_title":"Il reste encore des places en Maternelle (3 \u00e0 5 ans) ! - Lyc\u00e9e Fran\u00e7ais de S\u00e9ville | Colegio privado biling\u00fce en Sevilla","og_description":"Vous cherchez un environnement \u00e9ducatif stimulant, international et bienveillant pour votre enfant ?Au Lyc\u00e9e Fran\u00e7ais de S\u00e9ville, il est encore temps d\u2019inscrire votre enfant en Maternelle (de 3 \u00e0 5 ans). Avec une p\u00e9dagogie active et personnalis\u00e9e, notre cycle maternelle d\u00e9veloppe l\u2019autonomie, la pens\u00e9e critique et la cr\u00e9ativit\u00e9 d\u00e8s le plus jeune \u00e2ge, dans un [&hellip;]","og_url":"https:\/\/lfsevilla.com\/fr\/il-reste-encore-des-places-en-maternelle-3-a-5-ans\/","og_site_name":"Lyc\u00e9e Fran\u00e7ais de S\u00e9ville | Colegio privado biling\u00fce en Sevilla","article_publisher":"https:\/\/www.facebook.com\/LiceoFrancesSevilla\/","article_published_time":"2025-07-08T17:01:45+00:00","article_modified_time":"2025-07-08T17:01:48+00:00","og_image":[{"width":326,"height":158,"url":"https:\/\/lfsevilla.com\/wp-content\/uploads\/2023\/05\/Logo-Liceo-Frances-de-Sevilla.jpg","type":"image\/jpeg"}],"author":"LFS","twitter_card":"summary_large_image","twitter_creator":"@lfsevilla","twitter_site":"@lfsevilla","twitter_misc":{"\u00c9crit par":"LFS","Dur\u00e9e de lecture estim\u00e9e":"1 minute"},"schema":{"@context":"https:\/\/schema.org","@graph":[{"@type":"Article","@id":"https:\/\/lfsevilla.com\/fr\/il-reste-encore-des-places-en-maternelle-3-a-5-ans\/#article","isPartOf":{"@id":"https:\/\/lfsevilla.com\/fr\/il-reste-encore-des-places-en-maternelle-3-a-5-ans\/"},"author":{"name":"LFS","@id":"https:\/\/lfsevilla.com\/#\/schema\/person\/ead715d6b1b6b2cb0bb6f7a06675d093"},"headline":"Il reste encore des places en Maternelle (3 \u00e0 5 ans) !","datePublished":"2025-07-08T17:01:45+00:00","dateModified":"2025-07-08T17:01:48+00:00","mainEntityOfPage":{"@id":"https:\/\/lfsevilla.com\/fr\/il-reste-encore-des-places-en-maternelle-3-a-5-ans\/"},"wordCount":118,"publisher":{"@id":"https:\/\/lfsevilla.com\/#organization"},"articleSection":["Actualit\u00e9s","Ev\u00e9nements"],"inLanguage":"fr-FR"},{"@type":"WebPage","@id":"https:\/\/lfsevilla.com\/fr\/il-reste-encore-des-places-en-maternelle-3-a-5-ans\/","url":"https:\/\/lfsevilla.com\/fr\/il-reste-encore-des-places-en-maternelle-3-a-5-ans\/","name":"Il reste encore des places en Maternelle (3 \u00e0 5 ans) ! - Lyc\u00e9e Fran\u00e7ais de S\u00e9ville | Colegio privado biling\u00fce en Sevilla","isPartOf":{"@id":"https:\/\/lfsevilla.com\/#website"},"datePublished":"2025-07-08T17:01:45+00:00","dateModified":"2025-07-08T17:01:48+00:00","breadcrumb":{"@id":"https:\/\/lfsevilla.com\/fr\/il-reste-encore-des-places-en-maternelle-3-a-5-ans\/#breadcrumb"},"inLanguage":"fr-FR","potentialAction":[{"@type":"ReadAction","target":["https:\/\/lfsevilla.com\/fr\/il-reste-encore-des-places-en-maternelle-3-a-5-ans\/"]}]},{"@type":"BreadcrumbList","@id":"https:\/\/lfsevilla.com\/fr\/il-reste-encore-des-places-en-maternelle-3-a-5-ans\/#breadcrumb","itemListElement":[{"@type":"ListItem","position":1,"name":"Portada","item":"https:\/\/lfsevilla.com\/fr\/"},{"@type":"ListItem","position":2,"name":"Il reste encore des places en Maternelle (3 \u00e0 5 ans) !"}]},{"@type":"WebSite","@id":"https:\/\/lfsevilla.com\/#website","url":"https:\/\/lfsevilla.com\/","name":"Lyc\u00e9e Fran\u00e7ais de S\u00e9ville | Colegio privado internacional triling\u00fce en Sevilla","description":"El Liceo franc\u00e9s de Sevilla ofrece una ense\u00f1anza pluriling\u00fce (ingl\u00e9s, franc\u00e9s y espa\u00f1ol), multicultural y respetuosa con las libertades individuales.","publisher":{"@id":"https:\/\/lfsevilla.com\/#organization"},"potentialAction":[{"@type":"SearchAction","target":{"@type":"EntryPoint","urlTemplate":"https:\/\/lfsevilla.com\/?s={search_term_string}"},"query-input":{"@type":"PropertyValueSpecification","valueRequired":true,"valueName":"search_term_string"}}],"inLanguage":"fr-FR"},{"@type":"Organization","@id":"https:\/\/lfsevilla.com\/#organization","name":"Lyc\u00e9e Fran\u00e7ais International de S\u00e9ville","url":"https:\/\/lfsevilla.com\/","logo":{"@type":"ImageObject","inLanguage":"fr-FR","@id":"https:\/\/lfsevilla.com\/#\/schema\/logo\/image\/","url":"https:\/\/lfsevilla.com\/wp-content\/uploads\/2023\/05\/Logo-Liceo-Frances-de-Sevilla-223x223-1.jpg","contentUrl":"https:\/\/lfsevilla.com\/wp-content\/uploads\/2023\/05\/Logo-Liceo-Frances-de-Sevilla-223x223-1.jpg","width":223,"height":223,"caption":"Lyc\u00e9e Fran\u00e7ais International de S\u00e9ville"},"image":{"@id":"https:\/\/lfsevilla.com\/#\/schema\/logo\/image\/"},"sameAs":["https:\/\/www.facebook.com\/LiceoFrancesSevilla\/","https:\/\/x.com\/lfsevilla","https:\/\/www.linkedin.com\/company\/liceo-francs-internacional-de-sevilla\/","https:\/\/www.instagram.com\/liceofrancessevilla\/","https:\/\/www.youtube.com\/@liceofrancessevilla1124"]},{"@type":"Person","@id":"https:\/\/lfsevilla.com\/#\/schema\/person\/ead715d6b1b6b2cb0bb6f7a06675d093","name":"LFS","image":{"@type":"ImageObject","inLanguage":"fr-FR","@id":"https:\/\/lfsevilla.com\/#\/schema\/person\/image\/","url":"https:\/\/secure.gravatar.com\/avatar\/2b2587b6982746a9eb2cb62bda174a08069748c2251c7ca9b6e683d4aab29597?s=96&d=mm&r=g","contentUrl":"https:\/\/secure.gravatar.com\/avatar\/2b2587b6982746a9eb2cb62bda174a08069748c2251c7ca9b6e683d4aab29597?s=96&d=mm&r=g","caption":"LFS"},"url":"https:\/\/lfsevilla.com\/fr\/author\/weblfsevilla-com\/"}]}},"_links":{"self":[{"href":"https:\/\/lfsevilla.com\/fr\/wp-json\/wp\/v2\/posts\/15688","targetHints":{"allow":["GET"]}}],"collection":[{"href":"https:\/\/lfsevilla.com\/fr\/wp-json\/wp\/v2\/posts"}],"about":[{"href":"https:\/\/lfsevilla.com\/fr\/wp-json\/wp\/v2\/types\/post"}],"author":[{"embeddable":true,"href":"https:\/\/lfsevilla.com\/fr\/wp-json\/wp\/v2\/users\/2"}],"replies":[{"embeddable":true,"href":"https:\/\/lfsevilla.com\/fr\/wp-json\/wp\/v2\/comments?post=15688"}],"version-history":[{"count":1,"href":"https:\/\/lfsevilla.com\/fr\/wp-json\/wp\/v2\/posts\/15688\/revisions"}],"predecessor-version":[{"id":15689,"href":"https:\/\/lfsevilla.com\/fr\/wp-json\/wp\/v2\/posts\/15688\/revisions\/15689"}],"wp:attachment":[{"href":"https:\/\/lfsevilla.com\/fr\/wp-json\/wp\/v2\/media?parent=15688"}],"wp:term":[{"taxonomy":"category","embeddable":true,"href":"https:\/\/lfsevilla.com\/fr\/wp-json\/wp\/v2\/categories?post=15688"},{"taxonomy":"post_tag","embeddable":true,"href":"https:\/\/lfsevilla.com\/fr\/wp-json\/wp\/v2\/tags?post=15688"}],"curies":[{"name":"wp","href":"https:\/\/api.w.org\/{rel}","templated":true}]}}