{"id":15423,"date":"2025-05-19T19:16:34","date_gmt":"2025-05-19T17:16:34","guid":{"rendered":"https:\/\/lfsevilla.com\/le-lycee-francais-de-seville-recompense-lors-de-la-iere-olympiade-des-ingenieries-dans-le-domaine-industriel\/"},"modified":"2025-05-19T19:16:37","modified_gmt":"2025-05-19T17:16:37","slug":"le-lycee-francais-de-seville-recompense-lors-de-la-iere-olympiade-des-ingenieries-dans-le-domaine-industriel","status":"publish","type":"post","link":"https:\/\/lfsevilla.com\/fr\/le-lycee-francais-de-seville-recompense-lors-de-la-iere-olympiade-des-ingenieries-dans-le-domaine-industriel\/","title":{"rendered":"Le Lyc\u00e9e Fran\u00e7ais de S\u00e9ville r\u00e9compens\u00e9 lors de la I\u00e8re Olympiade des Ing\u00e9nieries dans le Domaine Industriel"},"content":{"rendered":"\n<p><p><span class=\"_fadeIn_m1hgl_8\">C\u2019est <\/span><span class=\"_fadeIn_m1hgl_8\">avec <\/span><span class=\"_fadeIn_m1hgl_8\">une <\/span><span class=\"_fadeIn_m1hgl_8\">immense <\/span><span class=\"_fadeIn_m1hgl_8\">fiert\u00e9 <\/span><span class=\"_fadeIn_m1hgl_8\">que <\/span><span class=\"_fadeIn_m1hgl_8\">nous <\/span><span class=\"_fadeIn_m1hgl_8\">annon\u00e7ons <\/span><span class=\"_fadeIn_m1hgl_8\">que <\/span><span class=\"_fadeIn_m1hgl_8\">l\u2019\u00e9quipe <\/span><span class=\"_fadeIn_m1hgl_8\">du <\/span><strong data-start=\"285\" data-end=\"314\"><span class=\"_fadeIn_m1hgl_8\">Lyc\u00e9e <\/span><span class=\"_fadeIn_m1hgl_8\">Fran\u00e7ais <\/span><span class=\"_fadeIn_m1hgl_8\">de <\/span><span class=\"_fadeIn_m1hgl_8\">S\u00e9ville<\/span><\/strong> <span class=\"_fadeIn_m1hgl_8\">a <\/span><span class=\"_fadeIn_m1hgl_8\">remport\u00e9 <\/span><span class=\"_fadeIn_m1hgl_8\">le <\/span><strong data-start=\"329\" data-end=\"372\"><span class=\"_fadeIn_m1hgl_8\">2\u1d49 <\/span><span class=\"_fadeIn_m1hgl_8\">prix <\/span><span class=\"_fadeIn_m1hgl_8\">dans <\/span><span class=\"_fadeIn_m1hgl_8\">la <\/span><span class=\"_fadeIn_m1hgl_8\">cat\u00e9gorie <\/span><span class=\"_fadeIn_m1hgl_8\">Coll\u00e8ge (<\/span><span class=\"_fadeIn_m1hgl_8\">ESO)<\/span><\/strong> <span class=\"_fadeIn_m1hgl_8\">lors <\/span><span class=\"_fadeIn_m1hgl_8\">de <\/span><span class=\"_fadeIn_m1hgl_8\">la <\/span><strong data-start=\"384\" data-end=\"445\"><span class=\"_fadeIn_m1hgl_8\">I\u00e8re <\/span><span class=\"_fadeIn_m1hgl_8\">Olympiade <\/span><span class=\"_fadeIn_m1hgl_8\">des <\/span><span class=\"_fadeIn_m1hgl_8\">Ing\u00e9nieries <\/span><span class=\"_fadeIn_m1hgl_8\">dans <\/span><span class=\"_fadeIn_m1hgl_8\">le <\/span><span class=\"_fadeIn_m1hgl_8\">Domaine <\/span><span class=\"_fadeIn_m1hgl_8\">Industriel<\/span><\/strong><span class=\"_fadeIn_m1hgl_8\">, <\/span><span class=\"_fadeIn_m1hgl_8\">organis\u00e9e <\/span><span class=\"_fadeIn_m1hgl_8\">par <\/span><span class=\"_fadeIn_m1hgl_8\">l\u2019<\/span><strong data-start=\"463\" data-end=\"524\"><span class=\"_fadeIn_m1hgl_8\">\u00c9cole <\/span><span class=\"_fadeIn_m1hgl_8\">Polytechnique <\/span><span class=\"_fadeIn_m1hgl_8\">Sup\u00e9rieure <\/span><span class=\"_fadeIn_m1hgl_8\">de <\/span><span class=\"_fadeIn_m1hgl_8\">l\u2019Universit\u00e9 <\/span><span class=\"_fadeIn_m1hgl_8\">de <\/span><span class=\"_fadeIn_m1hgl_8\">S\u00e9ville<\/span><\/strong><span class=\"_fadeIn_m1hgl_8\">.<\/span><\/p><\/p>\n\n<p>L\u2019\u00e9v\u00e9nement, qui a rassembl\u00e9 41 \u00e9l\u00e8ves issus de 12 \u00e9tablissements scolaires, a propos\u00e9 un d\u00e9fi \u00e0 fort impact social : concevoir et construire un objet permettant de faciliter une activit\u00e9 quotidienne des personnes \u00e2g\u00e9es. Les \u00e9quipes ont travaill\u00e9 avec un r\u00e9el engagement, allant jusqu\u2019\u00e0 partager une journ\u00e9e avec des seniors afin d\u2019identifier leurs besoins concrets et d\u2019y apporter des solutions techniques adapt\u00e9es.<\/p>\n\n<p><p><span class=\"_fadeIn_m1hgl_8\">Notre <\/span><span class=\"_fadeIn_m1hgl_8\">\u00e9quipe, <\/span><span class=\"_fadeIn_m1hgl_8\">compos\u00e9e <\/span><span class=\"_fadeIn_m1hgl_8\">de <\/span><strong data-start=\"971\" data-end=\"1023\"><span class=\"_fadeIn_m1hgl_8\">Alicia <\/span><span class=\"_fadeIn_m1hgl_8\">Cobian, <\/span><span class=\"_fadeIn_m1hgl_8\">Charlotte <\/span><span class=\"_fadeIn_m1hgl_8\">Abdi <\/span><span class=\"_fadeIn_m1hgl_8\">et <\/span><span class=\"_fadeIn_m1hgl_8\">Martina <\/span><span class=\"_fadeIn_m1hgl_8\">Guisado<\/span><\/strong><span class=\"_fadeIn_m1hgl_8\">, <\/span><span class=\"_fadeIn_m1hgl_8\">a <\/span><span class=\"_fadeIn_m1hgl_8\">pr\u00e9sent\u00e9 <\/span><span class=\"_fadeIn_m1hgl_8\">le <\/span><span class=\"_fadeIn_m1hgl_8\">projet <\/span><strong data-start=\"1046\" data-end=\"1069\"><span class=\"_fadeIn_m1hgl_8\">\u00ab <\/span><span class=\"_fadeIn_m1hgl_8\">Canne <\/span><span class=\"_fadeIn_m1hgl_8\">lumineuse \u00bb<\/span><\/strong><span class=\"_fadeIn_m1hgl_8\">, <\/span><span class=\"_fadeIn_m1hgl_8\">une <\/span><span class=\"_fadeIn_m1hgl_8\">cr\u00e9ation <\/span><span class=\"_fadeIn_m1hgl_8\">originale, <\/span><span class=\"_fadeIn_m1hgl_8\">fonctionnelle <\/span><span class=\"_fadeIn_m1hgl_8\">et <\/span><span class=\"_fadeIn_m1hgl_8\">profond\u00e9ment <\/span><span class=\"_fadeIn_m1hgl_8\">humaine, <\/span><span class=\"_fadeIn_m1hgl_8\">qui <\/span><span class=\"_fadeIn_m1hgl_8\">a <\/span><span class=\"_fadeIn_m1hgl_8\">su <\/span><span class=\"_fadeIn_m1hgl_8\">convaincre <\/span><span class=\"_fadeIn_m1hgl_8\">le <\/span><span class=\"_fadeIn_m1hgl_8\">jury <\/span><span class=\"_fadeIn_m1hgl_8\">par <\/span><span class=\"_fadeIn_m1hgl_8\">son <\/span><span class=\"_fadeIn_m1hgl_8\">ing\u00e9niosit\u00e9 <\/span><span class=\"_fadeIn_m1hgl_8\">et <\/span><span class=\"_fadeIn_m1hgl_8\">son <\/span><span class=\"_fadeIn_m1hgl_8\">utilit\u00e9.<\/span><\/p><\/p>\n\n<p><p><span class=\"_fadeIn_m1hgl_8\">Nous <\/span><span class=\"_fadeIn_m1hgl_8\">adressons <\/span><span class=\"_fadeIn_m1hgl_8\">toutes <\/span><span class=\"_fadeIn_m1hgl_8\">nos <\/span><strong data-start=\"1225\" data-end=\"1255\"><span class=\"_fadeIn_m1hgl_8\">f\u00e9licitations <\/span><span class=\"_fadeIn_m1hgl_8\">\u00e0 <\/span><span class=\"_fadeIn_m1hgl_8\">nos <\/span><span class=\"_fadeIn_m1hgl_8\">\u00e9l\u00e8ves<\/span><\/strong> <span class=\"_fadeIn_m1hgl_8\">pour <\/span><span class=\"_fadeIn_m1hgl_8\">leur <\/span><span class=\"_fadeIn_m1hgl_8\">travail <\/span><span class=\"_fadeIn_m1hgl_8\">remarquable, <\/span><span class=\"_fadeIn_m1hgl_8\">et <\/span><span class=\"_fadeIn_m1hgl_8\">remercions <\/span><span class=\"_fadeIn_m1hgl_8\">chaleureusement <\/span><span class=\"_fadeIn_m1hgl_8\">l\u2019Universit\u00e9 <\/span><span class=\"_fadeIn_m1hgl_8\">de <\/span><span class=\"_fadeIn_m1hgl_8\">S\u00e9ville <\/span><span class=\"_fadeIn_m1hgl_8\">ainsi <\/span><span class=\"_fadeIn_m1hgl_8\">que <\/span><span class=\"_fadeIn_m1hgl_8\">l\u2019\u00c9cole <\/span><span class=\"_fadeIn_m1hgl_8\">Polytechnique <\/span><span class=\"_fadeIn_m1hgl_8\">Sup\u00e9rieure <\/span><span class=\"_fadeIn_m1hgl_8\">pour <\/span><span class=\"_fadeIn_m1hgl_8\">cette <\/span><span class=\"_fadeIn_m1hgl_8\">initiative <\/span><span class=\"_fadeIn_m1hgl_8\">inspirante, <\/span><span class=\"_fadeIn_m1hgl_8\">qui <\/span><span class=\"_fadeIn_m1hgl_8\">encourage <\/span><span class=\"_fadeIn_m1hgl_8\">les <\/span><span class=\"_fadeIn_m1hgl_8\">jeunes <\/span><span class=\"_fadeIn_m1hgl_8\">\u00e0 <\/span><span class=\"_fadeIn_m1hgl_8\">s\u2019engager <\/span><span class=\"_fadeIn_m1hgl_8\">dans <\/span><span class=\"_fadeIn_m1hgl_8\">les <\/span><span class=\"_fadeIn_m1hgl_8\">fili\u00e8res <\/span><span class=\"_fadeIn_m1hgl_8\">scientifiques <\/span><span class=\"_fadeIn_m1hgl_8\">et <\/span><span class=\"_fadeIn_m1hgl_8\">technologiques.<\/span><\/p><\/p>\n\n<p><p><a href=\"https:\/\/eps.us.es\/tablon-de-anuncios\/exito-en-la-i-olimpiada-de-ingenierias-en-el-ambito-industrial\" target=\"_blank\" rel=\"noopener\"><span class=\"_fadeIn_m1hgl_8\">Lire <\/span><span class=\"_fadeIn_m1hgl_8\">l\u2019article <\/span><span class=\"_fadeIn_m1hgl_8\">complet <\/span><span class=\"_fadeIn_m1hgl_8\">sur <\/span><span class=\"_fadeIn_m1hgl_8\">le <\/span><span class=\"_fadeIn_m1hgl_8\">site <\/span><span class=\"_fadeIn_m1hgl_8\">de <\/span><span class=\"_fadeIn_m1hgl_8\">l\u2019Universit\u00e9 <\/span><span class=\"_fadeIn_m1hgl_8\">de <\/span><span class=\"_fadeIn_m1hgl_8\">S\u00e9ville<\/span><\/a><\/p><\/p>\n","protected":false},"excerpt":{"rendered":"<p>C\u2019est avec une immense fiert\u00e9 que nous annon\u00e7ons que l\u2019\u00e9quipe du Lyc\u00e9e Fran\u00e7ais de S\u00e9ville a remport\u00e9 le 2\u1d49 prix dans la cat\u00e9gorie Coll\u00e8ge (ESO) lors de la I\u00e8re Olympiade des Ing\u00e9nieries dans le Domaine Industriel, organis\u00e9e par l\u2019\u00c9cole Polytechnique Sup\u00e9rieure de l\u2019Universit\u00e9 de S\u00e9ville. L\u2019\u00e9v\u00e9nement, qui a rassembl\u00e9 41 \u00e9l\u00e8ves issus de 12 \u00e9tablissements [&hellip;]<\/p>\n","protected":false},"author":2,"featured_media":15421,"comment_status":"closed","ping_status":"open","sticky":false,"template":"","format":"standard","meta":{"_et_pb_use_builder":"off","_et_pb_old_content":"","_et_gb_content_width":"","footnotes":""},"categories":[48,33,32],"tags":[],"class_list":["post-15423","post","type-post","status-publish","format-standard","has-post-thumbnail","hentry","category-actualites","category-evenements","category-nouvelles"],"yoast_head":"<!-- This site is optimized with the Yoast SEO plugin v27.0 - https:\/\/yoast.com\/product\/yoast-seo-wordpress\/ -->\n<title>Le Lyc\u00e9e Fran\u00e7ais de S\u00e9ville r\u00e9compens\u00e9 lors de la I\u00e8re Olympiade des Ing\u00e9nieries dans le Domaine Industriel - Lyc\u00e9e Fran\u00e7ais de S\u00e9ville | Colegio privado biling\u00fce en Sevilla<\/title>\n<meta name=\"robots\" content=\"index, follow, max-snippet:-1, max-image-preview:large, max-video-preview:-1\" \/>\n<link rel=\"canonical\" href=\"https:\/\/lfsevilla.com\/fr\/le-lycee-francais-de-seville-recompense-lors-de-la-iere-olympiade-des-ingenieries-dans-le-domaine-industriel\/\" \/>\n<meta property=\"og:locale\" content=\"fr_FR\" \/>\n<meta property=\"og:type\" content=\"article\" \/>\n<meta property=\"og:title\" content=\"Le Lyc\u00e9e Fran\u00e7ais de S\u00e9ville r\u00e9compens\u00e9 lors de la I\u00e8re Olympiade des Ing\u00e9nieries dans le Domaine Industriel - Lyc\u00e9e Fran\u00e7ais de S\u00e9ville | Colegio privado biling\u00fce en Sevilla\" \/>\n<meta property=\"og:description\" content=\"C\u2019est avec une immense fiert\u00e9 que nous annon\u00e7ons que l\u2019\u00e9quipe du Lyc\u00e9e Fran\u00e7ais de S\u00e9ville a remport\u00e9 le 2\u1d49 prix dans la cat\u00e9gorie Coll\u00e8ge (ESO) lors de la I\u00e8re Olympiade des Ing\u00e9nieries dans le Domaine Industriel, organis\u00e9e par l\u2019\u00c9cole Polytechnique Sup\u00e9rieure de l\u2019Universit\u00e9 de S\u00e9ville. L\u2019\u00e9v\u00e9nement, qui a rassembl\u00e9 41 \u00e9l\u00e8ves issus de 12 \u00e9tablissements [&hellip;]\" \/>\n<meta property=\"og:url\" content=\"https:\/\/lfsevilla.com\/fr\/le-lycee-francais-de-seville-recompense-lors-de-la-iere-olympiade-des-ingenieries-dans-le-domaine-industriel\/\" \/>\n<meta property=\"og:site_name\" content=\"Lyc\u00e9e Fran\u00e7ais de S\u00e9ville | Colegio privado biling\u00fce en Sevilla\" \/>\n<meta property=\"article:publisher\" content=\"https:\/\/www.facebook.com\/LiceoFrancesSevilla\/\" \/>\n<meta property=\"article:published_time\" content=\"2025-05-19T17:16:34+00:00\" \/>\n<meta property=\"article:modified_time\" content=\"2025-05-19T17:16:37+00:00\" \/>\n<meta property=\"og:image\" content=\"https:\/\/lfsevilla.com\/wp-content\/uploads\/2025\/05\/Liceo-frances-de-Sevilla-I-Olimpiadas-Ingenieria.jpeg\" \/>\n\t<meta property=\"og:image:width\" content=\"1600\" \/>\n\t<meta property=\"og:image:height\" content=\"1201\" \/>\n\t<meta property=\"og:image:type\" content=\"image\/jpeg\" \/>\n<meta name=\"author\" content=\"LFS\" \/>\n<meta name=\"twitter:card\" content=\"summary_large_image\" \/>\n<meta name=\"twitter:creator\" content=\"@lfsevilla\" \/>\n<meta name=\"twitter:site\" content=\"@lfsevilla\" \/>\n<meta name=\"twitter:label1\" content=\"\u00c9crit par\" \/>\n\t<meta name=\"twitter:data1\" content=\"LFS\" \/>\n\t<meta name=\"twitter:label2\" content=\"Dur\u00e9e de lecture estim\u00e9e\" \/>\n\t<meta name=\"twitter:data2\" content=\"1 minute\" \/>\n<script type=\"application\/ld+json\" class=\"yoast-schema-graph\">{\"@context\":\"https:\/\/schema.org\",\"@graph\":[{\"@type\":\"Article\",\"@id\":\"https:\/\/lfsevilla.com\/fr\/le-lycee-francais-de-seville-recompense-lors-de-la-iere-olympiade-des-ingenieries-dans-le-domaine-industriel\/#article\",\"isPartOf\":{\"@id\":\"https:\/\/lfsevilla.com\/fr\/le-lycee-francais-de-seville-recompense-lors-de-la-iere-olympiade-des-ingenieries-dans-le-domaine-industriel\/\"},\"author\":{\"name\":\"LFS\",\"@id\":\"https:\/\/lfsevilla.com\/#\/schema\/person\/ead715d6b1b6b2cb0bb6f7a06675d093\"},\"headline\":\"Le Lyc\u00e9e Fran\u00e7ais de S\u00e9ville r\u00e9compens\u00e9 lors de la I\u00e8re Olympiade des Ing\u00e9nieries dans le Domaine Industriel\",\"datePublished\":\"2025-05-19T17:16:34+00:00\",\"dateModified\":\"2025-05-19T17:16:37+00:00\",\"mainEntityOfPage\":{\"@id\":\"https:\/\/lfsevilla.com\/fr\/le-lycee-francais-de-seville-recompense-lors-de-la-iere-olympiade-des-ingenieries-dans-le-domaine-industriel\/\"},\"wordCount\":249,\"publisher\":{\"@id\":\"https:\/\/lfsevilla.com\/#organization\"},\"image\":{\"@id\":\"https:\/\/lfsevilla.com\/fr\/le-lycee-francais-de-seville-recompense-lors-de-la-iere-olympiade-des-ingenieries-dans-le-domaine-industriel\/#primaryimage\"},\"thumbnailUrl\":\"https:\/\/lfsevilla.com\/wp-content\/uploads\/2025\/05\/Liceo-frances-de-Sevilla-I-Olimpiadas-Ingenieria.jpeg\",\"articleSection\":[\"Actualit\u00e9s\",\"Ev\u00e9nements\",\"Nouvelles\"],\"inLanguage\":\"fr-FR\"},{\"@type\":\"WebPage\",\"@id\":\"https:\/\/lfsevilla.com\/fr\/le-lycee-francais-de-seville-recompense-lors-de-la-iere-olympiade-des-ingenieries-dans-le-domaine-industriel\/\",\"url\":\"https:\/\/lfsevilla.com\/fr\/le-lycee-francais-de-seville-recompense-lors-de-la-iere-olympiade-des-ingenieries-dans-le-domaine-industriel\/\",\"name\":\"Le Lyc\u00e9e Fran\u00e7ais de S\u00e9ville r\u00e9compens\u00e9 lors de la I\u00e8re Olympiade des Ing\u00e9nieries dans le Domaine Industriel - Lyc\u00e9e Fran\u00e7ais de S\u00e9ville | Colegio privado biling\u00fce en Sevilla\",\"isPartOf\":{\"@id\":\"https:\/\/lfsevilla.com\/#website\"},\"primaryImageOfPage\":{\"@id\":\"https:\/\/lfsevilla.com\/fr\/le-lycee-francais-de-seville-recompense-lors-de-la-iere-olympiade-des-ingenieries-dans-le-domaine-industriel\/#primaryimage\"},\"image\":{\"@id\":\"https:\/\/lfsevilla.com\/fr\/le-lycee-francais-de-seville-recompense-lors-de-la-iere-olympiade-des-ingenieries-dans-le-domaine-industriel\/#primaryimage\"},\"thumbnailUrl\":\"https:\/\/lfsevilla.com\/wp-content\/uploads\/2025\/05\/Liceo-frances-de-Sevilla-I-Olimpiadas-Ingenieria.jpeg\",\"datePublished\":\"2025-05-19T17:16:34+00:00\",\"dateModified\":\"2025-05-19T17:16:37+00:00\",\"breadcrumb\":{\"@id\":\"https:\/\/lfsevilla.com\/fr\/le-lycee-francais-de-seville-recompense-lors-de-la-iere-olympiade-des-ingenieries-dans-le-domaine-industriel\/#breadcrumb\"},\"inLanguage\":\"fr-FR\",\"potentialAction\":[{\"@type\":\"ReadAction\",\"target\":[\"https:\/\/lfsevilla.com\/fr\/le-lycee-francais-de-seville-recompense-lors-de-la-iere-olympiade-des-ingenieries-dans-le-domaine-industriel\/\"]}]},{\"@type\":\"ImageObject\",\"inLanguage\":\"fr-FR\",\"@id\":\"https:\/\/lfsevilla.com\/fr\/le-lycee-francais-de-seville-recompense-lors-de-la-iere-olympiade-des-ingenieries-dans-le-domaine-industriel\/#primaryimage\",\"url\":\"https:\/\/lfsevilla.com\/wp-content\/uploads\/2025\/05\/Liceo-frances-de-Sevilla-I-Olimpiadas-Ingenieria.jpeg\",\"contentUrl\":\"https:\/\/lfsevilla.com\/wp-content\/uploads\/2025\/05\/Liceo-frances-de-Sevilla-I-Olimpiadas-Ingenieria.jpeg\",\"width\":1600,\"height\":1201,\"caption\":\"Liceo franc\u00e9s de Sevilla - I Olimpiadas Ingenieria\"},{\"@type\":\"BreadcrumbList\",\"@id\":\"https:\/\/lfsevilla.com\/fr\/le-lycee-francais-de-seville-recompense-lors-de-la-iere-olympiade-des-ingenieries-dans-le-domaine-industriel\/#breadcrumb\",\"itemListElement\":[{\"@type\":\"ListItem\",\"position\":1,\"name\":\"Portada\",\"item\":\"https:\/\/lfsevilla.com\/fr\/\"},{\"@type\":\"ListItem\",\"position\":2,\"name\":\"Le Lyc\u00e9e Fran\u00e7ais de S\u00e9ville r\u00e9compens\u00e9 lors de la I\u00e8re Olympiade des Ing\u00e9nieries dans le Domaine Industriel\"}]},{\"@type\":\"WebSite\",\"@id\":\"https:\/\/lfsevilla.com\/#website\",\"url\":\"https:\/\/lfsevilla.com\/\",\"name\":\"Lyc\u00e9e Fran\u00e7ais de S\u00e9ville | Colegio privado internacional triling\u00fce en Sevilla\",\"description\":\"El Liceo franc\u00e9s de Sevilla ofrece una ense\u00f1anza pluriling\u00fce (ingl\u00e9s, franc\u00e9s y espa\u00f1ol), multicultural y respetuosa con las libertades individuales.\",\"publisher\":{\"@id\":\"https:\/\/lfsevilla.com\/#organization\"},\"potentialAction\":[{\"@type\":\"SearchAction\",\"target\":{\"@type\":\"EntryPoint\",\"urlTemplate\":\"https:\/\/lfsevilla.com\/?s={search_term_string}\"},\"query-input\":{\"@type\":\"PropertyValueSpecification\",\"valueRequired\":true,\"valueName\":\"search_term_string\"}}],\"inLanguage\":\"fr-FR\"},{\"@type\":\"Organization\",\"@id\":\"https:\/\/lfsevilla.com\/#organization\",\"name\":\"Lyc\u00e9e Fran\u00e7ais International de S\u00e9ville\",\"url\":\"https:\/\/lfsevilla.com\/\",\"logo\":{\"@type\":\"ImageObject\",\"inLanguage\":\"fr-FR\",\"@id\":\"https:\/\/lfsevilla.com\/#\/schema\/logo\/image\/\",\"url\":\"https:\/\/lfsevilla.com\/wp-content\/uploads\/2023\/05\/Logo-Liceo-Frances-de-Sevilla-223x223-1.jpg\",\"contentUrl\":\"https:\/\/lfsevilla.com\/wp-content\/uploads\/2023\/05\/Logo-Liceo-Frances-de-Sevilla-223x223-1.jpg\",\"width\":223,\"height\":223,\"caption\":\"Lyc\u00e9e Fran\u00e7ais International de S\u00e9ville\"},\"image\":{\"@id\":\"https:\/\/lfsevilla.com\/#\/schema\/logo\/image\/\"},\"sameAs\":[\"https:\/\/www.facebook.com\/LiceoFrancesSevilla\/\",\"https:\/\/x.com\/lfsevilla\",\"https:\/\/www.linkedin.com\/company\/liceo-francs-internacional-de-sevilla\/\",\"https:\/\/www.instagram.com\/liceofrancessevilla\/\",\"https:\/\/www.youtube.com\/@liceofrancessevilla1124\"]},{\"@type\":\"Person\",\"@id\":\"https:\/\/lfsevilla.com\/#\/schema\/person\/ead715d6b1b6b2cb0bb6f7a06675d093\",\"name\":\"LFS\",\"image\":{\"@type\":\"ImageObject\",\"inLanguage\":\"fr-FR\",\"@id\":\"https:\/\/lfsevilla.com\/#\/schema\/person\/image\/\",\"url\":\"https:\/\/secure.gravatar.com\/avatar\/2b2587b6982746a9eb2cb62bda174a08069748c2251c7ca9b6e683d4aab29597?s=96&d=mm&r=g\",\"contentUrl\":\"https:\/\/secure.gravatar.com\/avatar\/2b2587b6982746a9eb2cb62bda174a08069748c2251c7ca9b6e683d4aab29597?s=96&d=mm&r=g\",\"caption\":\"LFS\"},\"url\":\"https:\/\/lfsevilla.com\/fr\/author\/weblfsevilla-com\/\"}]}<\/script>\n<!-- \/ Yoast SEO plugin. -->","yoast_head_json":{"title":"Le Lyc\u00e9e Fran\u00e7ais de S\u00e9ville r\u00e9compens\u00e9 lors de la I\u00e8re Olympiade des Ing\u00e9nieries dans le Domaine Industriel - Lyc\u00e9e Fran\u00e7ais de S\u00e9ville | Colegio privado biling\u00fce en Sevilla","robots":{"index":"index","follow":"follow","max-snippet":"max-snippet:-1","max-image-preview":"max-image-preview:large","max-video-preview":"max-video-preview:-1"},"canonical":"https:\/\/lfsevilla.com\/fr\/le-lycee-francais-de-seville-recompense-lors-de-la-iere-olympiade-des-ingenieries-dans-le-domaine-industriel\/","og_locale":"fr_FR","og_type":"article","og_title":"Le Lyc\u00e9e Fran\u00e7ais de S\u00e9ville r\u00e9compens\u00e9 lors de la I\u00e8re Olympiade des Ing\u00e9nieries dans le Domaine Industriel - Lyc\u00e9e Fran\u00e7ais de S\u00e9ville | Colegio privado biling\u00fce en Sevilla","og_description":"C\u2019est avec une immense fiert\u00e9 que nous annon\u00e7ons que l\u2019\u00e9quipe du Lyc\u00e9e Fran\u00e7ais de S\u00e9ville a remport\u00e9 le 2\u1d49 prix dans la cat\u00e9gorie Coll\u00e8ge (ESO) lors de la I\u00e8re Olympiade des Ing\u00e9nieries dans le Domaine Industriel, organis\u00e9e par l\u2019\u00c9cole Polytechnique Sup\u00e9rieure de l\u2019Universit\u00e9 de S\u00e9ville. L\u2019\u00e9v\u00e9nement, qui a rassembl\u00e9 41 \u00e9l\u00e8ves issus de 12 \u00e9tablissements [&hellip;]","og_url":"https:\/\/lfsevilla.com\/fr\/le-lycee-francais-de-seville-recompense-lors-de-la-iere-olympiade-des-ingenieries-dans-le-domaine-industriel\/","og_site_name":"Lyc\u00e9e Fran\u00e7ais de S\u00e9ville | Colegio privado biling\u00fce en Sevilla","article_publisher":"https:\/\/www.facebook.com\/LiceoFrancesSevilla\/","article_published_time":"2025-05-19T17:16:34+00:00","article_modified_time":"2025-05-19T17:16:37+00:00","og_image":[{"width":1600,"height":1201,"url":"https:\/\/lfsevilla.com\/wp-content\/uploads\/2025\/05\/Liceo-frances-de-Sevilla-I-Olimpiadas-Ingenieria.jpeg","type":"image\/jpeg"}],"author":"LFS","twitter_card":"summary_large_image","twitter_creator":"@lfsevilla","twitter_site":"@lfsevilla","twitter_misc":{"\u00c9crit par":"LFS","Dur\u00e9e de lecture estim\u00e9e":"1 minute"},"schema":{"@context":"https:\/\/schema.org","@graph":[{"@type":"Article","@id":"https:\/\/lfsevilla.com\/fr\/le-lycee-francais-de-seville-recompense-lors-de-la-iere-olympiade-des-ingenieries-dans-le-domaine-industriel\/#article","isPartOf":{"@id":"https:\/\/lfsevilla.com\/fr\/le-lycee-francais-de-seville-recompense-lors-de-la-iere-olympiade-des-ingenieries-dans-le-domaine-industriel\/"},"author":{"name":"LFS","@id":"https:\/\/lfsevilla.com\/#\/schema\/person\/ead715d6b1b6b2cb0bb6f7a06675d093"},"headline":"Le Lyc\u00e9e Fran\u00e7ais de S\u00e9ville r\u00e9compens\u00e9 lors de la I\u00e8re Olympiade des Ing\u00e9nieries dans le Domaine Industriel","datePublished":"2025-05-19T17:16:34+00:00","dateModified":"2025-05-19T17:16:37+00:00","mainEntityOfPage":{"@id":"https:\/\/lfsevilla.com\/fr\/le-lycee-francais-de-seville-recompense-lors-de-la-iere-olympiade-des-ingenieries-dans-le-domaine-industriel\/"},"wordCount":249,"publisher":{"@id":"https:\/\/lfsevilla.com\/#organization"},"image":{"@id":"https:\/\/lfsevilla.com\/fr\/le-lycee-francais-de-seville-recompense-lors-de-la-iere-olympiade-des-ingenieries-dans-le-domaine-industriel\/#primaryimage"},"thumbnailUrl":"https:\/\/lfsevilla.com\/wp-content\/uploads\/2025\/05\/Liceo-frances-de-Sevilla-I-Olimpiadas-Ingenieria.jpeg","articleSection":["Actualit\u00e9s","Ev\u00e9nements","Nouvelles"],"inLanguage":"fr-FR"},{"@type":"WebPage","@id":"https:\/\/lfsevilla.com\/fr\/le-lycee-francais-de-seville-recompense-lors-de-la-iere-olympiade-des-ingenieries-dans-le-domaine-industriel\/","url":"https:\/\/lfsevilla.com\/fr\/le-lycee-francais-de-seville-recompense-lors-de-la-iere-olympiade-des-ingenieries-dans-le-domaine-industriel\/","name":"Le Lyc\u00e9e Fran\u00e7ais de S\u00e9ville r\u00e9compens\u00e9 lors de la I\u00e8re Olympiade des Ing\u00e9nieries dans le Domaine Industriel - Lyc\u00e9e Fran\u00e7ais de S\u00e9ville | Colegio privado biling\u00fce en Sevilla","isPartOf":{"@id":"https:\/\/lfsevilla.com\/#website"},"primaryImageOfPage":{"@id":"https:\/\/lfsevilla.com\/fr\/le-lycee-francais-de-seville-recompense-lors-de-la-iere-olympiade-des-ingenieries-dans-le-domaine-industriel\/#primaryimage"},"image":{"@id":"https:\/\/lfsevilla.com\/fr\/le-lycee-francais-de-seville-recompense-lors-de-la-iere-olympiade-des-ingenieries-dans-le-domaine-industriel\/#primaryimage"},"thumbnailUrl":"https:\/\/lfsevilla.com\/wp-content\/uploads\/2025\/05\/Liceo-frances-de-Sevilla-I-Olimpiadas-Ingenieria.jpeg","datePublished":"2025-05-19T17:16:34+00:00","dateModified":"2025-05-19T17:16:37+00:00","breadcrumb":{"@id":"https:\/\/lfsevilla.com\/fr\/le-lycee-francais-de-seville-recompense-lors-de-la-iere-olympiade-des-ingenieries-dans-le-domaine-industriel\/#breadcrumb"},"inLanguage":"fr-FR","potentialAction":[{"@type":"ReadAction","target":["https:\/\/lfsevilla.com\/fr\/le-lycee-francais-de-seville-recompense-lors-de-la-iere-olympiade-des-ingenieries-dans-le-domaine-industriel\/"]}]},{"@type":"ImageObject","inLanguage":"fr-FR","@id":"https:\/\/lfsevilla.com\/fr\/le-lycee-francais-de-seville-recompense-lors-de-la-iere-olympiade-des-ingenieries-dans-le-domaine-industriel\/#primaryimage","url":"https:\/\/lfsevilla.com\/wp-content\/uploads\/2025\/05\/Liceo-frances-de-Sevilla-I-Olimpiadas-Ingenieria.jpeg","contentUrl":"https:\/\/lfsevilla.com\/wp-content\/uploads\/2025\/05\/Liceo-frances-de-Sevilla-I-Olimpiadas-Ingenieria.jpeg","width":1600,"height":1201,"caption":"Liceo franc\u00e9s de Sevilla - I Olimpiadas Ingenieria"},{"@type":"BreadcrumbList","@id":"https:\/\/lfsevilla.com\/fr\/le-lycee-francais-de-seville-recompense-lors-de-la-iere-olympiade-des-ingenieries-dans-le-domaine-industriel\/#breadcrumb","itemListElement":[{"@type":"ListItem","position":1,"name":"Portada","item":"https:\/\/lfsevilla.com\/fr\/"},{"@type":"ListItem","position":2,"name":"Le Lyc\u00e9e Fran\u00e7ais de S\u00e9ville r\u00e9compens\u00e9 lors de la I\u00e8re Olympiade des Ing\u00e9nieries dans le Domaine Industriel"}]},{"@type":"WebSite","@id":"https:\/\/lfsevilla.com\/#website","url":"https:\/\/lfsevilla.com\/","name":"Lyc\u00e9e Fran\u00e7ais de S\u00e9ville | Colegio privado internacional triling\u00fce en Sevilla","description":"El Liceo franc\u00e9s de Sevilla ofrece una ense\u00f1anza pluriling\u00fce (ingl\u00e9s, franc\u00e9s y espa\u00f1ol), multicultural y respetuosa con las libertades individuales.","publisher":{"@id":"https:\/\/lfsevilla.com\/#organization"},"potentialAction":[{"@type":"SearchAction","target":{"@type":"EntryPoint","urlTemplate":"https:\/\/lfsevilla.com\/?s={search_term_string}"},"query-input":{"@type":"PropertyValueSpecification","valueRequired":true,"valueName":"search_term_string"}}],"inLanguage":"fr-FR"},{"@type":"Organization","@id":"https:\/\/lfsevilla.com\/#organization","name":"Lyc\u00e9e Fran\u00e7ais International de S\u00e9ville","url":"https:\/\/lfsevilla.com\/","logo":{"@type":"ImageObject","inLanguage":"fr-FR","@id":"https:\/\/lfsevilla.com\/#\/schema\/logo\/image\/","url":"https:\/\/lfsevilla.com\/wp-content\/uploads\/2023\/05\/Logo-Liceo-Frances-de-Sevilla-223x223-1.jpg","contentUrl":"https:\/\/lfsevilla.com\/wp-content\/uploads\/2023\/05\/Logo-Liceo-Frances-de-Sevilla-223x223-1.jpg","width":223,"height":223,"caption":"Lyc\u00e9e Fran\u00e7ais International de S\u00e9ville"},"image":{"@id":"https:\/\/lfsevilla.com\/#\/schema\/logo\/image\/"},"sameAs":["https:\/\/www.facebook.com\/LiceoFrancesSevilla\/","https:\/\/x.com\/lfsevilla","https:\/\/www.linkedin.com\/company\/liceo-francs-internacional-de-sevilla\/","https:\/\/www.instagram.com\/liceofrancessevilla\/","https:\/\/www.youtube.com\/@liceofrancessevilla1124"]},{"@type":"Person","@id":"https:\/\/lfsevilla.com\/#\/schema\/person\/ead715d6b1b6b2cb0bb6f7a06675d093","name":"LFS","image":{"@type":"ImageObject","inLanguage":"fr-FR","@id":"https:\/\/lfsevilla.com\/#\/schema\/person\/image\/","url":"https:\/\/secure.gravatar.com\/avatar\/2b2587b6982746a9eb2cb62bda174a08069748c2251c7ca9b6e683d4aab29597?s=96&d=mm&r=g","contentUrl":"https:\/\/secure.gravatar.com\/avatar\/2b2587b6982746a9eb2cb62bda174a08069748c2251c7ca9b6e683d4aab29597?s=96&d=mm&r=g","caption":"LFS"},"url":"https:\/\/lfsevilla.com\/fr\/author\/weblfsevilla-com\/"}]}},"_links":{"self":[{"href":"https:\/\/lfsevilla.com\/fr\/wp-json\/wp\/v2\/posts\/15423","targetHints":{"allow":["GET"]}}],"collection":[{"href":"https:\/\/lfsevilla.com\/fr\/wp-json\/wp\/v2\/posts"}],"about":[{"href":"https:\/\/lfsevilla.com\/fr\/wp-json\/wp\/v2\/types\/post"}],"author":[{"embeddable":true,"href":"https:\/\/lfsevilla.com\/fr\/wp-json\/wp\/v2\/users\/2"}],"replies":[{"embeddable":true,"href":"https:\/\/lfsevilla.com\/fr\/wp-json\/wp\/v2\/comments?post=15423"}],"version-history":[{"count":1,"href":"https:\/\/lfsevilla.com\/fr\/wp-json\/wp\/v2\/posts\/15423\/revisions"}],"predecessor-version":[{"id":15424,"href":"https:\/\/lfsevilla.com\/fr\/wp-json\/wp\/v2\/posts\/15423\/revisions\/15424"}],"wp:featuredmedia":[{"embeddable":true,"href":"https:\/\/lfsevilla.com\/fr\/wp-json\/wp\/v2\/media\/15421"}],"wp:attachment":[{"href":"https:\/\/lfsevilla.com\/fr\/wp-json\/wp\/v2\/media?parent=15423"}],"wp:term":[{"taxonomy":"category","embeddable":true,"href":"https:\/\/lfsevilla.com\/fr\/wp-json\/wp\/v2\/categories?post=15423"},{"taxonomy":"post_tag","embeddable":true,"href":"https:\/\/lfsevilla.com\/fr\/wp-json\/wp\/v2\/tags?post=15423"}],"curies":[{"name":"wp","href":"https:\/\/api.w.org\/{rel}","templated":true}]}}