{"id":15375,"date":"2025-05-02T07:59:10","date_gmt":"2025-05-02T05:59:10","guid":{"rendered":"https:\/\/lfsevilla.com\/echange-international-nos-eleves-de-seconde-decouvrent-toronto\/"},"modified":"2025-05-02T07:59:12","modified_gmt":"2025-05-02T05:59:12","slug":"echange-international-nos-eleves-de-seconde-decouvrent-toronto","status":"publish","type":"post","link":"https:\/\/lfsevilla.com\/fr\/echange-international-nos-eleves-de-seconde-decouvrent-toronto\/","title":{"rendered":"\u00c9change International : Nos \u00c9l\u00e8ves de Seconde D\u00e9couvrent Toronto"},"content":{"rendered":"\n<p><p>En ce moment, un groupe d\u2019\u00e9l\u00e8ves de <strong data-start=\"177\" data-end=\"188\">Seconde<\/strong> du Lyc\u00e9e Fran\u00e7ais International de S\u00e9ville vit une exp\u00e9rience inoubliable : un voyage d\u2019\u00e9change scolaire \u00e0 <strong data-start=\"296\" data-end=\"318\">Toronto, au Canada<\/strong>.<\/p><\/p>\n\n<p>Tout au long de leur s\u00e9jour, nos \u00e9l\u00e8ves d\u00e9veloppent leurs comp\u00e9tences linguistiques en fran\u00e7ais et en anglais, tout en d\u00e9couvrant la culture canadienne de mani\u00e8re authentique. H\u00e9berg\u00e9s dans des familles locales, ils assistent \u00e0 des cours dans un lyc\u00e9e francophone et participent \u00e0 de nombreuses activit\u00e9s culturelles et \u00e9ducatives.<\/p>\n\n<p><p>Au programme : visites de la <strong data-start=\"683\" data-end=\"695\">CN Tower<\/strong>, du <strong data-start=\"700\" data-end=\"724\">Royal Ontario Museum<\/strong> et des <strong data-start=\"732\" data-end=\"753\">chutes du Niagara<\/strong>, ateliers artistiques, rencontres avec des jeunes venus d\u2019autres pays\u2026 Un ensemble d\u2019exp\u00e9riences riches qui \u00e9largissent leur regard sur le monde et renforcent leur autonomie.<\/p><\/p>\n\n<p><p>Cet \u00e9change s\u2019inscrit pleinement dans l\u2019engagement de notre \u00e9tablissement pour une <strong data-start=\"1013\" data-end=\"1078\">\u00e9ducation internationale, plurilingue et ouverte sur le monde<\/strong>, o\u00f9 l\u2019apprentissage d\u00e9passe les murs de la classe pour devenir une aventure humaine et collective.<\/p><\/p>\n\n<p>Tr\u00e8s bient\u00f4t, nous partagerons sur nos r\u00e9seaux sociaux une s\u00e9lection de photos qui refl\u00e8tent la joie, la curiosit\u00e9 et l\u2019esprit de d\u00e9couverte de nos \u00e9l\u00e8ves \u00e0 Toronto. Restez connect\u00e9s !<\/p>\n","protected":false},"excerpt":{"rendered":"<p>En ce moment, un groupe d\u2019\u00e9l\u00e8ves de Seconde du Lyc\u00e9e Fran\u00e7ais International de S\u00e9ville vit une exp\u00e9rience inoubliable : un voyage d\u2019\u00e9change scolaire \u00e0 Toronto, au Canada. Tout au long de leur s\u00e9jour, nos \u00e9l\u00e8ves d\u00e9veloppent leurs comp\u00e9tences linguistiques en fran\u00e7ais et en anglais, tout en d\u00e9couvrant la culture canadienne de mani\u00e8re authentique. H\u00e9berg\u00e9s dans [&hellip;]<\/p>\n","protected":false},"author":2,"featured_media":15373,"comment_status":"closed","ping_status":"open","sticky":false,"template":"","format":"standard","meta":{"_et_pb_use_builder":"off","_et_pb_old_content":"","_et_gb_content_width":"","footnotes":""},"categories":[33],"tags":[],"class_list":["post-15375","post","type-post","status-publish","format-standard","has-post-thumbnail","hentry","category-evenements"],"yoast_head":"<!-- This site is optimized with the Yoast SEO plugin v27.0 - https:\/\/yoast.com\/product\/yoast-seo-wordpress\/ -->\n<title>\u00c9change International : Nos \u00c9l\u00e8ves de Seconde D\u00e9couvrent Toronto - Lyc\u00e9e Fran\u00e7ais de S\u00e9ville | Colegio privado biling\u00fce en Sevilla<\/title>\n<meta name=\"robots\" content=\"index, follow, max-snippet:-1, max-image-preview:large, max-video-preview:-1\" \/>\n<link rel=\"canonical\" href=\"https:\/\/lfsevilla.com\/fr\/echange-international-nos-eleves-de-seconde-decouvrent-toronto\/\" \/>\n<meta property=\"og:locale\" content=\"fr_FR\" \/>\n<meta property=\"og:type\" content=\"article\" \/>\n<meta property=\"og:title\" content=\"\u00c9change International : Nos \u00c9l\u00e8ves de Seconde D\u00e9couvrent Toronto - Lyc\u00e9e Fran\u00e7ais de S\u00e9ville | Colegio privado biling\u00fce en Sevilla\" \/>\n<meta property=\"og:description\" content=\"En ce moment, un groupe d\u2019\u00e9l\u00e8ves de Seconde du Lyc\u00e9e Fran\u00e7ais International de S\u00e9ville vit une exp\u00e9rience inoubliable : un voyage d\u2019\u00e9change scolaire \u00e0 Toronto, au Canada. Tout au long de leur s\u00e9jour, nos \u00e9l\u00e8ves d\u00e9veloppent leurs comp\u00e9tences linguistiques en fran\u00e7ais et en anglais, tout en d\u00e9couvrant la culture canadienne de mani\u00e8re authentique. H\u00e9berg\u00e9s dans [&hellip;]\" \/>\n<meta property=\"og:url\" content=\"https:\/\/lfsevilla.com\/fr\/echange-international-nos-eleves-de-seconde-decouvrent-toronto\/\" \/>\n<meta property=\"og:site_name\" content=\"Lyc\u00e9e Fran\u00e7ais de S\u00e9ville | Colegio privado biling\u00fce en Sevilla\" \/>\n<meta property=\"article:publisher\" content=\"https:\/\/www.facebook.com\/LiceoFrancesSevilla\/\" \/>\n<meta property=\"article:published_time\" content=\"2025-05-02T05:59:10+00:00\" \/>\n<meta property=\"article:modified_time\" content=\"2025-05-02T05:59:12+00:00\" \/>\n<meta property=\"og:image\" content=\"https:\/\/lfsevilla.com\/wp-content\/uploads\/2025\/05\/Salida-a-Toronto-Seconde-scaled.jpg\" \/>\n\t<meta property=\"og:image:width\" content=\"1920\" \/>\n\t<meta property=\"og:image:height\" content=\"2560\" \/>\n\t<meta property=\"og:image:type\" content=\"image\/jpeg\" \/>\n<meta name=\"author\" content=\"LFS\" \/>\n<meta name=\"twitter:card\" content=\"summary_large_image\" \/>\n<meta name=\"twitter:creator\" content=\"@lfsevilla\" \/>\n<meta name=\"twitter:site\" content=\"@lfsevilla\" \/>\n<meta name=\"twitter:label1\" content=\"\u00c9crit par\" \/>\n\t<meta name=\"twitter:data1\" content=\"LFS\" \/>\n\t<meta name=\"twitter:label2\" content=\"Dur\u00e9e de lecture estim\u00e9e\" \/>\n\t<meta name=\"twitter:data2\" content=\"1 minute\" \/>\n<script type=\"application\/ld+json\" class=\"yoast-schema-graph\">{\"@context\":\"https:\/\/schema.org\",\"@graph\":[{\"@type\":\"Article\",\"@id\":\"https:\/\/lfsevilla.com\/fr\/echange-international-nos-eleves-de-seconde-decouvrent-toronto\/#article\",\"isPartOf\":{\"@id\":\"https:\/\/lfsevilla.com\/fr\/echange-international-nos-eleves-de-seconde-decouvrent-toronto\/\"},\"author\":{\"name\":\"LFS\",\"@id\":\"https:\/\/lfsevilla.com\/#\/schema\/person\/ead715d6b1b6b2cb0bb6f7a06675d093\"},\"headline\":\"\u00c9change International : Nos \u00c9l\u00e8ves de Seconde D\u00e9couvrent Toronto\",\"datePublished\":\"2025-05-02T05:59:10+00:00\",\"dateModified\":\"2025-05-02T05:59:12+00:00\",\"mainEntityOfPage\":{\"@id\":\"https:\/\/lfsevilla.com\/fr\/echange-international-nos-eleves-de-seconde-decouvrent-toronto\/\"},\"wordCount\":218,\"publisher\":{\"@id\":\"https:\/\/lfsevilla.com\/#organization\"},\"image\":{\"@id\":\"https:\/\/lfsevilla.com\/fr\/echange-international-nos-eleves-de-seconde-decouvrent-toronto\/#primaryimage\"},\"thumbnailUrl\":\"https:\/\/lfsevilla.com\/wp-content\/uploads\/2025\/05\/Salida-a-Toronto-Seconde-scaled.jpg\",\"articleSection\":[\"Ev\u00e9nements\"],\"inLanguage\":\"fr-FR\"},{\"@type\":\"WebPage\",\"@id\":\"https:\/\/lfsevilla.com\/fr\/echange-international-nos-eleves-de-seconde-decouvrent-toronto\/\",\"url\":\"https:\/\/lfsevilla.com\/fr\/echange-international-nos-eleves-de-seconde-decouvrent-toronto\/\",\"name\":\"\u00c9change International : Nos \u00c9l\u00e8ves de Seconde D\u00e9couvrent Toronto - Lyc\u00e9e Fran\u00e7ais de S\u00e9ville | Colegio privado biling\u00fce en Sevilla\",\"isPartOf\":{\"@id\":\"https:\/\/lfsevilla.com\/#website\"},\"primaryImageOfPage\":{\"@id\":\"https:\/\/lfsevilla.com\/fr\/echange-international-nos-eleves-de-seconde-decouvrent-toronto\/#primaryimage\"},\"image\":{\"@id\":\"https:\/\/lfsevilla.com\/fr\/echange-international-nos-eleves-de-seconde-decouvrent-toronto\/#primaryimage\"},\"thumbnailUrl\":\"https:\/\/lfsevilla.com\/wp-content\/uploads\/2025\/05\/Salida-a-Toronto-Seconde-scaled.jpg\",\"datePublished\":\"2025-05-02T05:59:10+00:00\",\"dateModified\":\"2025-05-02T05:59:12+00:00\",\"breadcrumb\":{\"@id\":\"https:\/\/lfsevilla.com\/fr\/echange-international-nos-eleves-de-seconde-decouvrent-toronto\/#breadcrumb\"},\"inLanguage\":\"fr-FR\",\"potentialAction\":[{\"@type\":\"ReadAction\",\"target\":[\"https:\/\/lfsevilla.com\/fr\/echange-international-nos-eleves-de-seconde-decouvrent-toronto\/\"]}]},{\"@type\":\"ImageObject\",\"inLanguage\":\"fr-FR\",\"@id\":\"https:\/\/lfsevilla.com\/fr\/echange-international-nos-eleves-de-seconde-decouvrent-toronto\/#primaryimage\",\"url\":\"https:\/\/lfsevilla.com\/wp-content\/uploads\/2025\/05\/Salida-a-Toronto-Seconde-scaled.jpg\",\"contentUrl\":\"https:\/\/lfsevilla.com\/wp-content\/uploads\/2025\/05\/Salida-a-Toronto-Seconde-scaled.jpg\",\"width\":1920,\"height\":2560,\"caption\":\"Intercambio a Toronto\"},{\"@type\":\"BreadcrumbList\",\"@id\":\"https:\/\/lfsevilla.com\/fr\/echange-international-nos-eleves-de-seconde-decouvrent-toronto\/#breadcrumb\",\"itemListElement\":[{\"@type\":\"ListItem\",\"position\":1,\"name\":\"Portada\",\"item\":\"https:\/\/lfsevilla.com\/fr\/\"},{\"@type\":\"ListItem\",\"position\":2,\"name\":\"\u00c9change International : Nos \u00c9l\u00e8ves de Seconde D\u00e9couvrent Toronto\"}]},{\"@type\":\"WebSite\",\"@id\":\"https:\/\/lfsevilla.com\/#website\",\"url\":\"https:\/\/lfsevilla.com\/\",\"name\":\"Lyc\u00e9e Fran\u00e7ais de S\u00e9ville | Colegio privado internacional triling\u00fce en Sevilla\",\"description\":\"El Liceo franc\u00e9s de Sevilla ofrece una ense\u00f1anza pluriling\u00fce (ingl\u00e9s, franc\u00e9s y espa\u00f1ol), multicultural y respetuosa con las libertades individuales.\",\"publisher\":{\"@id\":\"https:\/\/lfsevilla.com\/#organization\"},\"potentialAction\":[{\"@type\":\"SearchAction\",\"target\":{\"@type\":\"EntryPoint\",\"urlTemplate\":\"https:\/\/lfsevilla.com\/?s={search_term_string}\"},\"query-input\":{\"@type\":\"PropertyValueSpecification\",\"valueRequired\":true,\"valueName\":\"search_term_string\"}}],\"inLanguage\":\"fr-FR\"},{\"@type\":\"Organization\",\"@id\":\"https:\/\/lfsevilla.com\/#organization\",\"name\":\"Lyc\u00e9e Fran\u00e7ais International de S\u00e9ville\",\"url\":\"https:\/\/lfsevilla.com\/\",\"logo\":{\"@type\":\"ImageObject\",\"inLanguage\":\"fr-FR\",\"@id\":\"https:\/\/lfsevilla.com\/#\/schema\/logo\/image\/\",\"url\":\"https:\/\/lfsevilla.com\/wp-content\/uploads\/2023\/05\/Logo-Liceo-Frances-de-Sevilla-223x223-1.jpg\",\"contentUrl\":\"https:\/\/lfsevilla.com\/wp-content\/uploads\/2023\/05\/Logo-Liceo-Frances-de-Sevilla-223x223-1.jpg\",\"width\":223,\"height\":223,\"caption\":\"Lyc\u00e9e Fran\u00e7ais International de S\u00e9ville\"},\"image\":{\"@id\":\"https:\/\/lfsevilla.com\/#\/schema\/logo\/image\/\"},\"sameAs\":[\"https:\/\/www.facebook.com\/LiceoFrancesSevilla\/\",\"https:\/\/x.com\/lfsevilla\",\"https:\/\/www.linkedin.com\/company\/liceo-francs-internacional-de-sevilla\/\",\"https:\/\/www.instagram.com\/liceofrancessevilla\/\",\"https:\/\/www.youtube.com\/@liceofrancessevilla1124\"]},{\"@type\":\"Person\",\"@id\":\"https:\/\/lfsevilla.com\/#\/schema\/person\/ead715d6b1b6b2cb0bb6f7a06675d093\",\"name\":\"LFS\",\"image\":{\"@type\":\"ImageObject\",\"inLanguage\":\"fr-FR\",\"@id\":\"https:\/\/lfsevilla.com\/#\/schema\/person\/image\/\",\"url\":\"https:\/\/secure.gravatar.com\/avatar\/2b2587b6982746a9eb2cb62bda174a08069748c2251c7ca9b6e683d4aab29597?s=96&d=mm&r=g\",\"contentUrl\":\"https:\/\/secure.gravatar.com\/avatar\/2b2587b6982746a9eb2cb62bda174a08069748c2251c7ca9b6e683d4aab29597?s=96&d=mm&r=g\",\"caption\":\"LFS\"},\"url\":\"https:\/\/lfsevilla.com\/fr\/author\/weblfsevilla-com\/\"}]}<\/script>\n<!-- \/ Yoast SEO plugin. -->","yoast_head_json":{"title":"\u00c9change International : Nos \u00c9l\u00e8ves de Seconde D\u00e9couvrent Toronto - Lyc\u00e9e Fran\u00e7ais de S\u00e9ville | Colegio privado biling\u00fce en Sevilla","robots":{"index":"index","follow":"follow","max-snippet":"max-snippet:-1","max-image-preview":"max-image-preview:large","max-video-preview":"max-video-preview:-1"},"canonical":"https:\/\/lfsevilla.com\/fr\/echange-international-nos-eleves-de-seconde-decouvrent-toronto\/","og_locale":"fr_FR","og_type":"article","og_title":"\u00c9change International : Nos \u00c9l\u00e8ves de Seconde D\u00e9couvrent Toronto - Lyc\u00e9e Fran\u00e7ais de S\u00e9ville | Colegio privado biling\u00fce en Sevilla","og_description":"En ce moment, un groupe d\u2019\u00e9l\u00e8ves de Seconde du Lyc\u00e9e Fran\u00e7ais International de S\u00e9ville vit une exp\u00e9rience inoubliable : un voyage d\u2019\u00e9change scolaire \u00e0 Toronto, au Canada. Tout au long de leur s\u00e9jour, nos \u00e9l\u00e8ves d\u00e9veloppent leurs comp\u00e9tences linguistiques en fran\u00e7ais et en anglais, tout en d\u00e9couvrant la culture canadienne de mani\u00e8re authentique. H\u00e9berg\u00e9s dans [&hellip;]","og_url":"https:\/\/lfsevilla.com\/fr\/echange-international-nos-eleves-de-seconde-decouvrent-toronto\/","og_site_name":"Lyc\u00e9e Fran\u00e7ais de S\u00e9ville | Colegio privado biling\u00fce en Sevilla","article_publisher":"https:\/\/www.facebook.com\/LiceoFrancesSevilla\/","article_published_time":"2025-05-02T05:59:10+00:00","article_modified_time":"2025-05-02T05:59:12+00:00","og_image":[{"width":1920,"height":2560,"url":"https:\/\/lfsevilla.com\/wp-content\/uploads\/2025\/05\/Salida-a-Toronto-Seconde-scaled.jpg","type":"image\/jpeg"}],"author":"LFS","twitter_card":"summary_large_image","twitter_creator":"@lfsevilla","twitter_site":"@lfsevilla","twitter_misc":{"\u00c9crit par":"LFS","Dur\u00e9e de lecture estim\u00e9e":"1 minute"},"schema":{"@context":"https:\/\/schema.org","@graph":[{"@type":"Article","@id":"https:\/\/lfsevilla.com\/fr\/echange-international-nos-eleves-de-seconde-decouvrent-toronto\/#article","isPartOf":{"@id":"https:\/\/lfsevilla.com\/fr\/echange-international-nos-eleves-de-seconde-decouvrent-toronto\/"},"author":{"name":"LFS","@id":"https:\/\/lfsevilla.com\/#\/schema\/person\/ead715d6b1b6b2cb0bb6f7a06675d093"},"headline":"\u00c9change International : Nos \u00c9l\u00e8ves de Seconde D\u00e9couvrent Toronto","datePublished":"2025-05-02T05:59:10+00:00","dateModified":"2025-05-02T05:59:12+00:00","mainEntityOfPage":{"@id":"https:\/\/lfsevilla.com\/fr\/echange-international-nos-eleves-de-seconde-decouvrent-toronto\/"},"wordCount":218,"publisher":{"@id":"https:\/\/lfsevilla.com\/#organization"},"image":{"@id":"https:\/\/lfsevilla.com\/fr\/echange-international-nos-eleves-de-seconde-decouvrent-toronto\/#primaryimage"},"thumbnailUrl":"https:\/\/lfsevilla.com\/wp-content\/uploads\/2025\/05\/Salida-a-Toronto-Seconde-scaled.jpg","articleSection":["Ev\u00e9nements"],"inLanguage":"fr-FR"},{"@type":"WebPage","@id":"https:\/\/lfsevilla.com\/fr\/echange-international-nos-eleves-de-seconde-decouvrent-toronto\/","url":"https:\/\/lfsevilla.com\/fr\/echange-international-nos-eleves-de-seconde-decouvrent-toronto\/","name":"\u00c9change International : Nos \u00c9l\u00e8ves de Seconde D\u00e9couvrent Toronto - Lyc\u00e9e Fran\u00e7ais de S\u00e9ville | Colegio privado biling\u00fce en Sevilla","isPartOf":{"@id":"https:\/\/lfsevilla.com\/#website"},"primaryImageOfPage":{"@id":"https:\/\/lfsevilla.com\/fr\/echange-international-nos-eleves-de-seconde-decouvrent-toronto\/#primaryimage"},"image":{"@id":"https:\/\/lfsevilla.com\/fr\/echange-international-nos-eleves-de-seconde-decouvrent-toronto\/#primaryimage"},"thumbnailUrl":"https:\/\/lfsevilla.com\/wp-content\/uploads\/2025\/05\/Salida-a-Toronto-Seconde-scaled.jpg","datePublished":"2025-05-02T05:59:10+00:00","dateModified":"2025-05-02T05:59:12+00:00","breadcrumb":{"@id":"https:\/\/lfsevilla.com\/fr\/echange-international-nos-eleves-de-seconde-decouvrent-toronto\/#breadcrumb"},"inLanguage":"fr-FR","potentialAction":[{"@type":"ReadAction","target":["https:\/\/lfsevilla.com\/fr\/echange-international-nos-eleves-de-seconde-decouvrent-toronto\/"]}]},{"@type":"ImageObject","inLanguage":"fr-FR","@id":"https:\/\/lfsevilla.com\/fr\/echange-international-nos-eleves-de-seconde-decouvrent-toronto\/#primaryimage","url":"https:\/\/lfsevilla.com\/wp-content\/uploads\/2025\/05\/Salida-a-Toronto-Seconde-scaled.jpg","contentUrl":"https:\/\/lfsevilla.com\/wp-content\/uploads\/2025\/05\/Salida-a-Toronto-Seconde-scaled.jpg","width":1920,"height":2560,"caption":"Intercambio a Toronto"},{"@type":"BreadcrumbList","@id":"https:\/\/lfsevilla.com\/fr\/echange-international-nos-eleves-de-seconde-decouvrent-toronto\/#breadcrumb","itemListElement":[{"@type":"ListItem","position":1,"name":"Portada","item":"https:\/\/lfsevilla.com\/fr\/"},{"@type":"ListItem","position":2,"name":"\u00c9change International : Nos \u00c9l\u00e8ves de Seconde D\u00e9couvrent Toronto"}]},{"@type":"WebSite","@id":"https:\/\/lfsevilla.com\/#website","url":"https:\/\/lfsevilla.com\/","name":"Lyc\u00e9e Fran\u00e7ais de S\u00e9ville | Colegio privado internacional triling\u00fce en Sevilla","description":"El Liceo franc\u00e9s de Sevilla ofrece una ense\u00f1anza pluriling\u00fce (ingl\u00e9s, franc\u00e9s y espa\u00f1ol), multicultural y respetuosa con las libertades individuales.","publisher":{"@id":"https:\/\/lfsevilla.com\/#organization"},"potentialAction":[{"@type":"SearchAction","target":{"@type":"EntryPoint","urlTemplate":"https:\/\/lfsevilla.com\/?s={search_term_string}"},"query-input":{"@type":"PropertyValueSpecification","valueRequired":true,"valueName":"search_term_string"}}],"inLanguage":"fr-FR"},{"@type":"Organization","@id":"https:\/\/lfsevilla.com\/#organization","name":"Lyc\u00e9e Fran\u00e7ais International de S\u00e9ville","url":"https:\/\/lfsevilla.com\/","logo":{"@type":"ImageObject","inLanguage":"fr-FR","@id":"https:\/\/lfsevilla.com\/#\/schema\/logo\/image\/","url":"https:\/\/lfsevilla.com\/wp-content\/uploads\/2023\/05\/Logo-Liceo-Frances-de-Sevilla-223x223-1.jpg","contentUrl":"https:\/\/lfsevilla.com\/wp-content\/uploads\/2023\/05\/Logo-Liceo-Frances-de-Sevilla-223x223-1.jpg","width":223,"height":223,"caption":"Lyc\u00e9e Fran\u00e7ais International de S\u00e9ville"},"image":{"@id":"https:\/\/lfsevilla.com\/#\/schema\/logo\/image\/"},"sameAs":["https:\/\/www.facebook.com\/LiceoFrancesSevilla\/","https:\/\/x.com\/lfsevilla","https:\/\/www.linkedin.com\/company\/liceo-francs-internacional-de-sevilla\/","https:\/\/www.instagram.com\/liceofrancessevilla\/","https:\/\/www.youtube.com\/@liceofrancessevilla1124"]},{"@type":"Person","@id":"https:\/\/lfsevilla.com\/#\/schema\/person\/ead715d6b1b6b2cb0bb6f7a06675d093","name":"LFS","image":{"@type":"ImageObject","inLanguage":"fr-FR","@id":"https:\/\/lfsevilla.com\/#\/schema\/person\/image\/","url":"https:\/\/secure.gravatar.com\/avatar\/2b2587b6982746a9eb2cb62bda174a08069748c2251c7ca9b6e683d4aab29597?s=96&d=mm&r=g","contentUrl":"https:\/\/secure.gravatar.com\/avatar\/2b2587b6982746a9eb2cb62bda174a08069748c2251c7ca9b6e683d4aab29597?s=96&d=mm&r=g","caption":"LFS"},"url":"https:\/\/lfsevilla.com\/fr\/author\/weblfsevilla-com\/"}]}},"_links":{"self":[{"href":"https:\/\/lfsevilla.com\/fr\/wp-json\/wp\/v2\/posts\/15375","targetHints":{"allow":["GET"]}}],"collection":[{"href":"https:\/\/lfsevilla.com\/fr\/wp-json\/wp\/v2\/posts"}],"about":[{"href":"https:\/\/lfsevilla.com\/fr\/wp-json\/wp\/v2\/types\/post"}],"author":[{"embeddable":true,"href":"https:\/\/lfsevilla.com\/fr\/wp-json\/wp\/v2\/users\/2"}],"replies":[{"embeddable":true,"href":"https:\/\/lfsevilla.com\/fr\/wp-json\/wp\/v2\/comments?post=15375"}],"version-history":[{"count":1,"href":"https:\/\/lfsevilla.com\/fr\/wp-json\/wp\/v2\/posts\/15375\/revisions"}],"predecessor-version":[{"id":15376,"href":"https:\/\/lfsevilla.com\/fr\/wp-json\/wp\/v2\/posts\/15375\/revisions\/15376"}],"wp:featuredmedia":[{"embeddable":true,"href":"https:\/\/lfsevilla.com\/fr\/wp-json\/wp\/v2\/media\/15373"}],"wp:attachment":[{"href":"https:\/\/lfsevilla.com\/fr\/wp-json\/wp\/v2\/media?parent=15375"}],"wp:term":[{"taxonomy":"category","embeddable":true,"href":"https:\/\/lfsevilla.com\/fr\/wp-json\/wp\/v2\/categories?post=15375"},{"taxonomy":"post_tag","embeddable":true,"href":"https:\/\/lfsevilla.com\/fr\/wp-json\/wp\/v2\/tags?post=15375"}],"curies":[{"name":"wp","href":"https:\/\/api.w.org\/{rel}","templated":true}]}}