{"id":15253,"date":"2025-03-10T19:31:38","date_gmt":"2025-03-10T18:31:38","guid":{"rendered":"https:\/\/lfsevilla.com\/etudiez-a-seville-une-annee-internationale-au-lycee-francais\/"},"modified":"2025-03-10T19:34:00","modified_gmt":"2025-03-10T18:34:00","slug":"etudiez-a-seville-une-annee-internationale-au-lycee-francais","status":"publish","type":"post","link":"https:\/\/lfsevilla.com\/fr\/etudiez-a-seville-une-annee-internationale-au-lycee-francais\/","title":{"rendered":"\u00c9tudiez \u00e0 S\u00e9ville : Une ann\u00e9e internationale au Lyc\u00e9e Fran\u00e7ais"},"content":{"rendered":"\n<h2 class=\"wp-block-heading\"><p><strong>Vivez une exp\u00e9rience unique au c\u0153ur de l&#8217;Andalousie<\/strong><\/p><\/h2>\n\n<p>Le Lyc\u00e9e Fran\u00e7ais International de S\u00e9ville offre aux \u00e9tudiants du monde entier l&#8217;opportunit\u00e9 de suivre une ann\u00e9e acad\u00e9mique en Seconde (\u00e9quivalent \u00e0 4e de l&#8217;ESO dans le syst\u00e8me espagnol), dans un environnement multiculturel, avec un enseignement d&#8217;excellence et une immersion totale dans la culture espagnole et francophone.<\/p>\n\n<p>Situ\u00e9 dans la vibrante ville de S\u00e9ville, notre lyc\u00e9e fait partie du r\u00e9seau AEFE (Agence pour l&#8217;Enseignement Fran\u00e7ais \u00e0 l&#8217;\u00c9tranger), garantissant une \u00e9ducation de qualit\u00e9, avec une m\u00e9thodologie alliant rigueur acad\u00e9mique, innovation p\u00e9dagogique et une vision internationale.<\/p>\n\n<h2 class=\"wp-block-heading\"><p><strong>Un environnement id\u00e9al pour l&#8217;apprentissage<\/strong><\/p><\/h2>\n\n<ul class=\"wp-block-list\">\n<li><p><strong>Excellence acad\u00e9mique<\/strong> : Notre programme suit le curriculum fran\u00e7ais, reconnu internationalement, permettant une transition fluide pour les \u00e9l\u00e8ves d&#8217;autres lyc\u00e9es fran\u00e7ais \u00e0 travers le monde.<\/p><\/li>\n\n\n\n<li><p><strong>Multiculturalit\u00e9<\/strong> : Avec des \u00e9l\u00e8ves de diff\u00e9rentes nationalit\u00e9s, notre lyc\u00e9e favorise les \u00e9changes culturels, encourageant l&#8217;ouverture au monde et la ma\u00eetrise de plusieurs langues.<\/p><\/li>\n\n\n\n<li><p><strong>Enseignement plurilingue<\/strong> : En plus du fran\u00e7ais, les \u00e9l\u00e8ves b\u00e9n\u00e9ficient d&#8217;une immersion approfondie en espagnol et d&#8217;un renforcement de l&#8217;anglais, les pr\u00e9parant \u00e0 un avenir globalis\u00e9.<\/p><\/li>\n<\/ul>\n\n<h2 class=\"wp-block-heading\"><p><strong>L&#8217;exp\u00e9rience de vivre \u00e0 S\u00e9ville<\/strong><\/p><\/h2>\n\n<p>S\u00e9ville est une ville vibrante et accueillante, avec un climat agr\u00e9able tout au long de l&#8217;ann\u00e9e, une riche histoire et un style de vie dynamique. Les \u00e9tudiants qui choisissent notre lyc\u00e9e ont l&#8217;opportunit\u00e9 de :<\/p>\n\n<ul class=\"wp-block-list\">\n<li>D\u00e9couvrir le patrimoine culturel andalou, avec des monuments tels que la Giralda, l&#8217;Alcazar et le quartier de Triana.<\/li>\n\n\n\n<li>Profiter d&#8217;activit\u00e9s sportives, artistiques et culturelles, \u00e0 l&#8217;int\u00e9rieur et \u00e0 l&#8217;ext\u00e9rieur du lyc\u00e9e.<\/li>\n\n\n\n<li>S&#8217;int\u00e9grer dans un environnement chaleureux et familial, accompagn\u00e9 par notre \u00e9quipe \u00e9ducative.<\/li>\n<\/ul>\n\n<h2 class=\"wp-block-heading\"><p><strong>Un tremplin pour l&#8217;avenir<\/strong><\/p><\/h2>\n\n<p>Suivre la Seconde au Lyc\u00e9e Fran\u00e7ais de S\u00e9ville est une exp\u00e9rience enrichissante sur le plan acad\u00e9mique et personnel. Notre programme de mobilit\u00e9 internationale permet aux \u00e9l\u00e8ves de :<\/p>\n\n<ul class=\"wp-block-list\">\n<li>Renforcer leur autonomie et leur capacit\u00e9 d&#8217;adaptation dans un nouveau milieu.<\/li>\n\n\n\n<li>D\u00e9velopper des comp\u00e9tences interculturelles essentielles dans un monde globalis\u00e9.<\/li>\n\n\n\n<li>\u00c9largir leurs opportunit\u00e9s \u00e9ducatives et professionnelles \u00e0 l&#8217;international.<\/li>\n<\/ul>\n\n<h2 class=\"wp-block-heading\"><p><strong>Comment participer ?<\/strong><\/p><\/h2>\n\n<p>Le Lyc\u00e9e Fran\u00e7ais de S\u00e9ville accueille chaque ann\u00e9e des \u00e9tudiants internationaux souhaitant r\u00e9aliser leur Seconde dans notre \u00e9tablissement. Si vous faites partie du r\u00e9seau AEFE ou si vous \u00e9tudiez dans un \u00e9tablissement avec un programme international, contactez-nous pour conna\u00eetre les exigences et le processus d&#8217;admission.<\/p>\n\n<p><p><strong>Rejoignez l&#8217;aventure internationale \u00e0 S\u00e9ville et vivez une ann\u00e9e inoubliable.<br\/><br\/><br\/><\/strong><a href=\"https:\/\/youtu.be\/EwNfsYLstQw?si=Vet8KbC2CeZ3kau\">https:\/\/youtu.be\/EwNfsYLstQw?si=Vet8KbC2CeZ3kau<\/a><\/p><\/p>\n","protected":false},"excerpt":{"rendered":"<p>Vivez une exp\u00e9rience unique au c\u0153ur de l&#8217;Andalousie Le Lyc\u00e9e Fran\u00e7ais International de S\u00e9ville offre aux \u00e9tudiants du monde entier l&#8217;opportunit\u00e9 de suivre une ann\u00e9e acad\u00e9mique en Seconde (\u00e9quivalent \u00e0 4e de l&#8217;ESO dans le syst\u00e8me espagnol), dans un environnement multiculturel, avec un enseignement d&#8217;excellence et une immersion totale dans la culture espagnole et francophone. [&hellip;]<\/p>\n","protected":false},"author":2,"featured_media":15250,"comment_status":"closed","ping_status":"open","sticky":false,"template":"","format":"standard","meta":{"_et_pb_use_builder":"off","_et_pb_old_content":"","_et_gb_content_width":"","footnotes":""},"categories":[33,32],"tags":[],"class_list":["post-15253","post","type-post","status-publish","format-standard","has-post-thumbnail","hentry","category-evenements","category-nouvelles"],"yoast_head":"<!-- This site is optimized with the Yoast SEO plugin v27.0 - https:\/\/yoast.com\/product\/yoast-seo-wordpress\/ -->\n<title>\u00c9tudiez \u00e0 S\u00e9ville : Une ann\u00e9e internationale au Lyc\u00e9e Fran\u00e7ais - Lyc\u00e9e Fran\u00e7ais de S\u00e9ville | Colegio privado biling\u00fce en Sevilla<\/title>\n<meta name=\"robots\" content=\"index, follow, max-snippet:-1, max-image-preview:large, max-video-preview:-1\" \/>\n<link rel=\"canonical\" href=\"https:\/\/lfsevilla.com\/fr\/etudiez-a-seville-une-annee-internationale-au-lycee-francais\/\" \/>\n<meta property=\"og:locale\" content=\"fr_FR\" \/>\n<meta property=\"og:type\" content=\"article\" \/>\n<meta property=\"og:title\" content=\"\u00c9tudiez \u00e0 S\u00e9ville : Une ann\u00e9e internationale au Lyc\u00e9e Fran\u00e7ais - Lyc\u00e9e Fran\u00e7ais de S\u00e9ville | Colegio privado biling\u00fce en Sevilla\" \/>\n<meta property=\"og:description\" content=\"Vivez une exp\u00e9rience unique au c\u0153ur de l&#8217;Andalousie Le Lyc\u00e9e Fran\u00e7ais International de S\u00e9ville offre aux \u00e9tudiants du monde entier l&#8217;opportunit\u00e9 de suivre une ann\u00e9e acad\u00e9mique en Seconde (\u00e9quivalent \u00e0 4e de l&#8217;ESO dans le syst\u00e8me espagnol), dans un environnement multiculturel, avec un enseignement d&#8217;excellence et une immersion totale dans la culture espagnole et francophone. [&hellip;]\" \/>\n<meta property=\"og:url\" content=\"https:\/\/lfsevilla.com\/fr\/etudiez-a-seville-une-annee-internationale-au-lycee-francais\/\" \/>\n<meta property=\"og:site_name\" content=\"Lyc\u00e9e Fran\u00e7ais de S\u00e9ville | Colegio privado biling\u00fce en Sevilla\" \/>\n<meta property=\"article:publisher\" content=\"https:\/\/www.facebook.com\/LiceoFrancesSevilla\/\" \/>\n<meta property=\"article:published_time\" content=\"2025-03-10T18:31:38+00:00\" \/>\n<meta property=\"article:modified_time\" content=\"2025-03-10T18:34:00+00:00\" \/>\n<meta property=\"og:image\" content=\"https:\/\/lfsevilla.com\/wp-content\/uploads\/2025\/03\/programmeinternational.jpg\" \/>\n\t<meta property=\"og:image:width\" content=\"1366\" \/>\n\t<meta property=\"og:image:height\" content=\"768\" \/>\n\t<meta property=\"og:image:type\" content=\"image\/jpeg\" \/>\n<meta name=\"author\" content=\"LFS\" \/>\n<meta name=\"twitter:card\" content=\"summary_large_image\" \/>\n<meta name=\"twitter:creator\" content=\"@lfsevilla\" \/>\n<meta name=\"twitter:site\" content=\"@lfsevilla\" \/>\n<meta name=\"twitter:label1\" content=\"\u00c9crit par\" \/>\n\t<meta name=\"twitter:data1\" content=\"LFS\" \/>\n\t<meta name=\"twitter:label2\" content=\"Dur\u00e9e de lecture estim\u00e9e\" \/>\n\t<meta name=\"twitter:data2\" content=\"2 minutes\" \/>\n<script type=\"application\/ld+json\" class=\"yoast-schema-graph\">{\"@context\":\"https:\/\/schema.org\",\"@graph\":[{\"@type\":\"Article\",\"@id\":\"https:\/\/lfsevilla.com\/fr\/etudiez-a-seville-une-annee-internationale-au-lycee-francais\/#article\",\"isPartOf\":{\"@id\":\"https:\/\/lfsevilla.com\/fr\/etudiez-a-seville-une-annee-internationale-au-lycee-francais\/\"},\"author\":{\"name\":\"LFS\",\"@id\":\"https:\/\/lfsevilla.com\/#\/schema\/person\/ead715d6b1b6b2cb0bb6f7a06675d093\"},\"headline\":\"\u00c9tudiez \u00e0 S\u00e9ville : Une ann\u00e9e internationale au Lyc\u00e9e Fran\u00e7ais\",\"datePublished\":\"2025-03-10T18:31:38+00:00\",\"dateModified\":\"2025-03-10T18:34:00+00:00\",\"mainEntityOfPage\":{\"@id\":\"https:\/\/lfsevilla.com\/fr\/etudiez-a-seville-une-annee-internationale-au-lycee-francais\/\"},\"wordCount\":465,\"publisher\":{\"@id\":\"https:\/\/lfsevilla.com\/#organization\"},\"image\":{\"@id\":\"https:\/\/lfsevilla.com\/fr\/etudiez-a-seville-une-annee-internationale-au-lycee-francais\/#primaryimage\"},\"thumbnailUrl\":\"https:\/\/lfsevilla.com\/wp-content\/uploads\/2025\/03\/programmeinternational.jpg\",\"articleSection\":[\"Ev\u00e9nements\",\"Nouvelles\"],\"inLanguage\":\"fr-FR\"},{\"@type\":\"WebPage\",\"@id\":\"https:\/\/lfsevilla.com\/fr\/etudiez-a-seville-une-annee-internationale-au-lycee-francais\/\",\"url\":\"https:\/\/lfsevilla.com\/fr\/etudiez-a-seville-une-annee-internationale-au-lycee-francais\/\",\"name\":\"\u00c9tudiez \u00e0 S\u00e9ville : Une ann\u00e9e internationale au Lyc\u00e9e Fran\u00e7ais - Lyc\u00e9e Fran\u00e7ais de S\u00e9ville | Colegio privado biling\u00fce en Sevilla\",\"isPartOf\":{\"@id\":\"https:\/\/lfsevilla.com\/#website\"},\"primaryImageOfPage\":{\"@id\":\"https:\/\/lfsevilla.com\/fr\/etudiez-a-seville-une-annee-internationale-au-lycee-francais\/#primaryimage\"},\"image\":{\"@id\":\"https:\/\/lfsevilla.com\/fr\/etudiez-a-seville-une-annee-internationale-au-lycee-francais\/#primaryimage\"},\"thumbnailUrl\":\"https:\/\/lfsevilla.com\/wp-content\/uploads\/2025\/03\/programmeinternational.jpg\",\"datePublished\":\"2025-03-10T18:31:38+00:00\",\"dateModified\":\"2025-03-10T18:34:00+00:00\",\"breadcrumb\":{\"@id\":\"https:\/\/lfsevilla.com\/fr\/etudiez-a-seville-une-annee-internationale-au-lycee-francais\/#breadcrumb\"},\"inLanguage\":\"fr-FR\",\"potentialAction\":[{\"@type\":\"ReadAction\",\"target\":[\"https:\/\/lfsevilla.com\/fr\/etudiez-a-seville-une-annee-internationale-au-lycee-francais\/\"]}]},{\"@type\":\"ImageObject\",\"inLanguage\":\"fr-FR\",\"@id\":\"https:\/\/lfsevilla.com\/fr\/etudiez-a-seville-une-annee-internationale-au-lycee-francais\/#primaryimage\",\"url\":\"https:\/\/lfsevilla.com\/wp-content\/uploads\/2025\/03\/programmeinternational.jpg\",\"contentUrl\":\"https:\/\/lfsevilla.com\/wp-content\/uploads\/2025\/03\/programmeinternational.jpg\",\"width\":1366,\"height\":768,\"caption\":\"programme international\"},{\"@type\":\"BreadcrumbList\",\"@id\":\"https:\/\/lfsevilla.com\/fr\/etudiez-a-seville-une-annee-internationale-au-lycee-francais\/#breadcrumb\",\"itemListElement\":[{\"@type\":\"ListItem\",\"position\":1,\"name\":\"Portada\",\"item\":\"https:\/\/lfsevilla.com\/fr\/\"},{\"@type\":\"ListItem\",\"position\":2,\"name\":\"\u00c9tudiez \u00e0 S\u00e9ville : Une ann\u00e9e internationale au Lyc\u00e9e Fran\u00e7ais\"}]},{\"@type\":\"WebSite\",\"@id\":\"https:\/\/lfsevilla.com\/#website\",\"url\":\"https:\/\/lfsevilla.com\/\",\"name\":\"Lyc\u00e9e Fran\u00e7ais de S\u00e9ville | Colegio privado internacional triling\u00fce en Sevilla\",\"description\":\"El Liceo franc\u00e9s de Sevilla ofrece una ense\u00f1anza pluriling\u00fce (ingl\u00e9s, franc\u00e9s y espa\u00f1ol), multicultural y respetuosa con las libertades individuales.\",\"publisher\":{\"@id\":\"https:\/\/lfsevilla.com\/#organization\"},\"potentialAction\":[{\"@type\":\"SearchAction\",\"target\":{\"@type\":\"EntryPoint\",\"urlTemplate\":\"https:\/\/lfsevilla.com\/?s={search_term_string}\"},\"query-input\":{\"@type\":\"PropertyValueSpecification\",\"valueRequired\":true,\"valueName\":\"search_term_string\"}}],\"inLanguage\":\"fr-FR\"},{\"@type\":\"Organization\",\"@id\":\"https:\/\/lfsevilla.com\/#organization\",\"name\":\"Lyc\u00e9e Fran\u00e7ais International de S\u00e9ville\",\"url\":\"https:\/\/lfsevilla.com\/\",\"logo\":{\"@type\":\"ImageObject\",\"inLanguage\":\"fr-FR\",\"@id\":\"https:\/\/lfsevilla.com\/#\/schema\/logo\/image\/\",\"url\":\"https:\/\/lfsevilla.com\/wp-content\/uploads\/2023\/05\/Logo-Liceo-Frances-de-Sevilla-223x223-1.jpg\",\"contentUrl\":\"https:\/\/lfsevilla.com\/wp-content\/uploads\/2023\/05\/Logo-Liceo-Frances-de-Sevilla-223x223-1.jpg\",\"width\":223,\"height\":223,\"caption\":\"Lyc\u00e9e Fran\u00e7ais International de S\u00e9ville\"},\"image\":{\"@id\":\"https:\/\/lfsevilla.com\/#\/schema\/logo\/image\/\"},\"sameAs\":[\"https:\/\/www.facebook.com\/LiceoFrancesSevilla\/\",\"https:\/\/x.com\/lfsevilla\",\"https:\/\/www.linkedin.com\/company\/liceo-francs-internacional-de-sevilla\/\",\"https:\/\/www.instagram.com\/liceofrancessevilla\/\",\"https:\/\/www.youtube.com\/@liceofrancessevilla1124\"]},{\"@type\":\"Person\",\"@id\":\"https:\/\/lfsevilla.com\/#\/schema\/person\/ead715d6b1b6b2cb0bb6f7a06675d093\",\"name\":\"LFS\",\"image\":{\"@type\":\"ImageObject\",\"inLanguage\":\"fr-FR\",\"@id\":\"https:\/\/lfsevilla.com\/#\/schema\/person\/image\/\",\"url\":\"https:\/\/secure.gravatar.com\/avatar\/2b2587b6982746a9eb2cb62bda174a08069748c2251c7ca9b6e683d4aab29597?s=96&d=mm&r=g\",\"contentUrl\":\"https:\/\/secure.gravatar.com\/avatar\/2b2587b6982746a9eb2cb62bda174a08069748c2251c7ca9b6e683d4aab29597?s=96&d=mm&r=g\",\"caption\":\"LFS\"},\"url\":\"https:\/\/lfsevilla.com\/fr\/author\/weblfsevilla-com\/\"}]}<\/script>\n<!-- \/ Yoast SEO plugin. -->","yoast_head_json":{"title":"\u00c9tudiez \u00e0 S\u00e9ville : Une ann\u00e9e internationale au Lyc\u00e9e Fran\u00e7ais - Lyc\u00e9e Fran\u00e7ais de S\u00e9ville | Colegio privado biling\u00fce en Sevilla","robots":{"index":"index","follow":"follow","max-snippet":"max-snippet:-1","max-image-preview":"max-image-preview:large","max-video-preview":"max-video-preview:-1"},"canonical":"https:\/\/lfsevilla.com\/fr\/etudiez-a-seville-une-annee-internationale-au-lycee-francais\/","og_locale":"fr_FR","og_type":"article","og_title":"\u00c9tudiez \u00e0 S\u00e9ville : Une ann\u00e9e internationale au Lyc\u00e9e Fran\u00e7ais - Lyc\u00e9e Fran\u00e7ais de S\u00e9ville | Colegio privado biling\u00fce en Sevilla","og_description":"Vivez une exp\u00e9rience unique au c\u0153ur de l&#8217;Andalousie Le Lyc\u00e9e Fran\u00e7ais International de S\u00e9ville offre aux \u00e9tudiants du monde entier l&#8217;opportunit\u00e9 de suivre une ann\u00e9e acad\u00e9mique en Seconde (\u00e9quivalent \u00e0 4e de l&#8217;ESO dans le syst\u00e8me espagnol), dans un environnement multiculturel, avec un enseignement d&#8217;excellence et une immersion totale dans la culture espagnole et francophone. [&hellip;]","og_url":"https:\/\/lfsevilla.com\/fr\/etudiez-a-seville-une-annee-internationale-au-lycee-francais\/","og_site_name":"Lyc\u00e9e Fran\u00e7ais de S\u00e9ville | Colegio privado biling\u00fce en Sevilla","article_publisher":"https:\/\/www.facebook.com\/LiceoFrancesSevilla\/","article_published_time":"2025-03-10T18:31:38+00:00","article_modified_time":"2025-03-10T18:34:00+00:00","og_image":[{"width":1366,"height":768,"url":"https:\/\/lfsevilla.com\/wp-content\/uploads\/2025\/03\/programmeinternational.jpg","type":"image\/jpeg"}],"author":"LFS","twitter_card":"summary_large_image","twitter_creator":"@lfsevilla","twitter_site":"@lfsevilla","twitter_misc":{"\u00c9crit par":"LFS","Dur\u00e9e de lecture estim\u00e9e":"2 minutes"},"schema":{"@context":"https:\/\/schema.org","@graph":[{"@type":"Article","@id":"https:\/\/lfsevilla.com\/fr\/etudiez-a-seville-une-annee-internationale-au-lycee-francais\/#article","isPartOf":{"@id":"https:\/\/lfsevilla.com\/fr\/etudiez-a-seville-une-annee-internationale-au-lycee-francais\/"},"author":{"name":"LFS","@id":"https:\/\/lfsevilla.com\/#\/schema\/person\/ead715d6b1b6b2cb0bb6f7a06675d093"},"headline":"\u00c9tudiez \u00e0 S\u00e9ville : Une ann\u00e9e internationale au Lyc\u00e9e Fran\u00e7ais","datePublished":"2025-03-10T18:31:38+00:00","dateModified":"2025-03-10T18:34:00+00:00","mainEntityOfPage":{"@id":"https:\/\/lfsevilla.com\/fr\/etudiez-a-seville-une-annee-internationale-au-lycee-francais\/"},"wordCount":465,"publisher":{"@id":"https:\/\/lfsevilla.com\/#organization"},"image":{"@id":"https:\/\/lfsevilla.com\/fr\/etudiez-a-seville-une-annee-internationale-au-lycee-francais\/#primaryimage"},"thumbnailUrl":"https:\/\/lfsevilla.com\/wp-content\/uploads\/2025\/03\/programmeinternational.jpg","articleSection":["Ev\u00e9nements","Nouvelles"],"inLanguage":"fr-FR"},{"@type":"WebPage","@id":"https:\/\/lfsevilla.com\/fr\/etudiez-a-seville-une-annee-internationale-au-lycee-francais\/","url":"https:\/\/lfsevilla.com\/fr\/etudiez-a-seville-une-annee-internationale-au-lycee-francais\/","name":"\u00c9tudiez \u00e0 S\u00e9ville : Une ann\u00e9e internationale au Lyc\u00e9e Fran\u00e7ais - Lyc\u00e9e Fran\u00e7ais de S\u00e9ville | Colegio privado biling\u00fce en Sevilla","isPartOf":{"@id":"https:\/\/lfsevilla.com\/#website"},"primaryImageOfPage":{"@id":"https:\/\/lfsevilla.com\/fr\/etudiez-a-seville-une-annee-internationale-au-lycee-francais\/#primaryimage"},"image":{"@id":"https:\/\/lfsevilla.com\/fr\/etudiez-a-seville-une-annee-internationale-au-lycee-francais\/#primaryimage"},"thumbnailUrl":"https:\/\/lfsevilla.com\/wp-content\/uploads\/2025\/03\/programmeinternational.jpg","datePublished":"2025-03-10T18:31:38+00:00","dateModified":"2025-03-10T18:34:00+00:00","breadcrumb":{"@id":"https:\/\/lfsevilla.com\/fr\/etudiez-a-seville-une-annee-internationale-au-lycee-francais\/#breadcrumb"},"inLanguage":"fr-FR","potentialAction":[{"@type":"ReadAction","target":["https:\/\/lfsevilla.com\/fr\/etudiez-a-seville-une-annee-internationale-au-lycee-francais\/"]}]},{"@type":"ImageObject","inLanguage":"fr-FR","@id":"https:\/\/lfsevilla.com\/fr\/etudiez-a-seville-une-annee-internationale-au-lycee-francais\/#primaryimage","url":"https:\/\/lfsevilla.com\/wp-content\/uploads\/2025\/03\/programmeinternational.jpg","contentUrl":"https:\/\/lfsevilla.com\/wp-content\/uploads\/2025\/03\/programmeinternational.jpg","width":1366,"height":768,"caption":"programme international"},{"@type":"BreadcrumbList","@id":"https:\/\/lfsevilla.com\/fr\/etudiez-a-seville-une-annee-internationale-au-lycee-francais\/#breadcrumb","itemListElement":[{"@type":"ListItem","position":1,"name":"Portada","item":"https:\/\/lfsevilla.com\/fr\/"},{"@type":"ListItem","position":2,"name":"\u00c9tudiez \u00e0 S\u00e9ville : Une ann\u00e9e internationale au Lyc\u00e9e Fran\u00e7ais"}]},{"@type":"WebSite","@id":"https:\/\/lfsevilla.com\/#website","url":"https:\/\/lfsevilla.com\/","name":"Lyc\u00e9e Fran\u00e7ais de S\u00e9ville | Colegio privado internacional triling\u00fce en Sevilla","description":"El Liceo franc\u00e9s de Sevilla ofrece una ense\u00f1anza pluriling\u00fce (ingl\u00e9s, franc\u00e9s y espa\u00f1ol), multicultural y respetuosa con las libertades individuales.","publisher":{"@id":"https:\/\/lfsevilla.com\/#organization"},"potentialAction":[{"@type":"SearchAction","target":{"@type":"EntryPoint","urlTemplate":"https:\/\/lfsevilla.com\/?s={search_term_string}"},"query-input":{"@type":"PropertyValueSpecification","valueRequired":true,"valueName":"search_term_string"}}],"inLanguage":"fr-FR"},{"@type":"Organization","@id":"https:\/\/lfsevilla.com\/#organization","name":"Lyc\u00e9e Fran\u00e7ais International de S\u00e9ville","url":"https:\/\/lfsevilla.com\/","logo":{"@type":"ImageObject","inLanguage":"fr-FR","@id":"https:\/\/lfsevilla.com\/#\/schema\/logo\/image\/","url":"https:\/\/lfsevilla.com\/wp-content\/uploads\/2023\/05\/Logo-Liceo-Frances-de-Sevilla-223x223-1.jpg","contentUrl":"https:\/\/lfsevilla.com\/wp-content\/uploads\/2023\/05\/Logo-Liceo-Frances-de-Sevilla-223x223-1.jpg","width":223,"height":223,"caption":"Lyc\u00e9e Fran\u00e7ais International de S\u00e9ville"},"image":{"@id":"https:\/\/lfsevilla.com\/#\/schema\/logo\/image\/"},"sameAs":["https:\/\/www.facebook.com\/LiceoFrancesSevilla\/","https:\/\/x.com\/lfsevilla","https:\/\/www.linkedin.com\/company\/liceo-francs-internacional-de-sevilla\/","https:\/\/www.instagram.com\/liceofrancessevilla\/","https:\/\/www.youtube.com\/@liceofrancessevilla1124"]},{"@type":"Person","@id":"https:\/\/lfsevilla.com\/#\/schema\/person\/ead715d6b1b6b2cb0bb6f7a06675d093","name":"LFS","image":{"@type":"ImageObject","inLanguage":"fr-FR","@id":"https:\/\/lfsevilla.com\/#\/schema\/person\/image\/","url":"https:\/\/secure.gravatar.com\/avatar\/2b2587b6982746a9eb2cb62bda174a08069748c2251c7ca9b6e683d4aab29597?s=96&d=mm&r=g","contentUrl":"https:\/\/secure.gravatar.com\/avatar\/2b2587b6982746a9eb2cb62bda174a08069748c2251c7ca9b6e683d4aab29597?s=96&d=mm&r=g","caption":"LFS"},"url":"https:\/\/lfsevilla.com\/fr\/author\/weblfsevilla-com\/"}]}},"_links":{"self":[{"href":"https:\/\/lfsevilla.com\/fr\/wp-json\/wp\/v2\/posts\/15253","targetHints":{"allow":["GET"]}}],"collection":[{"href":"https:\/\/lfsevilla.com\/fr\/wp-json\/wp\/v2\/posts"}],"about":[{"href":"https:\/\/lfsevilla.com\/fr\/wp-json\/wp\/v2\/types\/post"}],"author":[{"embeddable":true,"href":"https:\/\/lfsevilla.com\/fr\/wp-json\/wp\/v2\/users\/2"}],"replies":[{"embeddable":true,"href":"https:\/\/lfsevilla.com\/fr\/wp-json\/wp\/v2\/comments?post=15253"}],"version-history":[{"count":5,"href":"https:\/\/lfsevilla.com\/fr\/wp-json\/wp\/v2\/posts\/15253\/revisions"}],"predecessor-version":[{"id":15258,"href":"https:\/\/lfsevilla.com\/fr\/wp-json\/wp\/v2\/posts\/15253\/revisions\/15258"}],"wp:featuredmedia":[{"embeddable":true,"href":"https:\/\/lfsevilla.com\/fr\/wp-json\/wp\/v2\/media\/15250"}],"wp:attachment":[{"href":"https:\/\/lfsevilla.com\/fr\/wp-json\/wp\/v2\/media?parent=15253"}],"wp:term":[{"taxonomy":"category","embeddable":true,"href":"https:\/\/lfsevilla.com\/fr\/wp-json\/wp\/v2\/categories?post=15253"},{"taxonomy":"post_tag","embeddable":true,"href":"https:\/\/lfsevilla.com\/fr\/wp-json\/wp\/v2\/tags?post=15253"}],"curies":[{"name":"wp","href":"https:\/\/api.w.org\/{rel}","templated":true}]}}