{"id":15204,"date":"2025-02-08T10:48:28","date_gmt":"2025-02-08T09:48:28","guid":{"rendered":"https:\/\/lfsevilla.com\/echange-international-avec-rabat-une-experience-dapprentissage-et-de-culture\/"},"modified":"2025-02-08T10:48:33","modified_gmt":"2025-02-08T09:48:33","slug":"echange-international-avec-rabat-une-experience-dapprentissage-et-de-culture","status":"publish","type":"post","link":"https:\/\/lfsevilla.com\/fr\/echange-international-avec-rabat-une-experience-dapprentissage-et-de-culture\/","title":{"rendered":"\u00c9change International avec Rabat : Une Exp\u00e9rience d&#8217;Apprentissage et de Culture"},"content":{"rendered":"\n<p><p data-pm-slice=\"1 1 []\">Au Lyc\u00e9e Fran\u00e7ais de S\u00e9ville, nous croyons fermement en la valeur des \u00e9changes internationaux comme un outil essentiel pour l&#8217;apprentissage, le d\u00e9veloppement personnel et la sensibilisation globale de nos \u00e9l\u00e8ves. Dans le cadre de notre programme d&#8217;\u00e9changes, nous avons r\u00e9cemment eu l&#8217;honneur d&#8217;accueillir un groupe d&#8217;\u00e9tudiants du Lyc\u00e9e Fran\u00e7ais de Rabat, dans une rencontre qui a \u00e9t\u00e9 bien plus qu&#8217;un simple voyage : une exp\u00e9rience d&#8217;enrichissement culturel, linguistique et humain.<\/p>&#13;\n<p>Pendant leur s\u00e9jour \u00e0 S\u00e9ville, les \u00e9l\u00e8ves de Rabat ont partag\u00e9 des moments inoubliables avec nos \u00e9tudiants. \u00c0 travers diverses activit\u00e9s acad\u00e9miques, artistiques et culturelles, les deux groupes ont pu d\u00e9couvrir de nouvelles fa\u00e7ons d&#8217;apprendre, de communiquer et de comprendre le monde qui les entoure.<\/p>&#13;\n<p>L&#8217;un des moments forts de l&#8217;\u00e9change a \u00e9t\u00e9 la participation \u00e0 notre projet de webradio, o\u00f9 les \u00e9l\u00e8ves ont travaill\u00e9 ensemble \u00e0 la cr\u00e9ation de contenus, d&#8217;interviews et de reportages refl\u00e9tant leur exp\u00e9rience dans la ville et dans notre \u00e9tablissement. Cette initiative leur a non seulement permis d&#8217;am\u00e9liorer leurs comp\u00e9tences en communication, mais aussi de renforcer leur sens de la collaboration et du travail en \u00e9quipe.<\/p>&#13;\n<p>En plus des activit\u00e9s au lyc\u00e9e, nos invit\u00e9s ont eu l&#8217;occasion d&#8217;explorer S\u00e9ville, en visitant ses monuments les plus embl\u00e9matiques, en profitant de sa richesse historique et en s&#8217;immergeant dans la vie quotidienne de la ville. De la majestueuse Cath\u00e9drale et la Giralda \u00e0 l&#8217;ambiance vibrante du quartier de Triana, chaque coin de la ville a offert une nouvelle perspective et un apprentissage diff\u00e9rent.<\/p>&#13;\n<p>L&#8217;\u00e9change avec le Lyc\u00e9e Fran\u00e7ais de Rabat n&#8217;est qu&#8217;un des nombreux \u00e9changes faisant partie de notre programme international. Au Lyc\u00e9e Fran\u00e7ais de S\u00e9ville, nous encourageons activement ces exp\u00e9riences, car nous pensons qu&#8217;elles offrent \u00e0 nos \u00e9l\u00e8ves une ouverture sur le monde, favorisent le respect de la diversit\u00e9 et les pr\u00e9parent \u00e0 devenir des citoyens du monde.<\/p>&#13;\n<p>Nous remercions tous les \u00e9l\u00e8ves, professeurs et familles qui ont rendu cet \u00e9change possible et nous continuons \u00e0 travailler pour offrir de nouvelles opportunit\u00e9s enrichissant l&#8217;apprentissage de nos \u00e9tudiants. \u00c0 bient\u00f4t pour le prochain \u00e9change !<\/p>&#13;\n<p>#\u00c9changeInternational #Lyc\u00e9eFran\u00e7aiseville #ApprentissageGlobal #Culture #\u00c9ducation<\/p><\/p>\n\n<p><iframe title=\"Intercambio Internacional Rabat - Sevilla | Proyecto Webradio\" width=\"1080\" height=\"608\" src=\"https:\/\/www.youtube.com\/embed\/vhpY96VM7H8?feature=oembed\"  allow=\"accelerometer; autoplay; clipboard-write; encrypted-media; gyroscope; picture-in-picture; web-share\" referrerpolicy=\"strict-origin-when-cross-origin\" allowfullscreen><\/iframe><\/p>\n\n<p><\/p>\n\n<p><\/p>\n","protected":false},"excerpt":{"rendered":"<p>Au Lyc\u00e9e Fran\u00e7ais de S\u00e9ville, nous croyons fermement en la valeur des \u00e9changes internationaux comme un outil essentiel pour l&#8217;apprentissage, le d\u00e9veloppement personnel et la sensibilisation globale de nos \u00e9l\u00e8ves. Dans le cadre de notre programme d&#8217;\u00e9changes, nous avons r\u00e9cemment eu l&#8217;honneur d&#8217;accueillir un groupe d&#8217;\u00e9tudiants du Lyc\u00e9e Fran\u00e7ais de Rabat, dans une rencontre qui [&hellip;]<\/p>\n","protected":false},"author":2,"featured_media":15201,"comment_status":"closed","ping_status":"open","sticky":false,"template":"","format":"standard","meta":{"_et_pb_use_builder":"off","_et_pb_old_content":"","_et_gb_content_width":"","footnotes":""},"categories":[33],"tags":[],"class_list":["post-15204","post","type-post","status-publish","format-standard","has-post-thumbnail","hentry","category-evenements"],"yoast_head":"<!-- This site is optimized with the Yoast SEO plugin v27.0 - https:\/\/yoast.com\/product\/yoast-seo-wordpress\/ -->\n<title>\u00c9change International avec Rabat : Une Exp\u00e9rience d&#039;Apprentissage et de Culture - Lyc\u00e9e Fran\u00e7ais de S\u00e9ville | Colegio privado biling\u00fce en Sevilla<\/title>\n<meta name=\"robots\" content=\"index, follow, max-snippet:-1, max-image-preview:large, max-video-preview:-1\" \/>\n<link rel=\"canonical\" href=\"https:\/\/lfsevilla.com\/fr\/echange-international-avec-rabat-une-experience-dapprentissage-et-de-culture\/\" \/>\n<meta property=\"og:locale\" content=\"fr_FR\" \/>\n<meta property=\"og:type\" content=\"article\" \/>\n<meta property=\"og:title\" content=\"\u00c9change International avec Rabat : Une Exp\u00e9rience d&#039;Apprentissage et de Culture - Lyc\u00e9e Fran\u00e7ais de S\u00e9ville | Colegio privado biling\u00fce en Sevilla\" \/>\n<meta property=\"og:description\" content=\"Au Lyc\u00e9e Fran\u00e7ais de S\u00e9ville, nous croyons fermement en la valeur des \u00e9changes internationaux comme un outil essentiel pour l&#8217;apprentissage, le d\u00e9veloppement personnel et la sensibilisation globale de nos \u00e9l\u00e8ves. Dans le cadre de notre programme d&#8217;\u00e9changes, nous avons r\u00e9cemment eu l&#8217;honneur d&#8217;accueillir un groupe d&#8217;\u00e9tudiants du Lyc\u00e9e Fran\u00e7ais de Rabat, dans une rencontre qui [&hellip;]\" \/>\n<meta property=\"og:url\" content=\"https:\/\/lfsevilla.com\/fr\/echange-international-avec-rabat-une-experience-dapprentissage-et-de-culture\/\" \/>\n<meta property=\"og:site_name\" content=\"Lyc\u00e9e Fran\u00e7ais de S\u00e9ville | Colegio privado biling\u00fce en Sevilla\" \/>\n<meta property=\"article:publisher\" content=\"https:\/\/www.facebook.com\/LiceoFrancesSevilla\/\" \/>\n<meta property=\"article:published_time\" content=\"2025-02-08T09:48:28+00:00\" \/>\n<meta property=\"article:modified_time\" content=\"2025-02-08T09:48:33+00:00\" \/>\n<meta property=\"og:image\" content=\"https:\/\/lfsevilla.com\/wp-content\/uploads\/2025\/02\/Rabat-Sevilla.jpg\" \/>\n\t<meta property=\"og:image:width\" content=\"1361\" \/>\n\t<meta property=\"og:image:height\" content=\"767\" \/>\n\t<meta property=\"og:image:type\" content=\"image\/jpeg\" \/>\n<meta name=\"author\" content=\"LFS\" \/>\n<meta name=\"twitter:card\" content=\"summary_large_image\" \/>\n<meta name=\"twitter:creator\" content=\"@lfsevilla\" \/>\n<meta name=\"twitter:site\" content=\"@lfsevilla\" \/>\n<meta name=\"twitter:label1\" content=\"\u00c9crit par\" \/>\n\t<meta name=\"twitter:data1\" content=\"LFS\" \/>\n\t<meta name=\"twitter:label2\" content=\"Dur\u00e9e de lecture estim\u00e9e\" \/>\n\t<meta name=\"twitter:data2\" content=\"2 minutes\" \/>\n<script type=\"application\/ld+json\" class=\"yoast-schema-graph\">{\"@context\":\"https:\/\/schema.org\",\"@graph\":[{\"@type\":\"Article\",\"@id\":\"https:\/\/lfsevilla.com\/fr\/echange-international-avec-rabat-une-experience-dapprentissage-et-de-culture\/#article\",\"isPartOf\":{\"@id\":\"https:\/\/lfsevilla.com\/fr\/echange-international-avec-rabat-une-experience-dapprentissage-et-de-culture\/\"},\"author\":{\"name\":\"LFS\",\"@id\":\"https:\/\/lfsevilla.com\/#\/schema\/person\/ead715d6b1b6b2cb0bb6f7a06675d093\"},\"headline\":\"\u00c9change International avec Rabat : Une Exp\u00e9rience d&#8217;Apprentissage et de Culture\",\"datePublished\":\"2025-02-08T09:48:28+00:00\",\"dateModified\":\"2025-02-08T09:48:33+00:00\",\"mainEntityOfPage\":{\"@id\":\"https:\/\/lfsevilla.com\/fr\/echange-international-avec-rabat-une-experience-dapprentissage-et-de-culture\/\"},\"wordCount\":412,\"publisher\":{\"@id\":\"https:\/\/lfsevilla.com\/#organization\"},\"image\":{\"@id\":\"https:\/\/lfsevilla.com\/fr\/echange-international-avec-rabat-une-experience-dapprentissage-et-de-culture\/#primaryimage\"},\"thumbnailUrl\":\"https:\/\/lfsevilla.com\/wp-content\/uploads\/2025\/02\/Rabat-Sevilla.jpg\",\"articleSection\":[\"Ev\u00e9nements\"],\"inLanguage\":\"fr-FR\"},{\"@type\":\"WebPage\",\"@id\":\"https:\/\/lfsevilla.com\/fr\/echange-international-avec-rabat-une-experience-dapprentissage-et-de-culture\/\",\"url\":\"https:\/\/lfsevilla.com\/fr\/echange-international-avec-rabat-une-experience-dapprentissage-et-de-culture\/\",\"name\":\"\u00c9change International avec Rabat : Une Exp\u00e9rience d'Apprentissage et de Culture - Lyc\u00e9e Fran\u00e7ais de S\u00e9ville | Colegio privado biling\u00fce en Sevilla\",\"isPartOf\":{\"@id\":\"https:\/\/lfsevilla.com\/#website\"},\"primaryImageOfPage\":{\"@id\":\"https:\/\/lfsevilla.com\/fr\/echange-international-avec-rabat-une-experience-dapprentissage-et-de-culture\/#primaryimage\"},\"image\":{\"@id\":\"https:\/\/lfsevilla.com\/fr\/echange-international-avec-rabat-une-experience-dapprentissage-et-de-culture\/#primaryimage\"},\"thumbnailUrl\":\"https:\/\/lfsevilla.com\/wp-content\/uploads\/2025\/02\/Rabat-Sevilla.jpg\",\"datePublished\":\"2025-02-08T09:48:28+00:00\",\"dateModified\":\"2025-02-08T09:48:33+00:00\",\"breadcrumb\":{\"@id\":\"https:\/\/lfsevilla.com\/fr\/echange-international-avec-rabat-une-experience-dapprentissage-et-de-culture\/#breadcrumb\"},\"inLanguage\":\"fr-FR\",\"potentialAction\":[{\"@type\":\"ReadAction\",\"target\":[\"https:\/\/lfsevilla.com\/fr\/echange-international-avec-rabat-une-experience-dapprentissage-et-de-culture\/\"]}]},{\"@type\":\"ImageObject\",\"inLanguage\":\"fr-FR\",\"@id\":\"https:\/\/lfsevilla.com\/fr\/echange-international-avec-rabat-une-experience-dapprentissage-et-de-culture\/#primaryimage\",\"url\":\"https:\/\/lfsevilla.com\/wp-content\/uploads\/2025\/02\/Rabat-Sevilla.jpg\",\"contentUrl\":\"https:\/\/lfsevilla.com\/wp-content\/uploads\/2025\/02\/Rabat-Sevilla.jpg\",\"width\":1361,\"height\":767,\"caption\":\"Proyecto Rabat Sevilla\"},{\"@type\":\"BreadcrumbList\",\"@id\":\"https:\/\/lfsevilla.com\/fr\/echange-international-avec-rabat-une-experience-dapprentissage-et-de-culture\/#breadcrumb\",\"itemListElement\":[{\"@type\":\"ListItem\",\"position\":1,\"name\":\"Portada\",\"item\":\"https:\/\/lfsevilla.com\/fr\/\"},{\"@type\":\"ListItem\",\"position\":2,\"name\":\"\u00c9change International avec Rabat : Une Exp\u00e9rience d&#8217;Apprentissage et de Culture\"}]},{\"@type\":\"WebSite\",\"@id\":\"https:\/\/lfsevilla.com\/#website\",\"url\":\"https:\/\/lfsevilla.com\/\",\"name\":\"Lyc\u00e9e Fran\u00e7ais de S\u00e9ville | Colegio privado internacional triling\u00fce en Sevilla\",\"description\":\"El Liceo franc\u00e9s de Sevilla ofrece una ense\u00f1anza pluriling\u00fce (ingl\u00e9s, franc\u00e9s y espa\u00f1ol), multicultural y respetuosa con las libertades individuales.\",\"publisher\":{\"@id\":\"https:\/\/lfsevilla.com\/#organization\"},\"potentialAction\":[{\"@type\":\"SearchAction\",\"target\":{\"@type\":\"EntryPoint\",\"urlTemplate\":\"https:\/\/lfsevilla.com\/?s={search_term_string}\"},\"query-input\":{\"@type\":\"PropertyValueSpecification\",\"valueRequired\":true,\"valueName\":\"search_term_string\"}}],\"inLanguage\":\"fr-FR\"},{\"@type\":\"Organization\",\"@id\":\"https:\/\/lfsevilla.com\/#organization\",\"name\":\"Lyc\u00e9e Fran\u00e7ais International de S\u00e9ville\",\"url\":\"https:\/\/lfsevilla.com\/\",\"logo\":{\"@type\":\"ImageObject\",\"inLanguage\":\"fr-FR\",\"@id\":\"https:\/\/lfsevilla.com\/#\/schema\/logo\/image\/\",\"url\":\"https:\/\/lfsevilla.com\/wp-content\/uploads\/2023\/05\/Logo-Liceo-Frances-de-Sevilla-223x223-1.jpg\",\"contentUrl\":\"https:\/\/lfsevilla.com\/wp-content\/uploads\/2023\/05\/Logo-Liceo-Frances-de-Sevilla-223x223-1.jpg\",\"width\":223,\"height\":223,\"caption\":\"Lyc\u00e9e Fran\u00e7ais International de S\u00e9ville\"},\"image\":{\"@id\":\"https:\/\/lfsevilla.com\/#\/schema\/logo\/image\/\"},\"sameAs\":[\"https:\/\/www.facebook.com\/LiceoFrancesSevilla\/\",\"https:\/\/x.com\/lfsevilla\",\"https:\/\/www.linkedin.com\/company\/liceo-francs-internacional-de-sevilla\/\",\"https:\/\/www.instagram.com\/liceofrancessevilla\/\",\"https:\/\/www.youtube.com\/@liceofrancessevilla1124\"]},{\"@type\":\"Person\",\"@id\":\"https:\/\/lfsevilla.com\/#\/schema\/person\/ead715d6b1b6b2cb0bb6f7a06675d093\",\"name\":\"LFS\",\"image\":{\"@type\":\"ImageObject\",\"inLanguage\":\"fr-FR\",\"@id\":\"https:\/\/lfsevilla.com\/#\/schema\/person\/image\/\",\"url\":\"https:\/\/secure.gravatar.com\/avatar\/2b2587b6982746a9eb2cb62bda174a08069748c2251c7ca9b6e683d4aab29597?s=96&d=mm&r=g\",\"contentUrl\":\"https:\/\/secure.gravatar.com\/avatar\/2b2587b6982746a9eb2cb62bda174a08069748c2251c7ca9b6e683d4aab29597?s=96&d=mm&r=g\",\"caption\":\"LFS\"},\"url\":\"https:\/\/lfsevilla.com\/fr\/author\/weblfsevilla-com\/\"}]}<\/script>\n<!-- \/ Yoast SEO plugin. -->","yoast_head_json":{"title":"\u00c9change International avec Rabat : Une Exp\u00e9rience d'Apprentissage et de Culture - Lyc\u00e9e Fran\u00e7ais de S\u00e9ville | Colegio privado biling\u00fce en Sevilla","robots":{"index":"index","follow":"follow","max-snippet":"max-snippet:-1","max-image-preview":"max-image-preview:large","max-video-preview":"max-video-preview:-1"},"canonical":"https:\/\/lfsevilla.com\/fr\/echange-international-avec-rabat-une-experience-dapprentissage-et-de-culture\/","og_locale":"fr_FR","og_type":"article","og_title":"\u00c9change International avec Rabat : Une Exp\u00e9rience d'Apprentissage et de Culture - Lyc\u00e9e Fran\u00e7ais de S\u00e9ville | Colegio privado biling\u00fce en Sevilla","og_description":"Au Lyc\u00e9e Fran\u00e7ais de S\u00e9ville, nous croyons fermement en la valeur des \u00e9changes internationaux comme un outil essentiel pour l&#8217;apprentissage, le d\u00e9veloppement personnel et la sensibilisation globale de nos \u00e9l\u00e8ves. Dans le cadre de notre programme d&#8217;\u00e9changes, nous avons r\u00e9cemment eu l&#8217;honneur d&#8217;accueillir un groupe d&#8217;\u00e9tudiants du Lyc\u00e9e Fran\u00e7ais de Rabat, dans une rencontre qui [&hellip;]","og_url":"https:\/\/lfsevilla.com\/fr\/echange-international-avec-rabat-une-experience-dapprentissage-et-de-culture\/","og_site_name":"Lyc\u00e9e Fran\u00e7ais de S\u00e9ville | Colegio privado biling\u00fce en Sevilla","article_publisher":"https:\/\/www.facebook.com\/LiceoFrancesSevilla\/","article_published_time":"2025-02-08T09:48:28+00:00","article_modified_time":"2025-02-08T09:48:33+00:00","og_image":[{"width":1361,"height":767,"url":"https:\/\/lfsevilla.com\/wp-content\/uploads\/2025\/02\/Rabat-Sevilla.jpg","type":"image\/jpeg"}],"author":"LFS","twitter_card":"summary_large_image","twitter_creator":"@lfsevilla","twitter_site":"@lfsevilla","twitter_misc":{"\u00c9crit par":"LFS","Dur\u00e9e de lecture estim\u00e9e":"2 minutes"},"schema":{"@context":"https:\/\/schema.org","@graph":[{"@type":"Article","@id":"https:\/\/lfsevilla.com\/fr\/echange-international-avec-rabat-une-experience-dapprentissage-et-de-culture\/#article","isPartOf":{"@id":"https:\/\/lfsevilla.com\/fr\/echange-international-avec-rabat-une-experience-dapprentissage-et-de-culture\/"},"author":{"name":"LFS","@id":"https:\/\/lfsevilla.com\/#\/schema\/person\/ead715d6b1b6b2cb0bb6f7a06675d093"},"headline":"\u00c9change International avec Rabat : Une Exp\u00e9rience d&#8217;Apprentissage et de Culture","datePublished":"2025-02-08T09:48:28+00:00","dateModified":"2025-02-08T09:48:33+00:00","mainEntityOfPage":{"@id":"https:\/\/lfsevilla.com\/fr\/echange-international-avec-rabat-une-experience-dapprentissage-et-de-culture\/"},"wordCount":412,"publisher":{"@id":"https:\/\/lfsevilla.com\/#organization"},"image":{"@id":"https:\/\/lfsevilla.com\/fr\/echange-international-avec-rabat-une-experience-dapprentissage-et-de-culture\/#primaryimage"},"thumbnailUrl":"https:\/\/lfsevilla.com\/wp-content\/uploads\/2025\/02\/Rabat-Sevilla.jpg","articleSection":["Ev\u00e9nements"],"inLanguage":"fr-FR"},{"@type":"WebPage","@id":"https:\/\/lfsevilla.com\/fr\/echange-international-avec-rabat-une-experience-dapprentissage-et-de-culture\/","url":"https:\/\/lfsevilla.com\/fr\/echange-international-avec-rabat-une-experience-dapprentissage-et-de-culture\/","name":"\u00c9change International avec Rabat : Une Exp\u00e9rience d'Apprentissage et de Culture - Lyc\u00e9e Fran\u00e7ais de S\u00e9ville | Colegio privado biling\u00fce en Sevilla","isPartOf":{"@id":"https:\/\/lfsevilla.com\/#website"},"primaryImageOfPage":{"@id":"https:\/\/lfsevilla.com\/fr\/echange-international-avec-rabat-une-experience-dapprentissage-et-de-culture\/#primaryimage"},"image":{"@id":"https:\/\/lfsevilla.com\/fr\/echange-international-avec-rabat-une-experience-dapprentissage-et-de-culture\/#primaryimage"},"thumbnailUrl":"https:\/\/lfsevilla.com\/wp-content\/uploads\/2025\/02\/Rabat-Sevilla.jpg","datePublished":"2025-02-08T09:48:28+00:00","dateModified":"2025-02-08T09:48:33+00:00","breadcrumb":{"@id":"https:\/\/lfsevilla.com\/fr\/echange-international-avec-rabat-une-experience-dapprentissage-et-de-culture\/#breadcrumb"},"inLanguage":"fr-FR","potentialAction":[{"@type":"ReadAction","target":["https:\/\/lfsevilla.com\/fr\/echange-international-avec-rabat-une-experience-dapprentissage-et-de-culture\/"]}]},{"@type":"ImageObject","inLanguage":"fr-FR","@id":"https:\/\/lfsevilla.com\/fr\/echange-international-avec-rabat-une-experience-dapprentissage-et-de-culture\/#primaryimage","url":"https:\/\/lfsevilla.com\/wp-content\/uploads\/2025\/02\/Rabat-Sevilla.jpg","contentUrl":"https:\/\/lfsevilla.com\/wp-content\/uploads\/2025\/02\/Rabat-Sevilla.jpg","width":1361,"height":767,"caption":"Proyecto Rabat Sevilla"},{"@type":"BreadcrumbList","@id":"https:\/\/lfsevilla.com\/fr\/echange-international-avec-rabat-une-experience-dapprentissage-et-de-culture\/#breadcrumb","itemListElement":[{"@type":"ListItem","position":1,"name":"Portada","item":"https:\/\/lfsevilla.com\/fr\/"},{"@type":"ListItem","position":2,"name":"\u00c9change International avec Rabat : Une Exp\u00e9rience d&#8217;Apprentissage et de Culture"}]},{"@type":"WebSite","@id":"https:\/\/lfsevilla.com\/#website","url":"https:\/\/lfsevilla.com\/","name":"Lyc\u00e9e Fran\u00e7ais de S\u00e9ville | Colegio privado internacional triling\u00fce en Sevilla","description":"El Liceo franc\u00e9s de Sevilla ofrece una ense\u00f1anza pluriling\u00fce (ingl\u00e9s, franc\u00e9s y espa\u00f1ol), multicultural y respetuosa con las libertades individuales.","publisher":{"@id":"https:\/\/lfsevilla.com\/#organization"},"potentialAction":[{"@type":"SearchAction","target":{"@type":"EntryPoint","urlTemplate":"https:\/\/lfsevilla.com\/?s={search_term_string}"},"query-input":{"@type":"PropertyValueSpecification","valueRequired":true,"valueName":"search_term_string"}}],"inLanguage":"fr-FR"},{"@type":"Organization","@id":"https:\/\/lfsevilla.com\/#organization","name":"Lyc\u00e9e Fran\u00e7ais International de S\u00e9ville","url":"https:\/\/lfsevilla.com\/","logo":{"@type":"ImageObject","inLanguage":"fr-FR","@id":"https:\/\/lfsevilla.com\/#\/schema\/logo\/image\/","url":"https:\/\/lfsevilla.com\/wp-content\/uploads\/2023\/05\/Logo-Liceo-Frances-de-Sevilla-223x223-1.jpg","contentUrl":"https:\/\/lfsevilla.com\/wp-content\/uploads\/2023\/05\/Logo-Liceo-Frances-de-Sevilla-223x223-1.jpg","width":223,"height":223,"caption":"Lyc\u00e9e Fran\u00e7ais International de S\u00e9ville"},"image":{"@id":"https:\/\/lfsevilla.com\/#\/schema\/logo\/image\/"},"sameAs":["https:\/\/www.facebook.com\/LiceoFrancesSevilla\/","https:\/\/x.com\/lfsevilla","https:\/\/www.linkedin.com\/company\/liceo-francs-internacional-de-sevilla\/","https:\/\/www.instagram.com\/liceofrancessevilla\/","https:\/\/www.youtube.com\/@liceofrancessevilla1124"]},{"@type":"Person","@id":"https:\/\/lfsevilla.com\/#\/schema\/person\/ead715d6b1b6b2cb0bb6f7a06675d093","name":"LFS","image":{"@type":"ImageObject","inLanguage":"fr-FR","@id":"https:\/\/lfsevilla.com\/#\/schema\/person\/image\/","url":"https:\/\/secure.gravatar.com\/avatar\/2b2587b6982746a9eb2cb62bda174a08069748c2251c7ca9b6e683d4aab29597?s=96&d=mm&r=g","contentUrl":"https:\/\/secure.gravatar.com\/avatar\/2b2587b6982746a9eb2cb62bda174a08069748c2251c7ca9b6e683d4aab29597?s=96&d=mm&r=g","caption":"LFS"},"url":"https:\/\/lfsevilla.com\/fr\/author\/weblfsevilla-com\/"}]}},"_links":{"self":[{"href":"https:\/\/lfsevilla.com\/fr\/wp-json\/wp\/v2\/posts\/15204","targetHints":{"allow":["GET"]}}],"collection":[{"href":"https:\/\/lfsevilla.com\/fr\/wp-json\/wp\/v2\/posts"}],"about":[{"href":"https:\/\/lfsevilla.com\/fr\/wp-json\/wp\/v2\/types\/post"}],"author":[{"embeddable":true,"href":"https:\/\/lfsevilla.com\/fr\/wp-json\/wp\/v2\/users\/2"}],"replies":[{"embeddable":true,"href":"https:\/\/lfsevilla.com\/fr\/wp-json\/wp\/v2\/comments?post=15204"}],"version-history":[{"count":1,"href":"https:\/\/lfsevilla.com\/fr\/wp-json\/wp\/v2\/posts\/15204\/revisions"}],"predecessor-version":[{"id":15205,"href":"https:\/\/lfsevilla.com\/fr\/wp-json\/wp\/v2\/posts\/15204\/revisions\/15205"}],"wp:featuredmedia":[{"embeddable":true,"href":"https:\/\/lfsevilla.com\/fr\/wp-json\/wp\/v2\/media\/15201"}],"wp:attachment":[{"href":"https:\/\/lfsevilla.com\/fr\/wp-json\/wp\/v2\/media?parent=15204"}],"wp:term":[{"taxonomy":"category","embeddable":true,"href":"https:\/\/lfsevilla.com\/fr\/wp-json\/wp\/v2\/categories?post=15204"},{"taxonomy":"post_tag","embeddable":true,"href":"https:\/\/lfsevilla.com\/fr\/wp-json\/wp\/v2\/tags?post=15204"}],"curies":[{"name":"wp","href":"https:\/\/api.w.org\/{rel}","templated":true}]}}