{"id":14983,"date":"2024-12-21T11:33:53","date_gmt":"2024-12-21T10:33:53","guid":{"rendered":"https:\/\/lfsevilla.com\/decouvrez-les-creations-de-webradio-des-eleves-de-6e-avec-thierry-riera\/"},"modified":"2024-12-21T11:33:56","modified_gmt":"2024-12-21T10:33:56","slug":"decouvrez-les-creations-de-webradio-des-eleves-de-6e-avec-thierry-riera","status":"publish","type":"post","link":"https:\/\/lfsevilla.com\/fr\/decouvrez-les-creations-de-webradio-des-eleves-de-6e-avec-thierry-riera\/","title":{"rendered":"D\u00e9couvrez les Cr\u00e9ations de Webradio des \u00c9l\u00e8ves de 6e avec Thierry Riera"},"content":{"rendered":"\n<p><p>Nous sommes fiers de vous pr\u00e9senter les deux \u00e9missions r\u00e9alis\u00e9es par les \u00e9l\u00e8ves de 6e lors de la formation webradio anim\u00e9e par Thierry Riera. \u00c0 travers ce projet passionnant, les \u00e9l\u00e8ves ont appris non seulement les techniques de base de production et d\u2019\u00e9dition audio, mais ils ont \u00e9galement d\u00e9velopp\u00e9 leur cr\u00e9ativit\u00e9, leur esprit d\u2019\u00e9quipe et leurs comp\u00e9tences en communication.<\/p>&#13;\n<p>Cet atelier a \u00e9t\u00e9 une exp\u00e9rience enrichissante qui d\u00e9montre comment les outils technologiques et \u00e9ducatifs peuvent se combiner pour encourager l\u2019expression artistique et l\u2019apprentissage pratique.<\/p><\/p>\n\n<p>Appuyez sur play et laissez-vous surprendre par le talent de nos \u00e9l\u00e8ves\u202f!<\/p>\n\n<figure class=\"wp-block-audio\"><audio controls=\"\" src=\"https:\/\/lfsevilla.com\/wp-content\/uploads\/2024\/12\/E2-756.mp3\"><\/audio><\/figure>\n\n<figure class=\"wp-block-audio\"><audio controls=\"\" src=\"https:\/\/lfsevilla.com\/wp-content\/uploads\/2024\/12\/E1-814.mp3\"><\/audio><\/figure>\n","protected":false},"excerpt":{"rendered":"<p>Nous sommes fiers de vous pr\u00e9senter les deux \u00e9missions r\u00e9alis\u00e9es par les \u00e9l\u00e8ves de 6e lors de la formation webradio anim\u00e9e par Thierry Riera. \u00c0 travers ce projet passionnant, les \u00e9l\u00e8ves ont appris non seulement les techniques de base de production et d\u2019\u00e9dition audio, mais ils ont \u00e9galement d\u00e9velopp\u00e9 leur cr\u00e9ativit\u00e9, leur esprit d\u2019\u00e9quipe et [&hellip;]<\/p>\n","protected":false},"author":2,"featured_media":14981,"comment_status":"closed","ping_status":"open","sticky":false,"template":"","format":"standard","meta":{"_et_pb_use_builder":"off","_et_pb_old_content":"","_et_gb_content_width":"","footnotes":""},"categories":[48,32,61],"tags":[],"class_list":["post-14983","post","type-post","status-publish","format-standard","has-post-thumbnail","hentry","category-actualites","category-nouvelles","category-webradio-fr"],"yoast_head":"<!-- This site is optimized with the Yoast SEO plugin v27.0 - https:\/\/yoast.com\/product\/yoast-seo-wordpress\/ -->\n<title>D\u00e9couvrez les Cr\u00e9ations de Webradio des \u00c9l\u00e8ves de 6e avec Thierry Riera - Lyc\u00e9e Fran\u00e7ais de S\u00e9ville | Colegio privado biling\u00fce en Sevilla<\/title>\n<meta name=\"robots\" content=\"index, follow, max-snippet:-1, max-image-preview:large, max-video-preview:-1\" \/>\n<link rel=\"canonical\" href=\"https:\/\/lfsevilla.com\/fr\/decouvrez-les-creations-de-webradio-des-eleves-de-6e-avec-thierry-riera\/\" \/>\n<meta property=\"og:locale\" content=\"fr_FR\" \/>\n<meta property=\"og:type\" content=\"article\" \/>\n<meta property=\"og:title\" content=\"D\u00e9couvrez les Cr\u00e9ations de Webradio des \u00c9l\u00e8ves de 6e avec Thierry Riera - Lyc\u00e9e Fran\u00e7ais de S\u00e9ville | Colegio privado biling\u00fce en Sevilla\" \/>\n<meta property=\"og:description\" content=\"Nous sommes fiers de vous pr\u00e9senter les deux \u00e9missions r\u00e9alis\u00e9es par les \u00e9l\u00e8ves de 6e lors de la formation webradio anim\u00e9e par Thierry Riera. \u00c0 travers ce projet passionnant, les \u00e9l\u00e8ves ont appris non seulement les techniques de base de production et d\u2019\u00e9dition audio, mais ils ont \u00e9galement d\u00e9velopp\u00e9 leur cr\u00e9ativit\u00e9, leur esprit d\u2019\u00e9quipe et [&hellip;]\" \/>\n<meta property=\"og:url\" content=\"https:\/\/lfsevilla.com\/fr\/decouvrez-les-creations-de-webradio-des-eleves-de-6e-avec-thierry-riera\/\" \/>\n<meta property=\"og:site_name\" content=\"Lyc\u00e9e Fran\u00e7ais de S\u00e9ville | Colegio privado biling\u00fce en Sevilla\" \/>\n<meta property=\"article:publisher\" content=\"https:\/\/www.facebook.com\/LiceoFrancesSevilla\/\" \/>\n<meta property=\"article:published_time\" content=\"2024-12-21T10:33:53+00:00\" \/>\n<meta property=\"article:modified_time\" content=\"2024-12-21T10:33:56+00:00\" \/>\n<meta property=\"og:image\" content=\"https:\/\/lfsevilla.com\/wp-content\/uploads\/2024\/12\/IMG_2749.jpg\" \/>\n\t<meta property=\"og:image:width\" content=\"2400\" \/>\n\t<meta property=\"og:image:height\" content=\"1600\" \/>\n\t<meta property=\"og:image:type\" content=\"image\/jpeg\" \/>\n<meta name=\"author\" content=\"LFS\" \/>\n<meta name=\"twitter:card\" content=\"summary_large_image\" \/>\n<meta name=\"twitter:creator\" content=\"@lfsevilla\" \/>\n<meta name=\"twitter:site\" content=\"@lfsevilla\" \/>\n<meta name=\"twitter:label1\" content=\"\u00c9crit par\" \/>\n\t<meta name=\"twitter:data1\" content=\"LFS\" \/>\n\t<meta name=\"twitter:label2\" content=\"Dur\u00e9e de lecture estim\u00e9e\" \/>\n\t<meta name=\"twitter:data2\" content=\"1 minute\" \/>\n<script type=\"application\/ld+json\" class=\"yoast-schema-graph\">{\"@context\":\"https:\/\/schema.org\",\"@graph\":[{\"@type\":\"Article\",\"@id\":\"https:\/\/lfsevilla.com\/fr\/decouvrez-les-creations-de-webradio-des-eleves-de-6e-avec-thierry-riera\/#article\",\"isPartOf\":{\"@id\":\"https:\/\/lfsevilla.com\/fr\/decouvrez-les-creations-de-webradio-des-eleves-de-6e-avec-thierry-riera\/\"},\"author\":{\"name\":\"LFS\",\"@id\":\"https:\/\/lfsevilla.com\/#\/schema\/person\/ead715d6b1b6b2cb0bb6f7a06675d093\"},\"headline\":\"D\u00e9couvrez les Cr\u00e9ations de Webradio des \u00c9l\u00e8ves de 6e avec Thierry Riera\",\"datePublished\":\"2024-12-21T10:33:53+00:00\",\"dateModified\":\"2024-12-21T10:33:56+00:00\",\"mainEntityOfPage\":{\"@id\":\"https:\/\/lfsevilla.com\/fr\/decouvrez-les-creations-de-webradio-des-eleves-de-6e-avec-thierry-riera\/\"},\"wordCount\":126,\"publisher\":{\"@id\":\"https:\/\/lfsevilla.com\/#organization\"},\"image\":{\"@id\":\"https:\/\/lfsevilla.com\/fr\/decouvrez-les-creations-de-webradio-des-eleves-de-6e-avec-thierry-riera\/#primaryimage\"},\"thumbnailUrl\":\"https:\/\/lfsevilla.com\/wp-content\/uploads\/2024\/12\/IMG_2749.jpg\",\"articleSection\":[\"Actualit\u00e9s\",\"Nouvelles\",\"webradio\"],\"inLanguage\":\"fr-FR\"},{\"@type\":\"WebPage\",\"@id\":\"https:\/\/lfsevilla.com\/fr\/decouvrez-les-creations-de-webradio-des-eleves-de-6e-avec-thierry-riera\/\",\"url\":\"https:\/\/lfsevilla.com\/fr\/decouvrez-les-creations-de-webradio-des-eleves-de-6e-avec-thierry-riera\/\",\"name\":\"D\u00e9couvrez les Cr\u00e9ations de Webradio des \u00c9l\u00e8ves de 6e avec Thierry Riera - Lyc\u00e9e Fran\u00e7ais de S\u00e9ville | Colegio privado biling\u00fce en Sevilla\",\"isPartOf\":{\"@id\":\"https:\/\/lfsevilla.com\/#website\"},\"primaryImageOfPage\":{\"@id\":\"https:\/\/lfsevilla.com\/fr\/decouvrez-les-creations-de-webradio-des-eleves-de-6e-avec-thierry-riera\/#primaryimage\"},\"image\":{\"@id\":\"https:\/\/lfsevilla.com\/fr\/decouvrez-les-creations-de-webradio-des-eleves-de-6e-avec-thierry-riera\/#primaryimage\"},\"thumbnailUrl\":\"https:\/\/lfsevilla.com\/wp-content\/uploads\/2024\/12\/IMG_2749.jpg\",\"datePublished\":\"2024-12-21T10:33:53+00:00\",\"dateModified\":\"2024-12-21T10:33:56+00:00\",\"breadcrumb\":{\"@id\":\"https:\/\/lfsevilla.com\/fr\/decouvrez-les-creations-de-webradio-des-eleves-de-6e-avec-thierry-riera\/#breadcrumb\"},\"inLanguage\":\"fr-FR\",\"potentialAction\":[{\"@type\":\"ReadAction\",\"target\":[\"https:\/\/lfsevilla.com\/fr\/decouvrez-les-creations-de-webradio-des-eleves-de-6e-avec-thierry-riera\/\"]}]},{\"@type\":\"ImageObject\",\"inLanguage\":\"fr-FR\",\"@id\":\"https:\/\/lfsevilla.com\/fr\/decouvrez-les-creations-de-webradio-des-eleves-de-6e-avec-thierry-riera\/#primaryimage\",\"url\":\"https:\/\/lfsevilla.com\/wp-content\/uploads\/2024\/12\/IMG_2749.jpg\",\"contentUrl\":\"https:\/\/lfsevilla.com\/wp-content\/uploads\/2024\/12\/IMG_2749.jpg\",\"width\":2400,\"height\":1600,\"caption\":\"Web Radio\"},{\"@type\":\"BreadcrumbList\",\"@id\":\"https:\/\/lfsevilla.com\/fr\/decouvrez-les-creations-de-webradio-des-eleves-de-6e-avec-thierry-riera\/#breadcrumb\",\"itemListElement\":[{\"@type\":\"ListItem\",\"position\":1,\"name\":\"Portada\",\"item\":\"https:\/\/lfsevilla.com\/fr\/\"},{\"@type\":\"ListItem\",\"position\":2,\"name\":\"D\u00e9couvrez les Cr\u00e9ations de Webradio des \u00c9l\u00e8ves de 6e avec Thierry Riera\"}]},{\"@type\":\"WebSite\",\"@id\":\"https:\/\/lfsevilla.com\/#website\",\"url\":\"https:\/\/lfsevilla.com\/\",\"name\":\"Lyc\u00e9e Fran\u00e7ais de S\u00e9ville | Colegio privado internacional triling\u00fce en Sevilla\",\"description\":\"El Liceo franc\u00e9s de Sevilla ofrece una ense\u00f1anza pluriling\u00fce (ingl\u00e9s, franc\u00e9s y espa\u00f1ol), multicultural y respetuosa con las libertades individuales.\",\"publisher\":{\"@id\":\"https:\/\/lfsevilla.com\/#organization\"},\"potentialAction\":[{\"@type\":\"SearchAction\",\"target\":{\"@type\":\"EntryPoint\",\"urlTemplate\":\"https:\/\/lfsevilla.com\/?s={search_term_string}\"},\"query-input\":{\"@type\":\"PropertyValueSpecification\",\"valueRequired\":true,\"valueName\":\"search_term_string\"}}],\"inLanguage\":\"fr-FR\"},{\"@type\":\"Organization\",\"@id\":\"https:\/\/lfsevilla.com\/#organization\",\"name\":\"Lyc\u00e9e Fran\u00e7ais International de S\u00e9ville\",\"url\":\"https:\/\/lfsevilla.com\/\",\"logo\":{\"@type\":\"ImageObject\",\"inLanguage\":\"fr-FR\",\"@id\":\"https:\/\/lfsevilla.com\/#\/schema\/logo\/image\/\",\"url\":\"https:\/\/lfsevilla.com\/wp-content\/uploads\/2023\/05\/Logo-Liceo-Frances-de-Sevilla-223x223-1.jpg\",\"contentUrl\":\"https:\/\/lfsevilla.com\/wp-content\/uploads\/2023\/05\/Logo-Liceo-Frances-de-Sevilla-223x223-1.jpg\",\"width\":223,\"height\":223,\"caption\":\"Lyc\u00e9e Fran\u00e7ais International de S\u00e9ville\"},\"image\":{\"@id\":\"https:\/\/lfsevilla.com\/#\/schema\/logo\/image\/\"},\"sameAs\":[\"https:\/\/www.facebook.com\/LiceoFrancesSevilla\/\",\"https:\/\/x.com\/lfsevilla\",\"https:\/\/www.linkedin.com\/company\/liceo-francs-internacional-de-sevilla\/\",\"https:\/\/www.instagram.com\/liceofrancessevilla\/\",\"https:\/\/www.youtube.com\/@liceofrancessevilla1124\"]},{\"@type\":\"Person\",\"@id\":\"https:\/\/lfsevilla.com\/#\/schema\/person\/ead715d6b1b6b2cb0bb6f7a06675d093\",\"name\":\"LFS\",\"image\":{\"@type\":\"ImageObject\",\"inLanguage\":\"fr-FR\",\"@id\":\"https:\/\/lfsevilla.com\/#\/schema\/person\/image\/\",\"url\":\"https:\/\/secure.gravatar.com\/avatar\/2b2587b6982746a9eb2cb62bda174a08069748c2251c7ca9b6e683d4aab29597?s=96&d=mm&r=g\",\"contentUrl\":\"https:\/\/secure.gravatar.com\/avatar\/2b2587b6982746a9eb2cb62bda174a08069748c2251c7ca9b6e683d4aab29597?s=96&d=mm&r=g\",\"caption\":\"LFS\"},\"url\":\"https:\/\/lfsevilla.com\/fr\/author\/weblfsevilla-com\/\"}]}<\/script>\n<!-- \/ Yoast SEO plugin. -->","yoast_head_json":{"title":"D\u00e9couvrez les Cr\u00e9ations de Webradio des \u00c9l\u00e8ves de 6e avec Thierry Riera - Lyc\u00e9e Fran\u00e7ais de S\u00e9ville | Colegio privado biling\u00fce en Sevilla","robots":{"index":"index","follow":"follow","max-snippet":"max-snippet:-1","max-image-preview":"max-image-preview:large","max-video-preview":"max-video-preview:-1"},"canonical":"https:\/\/lfsevilla.com\/fr\/decouvrez-les-creations-de-webradio-des-eleves-de-6e-avec-thierry-riera\/","og_locale":"fr_FR","og_type":"article","og_title":"D\u00e9couvrez les Cr\u00e9ations de Webradio des \u00c9l\u00e8ves de 6e avec Thierry Riera - Lyc\u00e9e Fran\u00e7ais de S\u00e9ville | Colegio privado biling\u00fce en Sevilla","og_description":"Nous sommes fiers de vous pr\u00e9senter les deux \u00e9missions r\u00e9alis\u00e9es par les \u00e9l\u00e8ves de 6e lors de la formation webradio anim\u00e9e par Thierry Riera. \u00c0 travers ce projet passionnant, les \u00e9l\u00e8ves ont appris non seulement les techniques de base de production et d\u2019\u00e9dition audio, mais ils ont \u00e9galement d\u00e9velopp\u00e9 leur cr\u00e9ativit\u00e9, leur esprit d\u2019\u00e9quipe et [&hellip;]","og_url":"https:\/\/lfsevilla.com\/fr\/decouvrez-les-creations-de-webradio-des-eleves-de-6e-avec-thierry-riera\/","og_site_name":"Lyc\u00e9e Fran\u00e7ais de S\u00e9ville | Colegio privado biling\u00fce en Sevilla","article_publisher":"https:\/\/www.facebook.com\/LiceoFrancesSevilla\/","article_published_time":"2024-12-21T10:33:53+00:00","article_modified_time":"2024-12-21T10:33:56+00:00","og_image":[{"width":2400,"height":1600,"url":"https:\/\/lfsevilla.com\/wp-content\/uploads\/2024\/12\/IMG_2749.jpg","type":"image\/jpeg"}],"author":"LFS","twitter_card":"summary_large_image","twitter_creator":"@lfsevilla","twitter_site":"@lfsevilla","twitter_misc":{"\u00c9crit par":"LFS","Dur\u00e9e de lecture estim\u00e9e":"1 minute"},"schema":{"@context":"https:\/\/schema.org","@graph":[{"@type":"Article","@id":"https:\/\/lfsevilla.com\/fr\/decouvrez-les-creations-de-webradio-des-eleves-de-6e-avec-thierry-riera\/#article","isPartOf":{"@id":"https:\/\/lfsevilla.com\/fr\/decouvrez-les-creations-de-webradio-des-eleves-de-6e-avec-thierry-riera\/"},"author":{"name":"LFS","@id":"https:\/\/lfsevilla.com\/#\/schema\/person\/ead715d6b1b6b2cb0bb6f7a06675d093"},"headline":"D\u00e9couvrez les Cr\u00e9ations de Webradio des \u00c9l\u00e8ves de 6e avec Thierry Riera","datePublished":"2024-12-21T10:33:53+00:00","dateModified":"2024-12-21T10:33:56+00:00","mainEntityOfPage":{"@id":"https:\/\/lfsevilla.com\/fr\/decouvrez-les-creations-de-webradio-des-eleves-de-6e-avec-thierry-riera\/"},"wordCount":126,"publisher":{"@id":"https:\/\/lfsevilla.com\/#organization"},"image":{"@id":"https:\/\/lfsevilla.com\/fr\/decouvrez-les-creations-de-webradio-des-eleves-de-6e-avec-thierry-riera\/#primaryimage"},"thumbnailUrl":"https:\/\/lfsevilla.com\/wp-content\/uploads\/2024\/12\/IMG_2749.jpg","articleSection":["Actualit\u00e9s","Nouvelles","webradio"],"inLanguage":"fr-FR"},{"@type":"WebPage","@id":"https:\/\/lfsevilla.com\/fr\/decouvrez-les-creations-de-webradio-des-eleves-de-6e-avec-thierry-riera\/","url":"https:\/\/lfsevilla.com\/fr\/decouvrez-les-creations-de-webradio-des-eleves-de-6e-avec-thierry-riera\/","name":"D\u00e9couvrez les Cr\u00e9ations de Webradio des \u00c9l\u00e8ves de 6e avec Thierry Riera - Lyc\u00e9e Fran\u00e7ais de S\u00e9ville | Colegio privado biling\u00fce en Sevilla","isPartOf":{"@id":"https:\/\/lfsevilla.com\/#website"},"primaryImageOfPage":{"@id":"https:\/\/lfsevilla.com\/fr\/decouvrez-les-creations-de-webradio-des-eleves-de-6e-avec-thierry-riera\/#primaryimage"},"image":{"@id":"https:\/\/lfsevilla.com\/fr\/decouvrez-les-creations-de-webradio-des-eleves-de-6e-avec-thierry-riera\/#primaryimage"},"thumbnailUrl":"https:\/\/lfsevilla.com\/wp-content\/uploads\/2024\/12\/IMG_2749.jpg","datePublished":"2024-12-21T10:33:53+00:00","dateModified":"2024-12-21T10:33:56+00:00","breadcrumb":{"@id":"https:\/\/lfsevilla.com\/fr\/decouvrez-les-creations-de-webradio-des-eleves-de-6e-avec-thierry-riera\/#breadcrumb"},"inLanguage":"fr-FR","potentialAction":[{"@type":"ReadAction","target":["https:\/\/lfsevilla.com\/fr\/decouvrez-les-creations-de-webradio-des-eleves-de-6e-avec-thierry-riera\/"]}]},{"@type":"ImageObject","inLanguage":"fr-FR","@id":"https:\/\/lfsevilla.com\/fr\/decouvrez-les-creations-de-webradio-des-eleves-de-6e-avec-thierry-riera\/#primaryimage","url":"https:\/\/lfsevilla.com\/wp-content\/uploads\/2024\/12\/IMG_2749.jpg","contentUrl":"https:\/\/lfsevilla.com\/wp-content\/uploads\/2024\/12\/IMG_2749.jpg","width":2400,"height":1600,"caption":"Web Radio"},{"@type":"BreadcrumbList","@id":"https:\/\/lfsevilla.com\/fr\/decouvrez-les-creations-de-webradio-des-eleves-de-6e-avec-thierry-riera\/#breadcrumb","itemListElement":[{"@type":"ListItem","position":1,"name":"Portada","item":"https:\/\/lfsevilla.com\/fr\/"},{"@type":"ListItem","position":2,"name":"D\u00e9couvrez les Cr\u00e9ations de Webradio des \u00c9l\u00e8ves de 6e avec Thierry Riera"}]},{"@type":"WebSite","@id":"https:\/\/lfsevilla.com\/#website","url":"https:\/\/lfsevilla.com\/","name":"Lyc\u00e9e Fran\u00e7ais de S\u00e9ville | Colegio privado internacional triling\u00fce en Sevilla","description":"El Liceo franc\u00e9s de Sevilla ofrece una ense\u00f1anza pluriling\u00fce (ingl\u00e9s, franc\u00e9s y espa\u00f1ol), multicultural y respetuosa con las libertades individuales.","publisher":{"@id":"https:\/\/lfsevilla.com\/#organization"},"potentialAction":[{"@type":"SearchAction","target":{"@type":"EntryPoint","urlTemplate":"https:\/\/lfsevilla.com\/?s={search_term_string}"},"query-input":{"@type":"PropertyValueSpecification","valueRequired":true,"valueName":"search_term_string"}}],"inLanguage":"fr-FR"},{"@type":"Organization","@id":"https:\/\/lfsevilla.com\/#organization","name":"Lyc\u00e9e Fran\u00e7ais International de S\u00e9ville","url":"https:\/\/lfsevilla.com\/","logo":{"@type":"ImageObject","inLanguage":"fr-FR","@id":"https:\/\/lfsevilla.com\/#\/schema\/logo\/image\/","url":"https:\/\/lfsevilla.com\/wp-content\/uploads\/2023\/05\/Logo-Liceo-Frances-de-Sevilla-223x223-1.jpg","contentUrl":"https:\/\/lfsevilla.com\/wp-content\/uploads\/2023\/05\/Logo-Liceo-Frances-de-Sevilla-223x223-1.jpg","width":223,"height":223,"caption":"Lyc\u00e9e Fran\u00e7ais International de S\u00e9ville"},"image":{"@id":"https:\/\/lfsevilla.com\/#\/schema\/logo\/image\/"},"sameAs":["https:\/\/www.facebook.com\/LiceoFrancesSevilla\/","https:\/\/x.com\/lfsevilla","https:\/\/www.linkedin.com\/company\/liceo-francs-internacional-de-sevilla\/","https:\/\/www.instagram.com\/liceofrancessevilla\/","https:\/\/www.youtube.com\/@liceofrancessevilla1124"]},{"@type":"Person","@id":"https:\/\/lfsevilla.com\/#\/schema\/person\/ead715d6b1b6b2cb0bb6f7a06675d093","name":"LFS","image":{"@type":"ImageObject","inLanguage":"fr-FR","@id":"https:\/\/lfsevilla.com\/#\/schema\/person\/image\/","url":"https:\/\/secure.gravatar.com\/avatar\/2b2587b6982746a9eb2cb62bda174a08069748c2251c7ca9b6e683d4aab29597?s=96&d=mm&r=g","contentUrl":"https:\/\/secure.gravatar.com\/avatar\/2b2587b6982746a9eb2cb62bda174a08069748c2251c7ca9b6e683d4aab29597?s=96&d=mm&r=g","caption":"LFS"},"url":"https:\/\/lfsevilla.com\/fr\/author\/weblfsevilla-com\/"}]}},"_links":{"self":[{"href":"https:\/\/lfsevilla.com\/fr\/wp-json\/wp\/v2\/posts\/14983","targetHints":{"allow":["GET"]}}],"collection":[{"href":"https:\/\/lfsevilla.com\/fr\/wp-json\/wp\/v2\/posts"}],"about":[{"href":"https:\/\/lfsevilla.com\/fr\/wp-json\/wp\/v2\/types\/post"}],"author":[{"embeddable":true,"href":"https:\/\/lfsevilla.com\/fr\/wp-json\/wp\/v2\/users\/2"}],"replies":[{"embeddable":true,"href":"https:\/\/lfsevilla.com\/fr\/wp-json\/wp\/v2\/comments?post=14983"}],"version-history":[{"count":1,"href":"https:\/\/lfsevilla.com\/fr\/wp-json\/wp\/v2\/posts\/14983\/revisions"}],"predecessor-version":[{"id":14984,"href":"https:\/\/lfsevilla.com\/fr\/wp-json\/wp\/v2\/posts\/14983\/revisions\/14984"}],"wp:featuredmedia":[{"embeddable":true,"href":"https:\/\/lfsevilla.com\/fr\/wp-json\/wp\/v2\/media\/14981"}],"wp:attachment":[{"href":"https:\/\/lfsevilla.com\/fr\/wp-json\/wp\/v2\/media?parent=14983"}],"wp:term":[{"taxonomy":"category","embeddable":true,"href":"https:\/\/lfsevilla.com\/fr\/wp-json\/wp\/v2\/categories?post=14983"},{"taxonomy":"post_tag","embeddable":true,"href":"https:\/\/lfsevilla.com\/fr\/wp-json\/wp\/v2\/tags?post=14983"}],"curies":[{"name":"wp","href":"https:\/\/api.w.org\/{rel}","templated":true}]}}