{"id":14718,"date":"2024-03-24T10:35:08","date_gmt":"2024-03-24T09:35:08","guid":{"rendered":"https:\/\/lfsevilla.com\/bravo-a-nos-champions-salam-el-achrafi-de-5eme-et-pol-cerda-de-1ere-sur-le-podium-de-la-course-villa-de-san-juan\/"},"modified":"2024-03-24T10:35:11","modified_gmt":"2024-03-24T09:35:11","slug":"bravo-a-nos-champions-salam-el-achrafi-de-5eme-et-pol-cerda-de-1ere-sur-le-podium-de-la-course-villa-de-san-juan","status":"publish","type":"post","link":"https:\/\/lfsevilla.com\/fr\/bravo-a-nos-champions-salam-el-achrafi-de-5eme-et-pol-cerda-de-1ere-sur-le-podium-de-la-course-villa-de-san-juan\/","title":{"rendered":"Bravo \u00e0 nos champions ! Salam El Achrafi de 5\u00e8me et Pol Cerda de 1\u00e8re sur le podium de la Course Villa de San Juan !"},"content":{"rendered":"\n<p>Nous sommes ravis de partager avec vous une nouvelle extraordinaire : nos \u00e9l\u00e8ves Salam El Achrafi de 5\u00e8me et Pol Cerda de 1\u00e8re ont brill\u00e9 lors de la Course Villa de San Juan en montant sur le podium ! Leur d\u00e9termination et leurs comp\u00e9tences ont \u00e9t\u00e9 remarqu\u00e9es parmi les participants, et nous sommes extr\u00eamement fiers de leur succ\u00e8s !<\/p>\n\n<p>Mais ce n&#8217;est pas tout ! Dans la Course de la Rinconada, une autre de nos \u00e9l\u00e8ves, Sara El Achrafi, a \u00e9galement obtenu une remarquable deuxi\u00e8me place ! Nous tenons \u00e0 la f\u00e9liciter chaleureusement pour cette performance exceptionnelle !<\/p>\n\n<p>Ces victoires sont le reflet de l&#8217;engagement, du travail acharn\u00e9 et du talent de nos \u00e9l\u00e8ves, ainsi que du soutien et de l&#8217;encouragement de leurs enseignants et de leurs familles. Bravo \u00e0 Salam, Pol et Sara pour ces r\u00e9alisations impressionnantes !<\/p>\n\n<figure class=\"wp-block-image size-large\"><img decoding=\"async\" width=\"1024\" height=\"1024\" src=\"https:\/\/lfsevilla.com\/wp-content\/uploads\/2024\/03\/Carrera-de-San-Juan-1024x1024.jpg\" alt=\"\" class=\"wp-image-14715\" srcset=\"https:\/\/lfsevilla.com\/wp-content\/uploads\/2024\/03\/Carrera-de-San-Juan-1024x1024.jpg 1024w, https:\/\/lfsevilla.com\/wp-content\/uploads\/2024\/03\/Carrera-de-San-Juan-980x980.jpg 980w, https:\/\/lfsevilla.com\/wp-content\/uploads\/2024\/03\/Carrera-de-San-Juan-480x480.jpg 480w\" sizes=\"(min-width: 0px) and (max-width: 480px) 480px, (min-width: 481px) and (max-width: 980px) 980px, (min-width: 981px) 1024px, 100vw\" \/><\/figure>\n","protected":false},"excerpt":{"rendered":"<p>Nous sommes ravis de partager avec vous une nouvelle extraordinaire : nos \u00e9l\u00e8ves Salam El Achrafi de 5\u00e8me et Pol Cerda de 1\u00e8re ont brill\u00e9 lors de la Course Villa de San Juan en montant sur le podium ! Leur d\u00e9termination et leurs comp\u00e9tences ont \u00e9t\u00e9 remarqu\u00e9es parmi les participants, et nous sommes extr\u00eamement fiers [&hellip;]<\/p>\n","protected":false},"author":2,"featured_media":14716,"comment_status":"closed","ping_status":"open","sticky":false,"template":"","format":"standard","meta":{"_et_pb_use_builder":"off","_et_pb_old_content":"","_et_gb_content_width":"","footnotes":""},"categories":[33,32],"tags":[],"class_list":["post-14718","post","type-post","status-publish","format-standard","has-post-thumbnail","hentry","category-evenements","category-nouvelles"],"yoast_head":"<!-- This site is optimized with the Yoast SEO plugin v27.0 - https:\/\/yoast.com\/product\/yoast-seo-wordpress\/ -->\n<title>Bravo \u00e0 nos champions ! Salam El Achrafi de 5\u00e8me et Pol Cerda de 1\u00e8re sur le podium de la Course Villa de San Juan ! - Lyc\u00e9e Fran\u00e7ais de S\u00e9ville | Colegio privado biling\u00fce en Sevilla<\/title>\n<meta name=\"robots\" content=\"index, follow, max-snippet:-1, max-image-preview:large, max-video-preview:-1\" \/>\n<link rel=\"canonical\" href=\"https:\/\/lfsevilla.com\/fr\/bravo-a-nos-champions-salam-el-achrafi-de-5eme-et-pol-cerda-de-1ere-sur-le-podium-de-la-course-villa-de-san-juan\/\" \/>\n<meta property=\"og:locale\" content=\"fr_FR\" \/>\n<meta property=\"og:type\" content=\"article\" \/>\n<meta property=\"og:title\" content=\"Bravo \u00e0 nos champions ! Salam El Achrafi de 5\u00e8me et Pol Cerda de 1\u00e8re sur le podium de la Course Villa de San Juan ! - Lyc\u00e9e Fran\u00e7ais de S\u00e9ville | Colegio privado biling\u00fce en Sevilla\" \/>\n<meta property=\"og:description\" content=\"Nous sommes ravis de partager avec vous une nouvelle extraordinaire : nos \u00e9l\u00e8ves Salam El Achrafi de 5\u00e8me et Pol Cerda de 1\u00e8re ont brill\u00e9 lors de la Course Villa de San Juan en montant sur le podium ! Leur d\u00e9termination et leurs comp\u00e9tences ont \u00e9t\u00e9 remarqu\u00e9es parmi les participants, et nous sommes extr\u00eamement fiers [&hellip;]\" \/>\n<meta property=\"og:url\" content=\"https:\/\/lfsevilla.com\/fr\/bravo-a-nos-champions-salam-el-achrafi-de-5eme-et-pol-cerda-de-1ere-sur-le-podium-de-la-course-villa-de-san-juan\/\" \/>\n<meta property=\"og:site_name\" content=\"Lyc\u00e9e Fran\u00e7ais de S\u00e9ville | Colegio privado biling\u00fce en Sevilla\" \/>\n<meta property=\"article:publisher\" content=\"https:\/\/www.facebook.com\/LiceoFrancesSevilla\/\" \/>\n<meta property=\"article:published_time\" content=\"2024-03-24T09:35:08+00:00\" \/>\n<meta property=\"article:modified_time\" content=\"2024-03-24T09:35:11+00:00\" \/>\n<meta property=\"og:image\" content=\"https:\/\/lfsevilla.com\/wp-content\/uploads\/2024\/03\/Carrera-de-San-Juan.jpg\" \/>\n\t<meta property=\"og:image:width\" content=\"1080\" \/>\n\t<meta property=\"og:image:height\" content=\"1080\" \/>\n\t<meta property=\"og:image:type\" content=\"image\/jpeg\" \/>\n<meta name=\"author\" content=\"LFS\" \/>\n<meta name=\"twitter:card\" content=\"summary_large_image\" \/>\n<meta name=\"twitter:creator\" content=\"@lfsevilla\" \/>\n<meta name=\"twitter:site\" content=\"@lfsevilla\" \/>\n<meta name=\"twitter:label1\" content=\"\u00c9crit par\" \/>\n\t<meta name=\"twitter:data1\" content=\"LFS\" \/>\n\t<meta name=\"twitter:label2\" content=\"Dur\u00e9e de lecture estim\u00e9e\" \/>\n\t<meta name=\"twitter:data2\" content=\"1 minute\" \/>\n<script type=\"application\/ld+json\" class=\"yoast-schema-graph\">{\"@context\":\"https:\/\/schema.org\",\"@graph\":[{\"@type\":\"Article\",\"@id\":\"https:\/\/lfsevilla.com\/fr\/bravo-a-nos-champions-salam-el-achrafi-de-5eme-et-pol-cerda-de-1ere-sur-le-podium-de-la-course-villa-de-san-juan\/#article\",\"isPartOf\":{\"@id\":\"https:\/\/lfsevilla.com\/fr\/bravo-a-nos-champions-salam-el-achrafi-de-5eme-et-pol-cerda-de-1ere-sur-le-podium-de-la-course-villa-de-san-juan\/\"},\"author\":{\"name\":\"LFS\",\"@id\":\"https:\/\/lfsevilla.com\/#\/schema\/person\/ead715d6b1b6b2cb0bb6f7a06675d093\"},\"headline\":\"Bravo \u00e0 nos champions ! Salam El Achrafi de 5\u00e8me et Pol Cerda de 1\u00e8re sur le podium de la Course Villa de San Juan !\",\"datePublished\":\"2024-03-24T09:35:08+00:00\",\"dateModified\":\"2024-03-24T09:35:11+00:00\",\"mainEntityOfPage\":{\"@id\":\"https:\/\/lfsevilla.com\/fr\/bravo-a-nos-champions-salam-el-achrafi-de-5eme-et-pol-cerda-de-1ere-sur-le-podium-de-la-course-villa-de-san-juan\/\"},\"wordCount\":167,\"publisher\":{\"@id\":\"https:\/\/lfsevilla.com\/#organization\"},\"image\":{\"@id\":\"https:\/\/lfsevilla.com\/fr\/bravo-a-nos-champions-salam-el-achrafi-de-5eme-et-pol-cerda-de-1ere-sur-le-podium-de-la-course-villa-de-san-juan\/#primaryimage\"},\"thumbnailUrl\":\"https:\/\/lfsevilla.com\/wp-content\/uploads\/2024\/03\/Carrera-de-San-Juan.jpg\",\"articleSection\":[\"Ev\u00e9nements\",\"Nouvelles\"],\"inLanguage\":\"fr-FR\"},{\"@type\":\"WebPage\",\"@id\":\"https:\/\/lfsevilla.com\/fr\/bravo-a-nos-champions-salam-el-achrafi-de-5eme-et-pol-cerda-de-1ere-sur-le-podium-de-la-course-villa-de-san-juan\/\",\"url\":\"https:\/\/lfsevilla.com\/fr\/bravo-a-nos-champions-salam-el-achrafi-de-5eme-et-pol-cerda-de-1ere-sur-le-podium-de-la-course-villa-de-san-juan\/\",\"name\":\"Bravo \u00e0 nos champions ! Salam El Achrafi de 5\u00e8me et Pol Cerda de 1\u00e8re sur le podium de la Course Villa de San Juan ! - Lyc\u00e9e Fran\u00e7ais de S\u00e9ville | Colegio privado biling\u00fce en Sevilla\",\"isPartOf\":{\"@id\":\"https:\/\/lfsevilla.com\/#website\"},\"primaryImageOfPage\":{\"@id\":\"https:\/\/lfsevilla.com\/fr\/bravo-a-nos-champions-salam-el-achrafi-de-5eme-et-pol-cerda-de-1ere-sur-le-podium-de-la-course-villa-de-san-juan\/#primaryimage\"},\"image\":{\"@id\":\"https:\/\/lfsevilla.com\/fr\/bravo-a-nos-champions-salam-el-achrafi-de-5eme-et-pol-cerda-de-1ere-sur-le-podium-de-la-course-villa-de-san-juan\/#primaryimage\"},\"thumbnailUrl\":\"https:\/\/lfsevilla.com\/wp-content\/uploads\/2024\/03\/Carrera-de-San-Juan.jpg\",\"datePublished\":\"2024-03-24T09:35:08+00:00\",\"dateModified\":\"2024-03-24T09:35:11+00:00\",\"breadcrumb\":{\"@id\":\"https:\/\/lfsevilla.com\/fr\/bravo-a-nos-champions-salam-el-achrafi-de-5eme-et-pol-cerda-de-1ere-sur-le-podium-de-la-course-villa-de-san-juan\/#breadcrumb\"},\"inLanguage\":\"fr-FR\",\"potentialAction\":[{\"@type\":\"ReadAction\",\"target\":[\"https:\/\/lfsevilla.com\/fr\/bravo-a-nos-champions-salam-el-achrafi-de-5eme-et-pol-cerda-de-1ere-sur-le-podium-de-la-course-villa-de-san-juan\/\"]}]},{\"@type\":\"ImageObject\",\"inLanguage\":\"fr-FR\",\"@id\":\"https:\/\/lfsevilla.com\/fr\/bravo-a-nos-champions-salam-el-achrafi-de-5eme-et-pol-cerda-de-1ere-sur-le-podium-de-la-course-villa-de-san-juan\/#primaryimage\",\"url\":\"https:\/\/lfsevilla.com\/wp-content\/uploads\/2024\/03\/Carrera-de-San-Juan.jpg\",\"contentUrl\":\"https:\/\/lfsevilla.com\/wp-content\/uploads\/2024\/03\/Carrera-de-San-Juan.jpg\",\"width\":1080,\"height\":1080},{\"@type\":\"BreadcrumbList\",\"@id\":\"https:\/\/lfsevilla.com\/fr\/bravo-a-nos-champions-salam-el-achrafi-de-5eme-et-pol-cerda-de-1ere-sur-le-podium-de-la-course-villa-de-san-juan\/#breadcrumb\",\"itemListElement\":[{\"@type\":\"ListItem\",\"position\":1,\"name\":\"Portada\",\"item\":\"https:\/\/lfsevilla.com\/fr\/\"},{\"@type\":\"ListItem\",\"position\":2,\"name\":\"Bravo \u00e0 nos champions ! Salam El Achrafi de 5\u00e8me et Pol Cerda de 1\u00e8re sur le podium de la Course Villa de San Juan !\"}]},{\"@type\":\"WebSite\",\"@id\":\"https:\/\/lfsevilla.com\/#website\",\"url\":\"https:\/\/lfsevilla.com\/\",\"name\":\"Lyc\u00e9e Fran\u00e7ais de S\u00e9ville | Colegio privado internacional triling\u00fce en Sevilla\",\"description\":\"El Liceo franc\u00e9s de Sevilla ofrece una ense\u00f1anza pluriling\u00fce (ingl\u00e9s, franc\u00e9s y espa\u00f1ol), multicultural y respetuosa con las libertades individuales.\",\"publisher\":{\"@id\":\"https:\/\/lfsevilla.com\/#organization\"},\"potentialAction\":[{\"@type\":\"SearchAction\",\"target\":{\"@type\":\"EntryPoint\",\"urlTemplate\":\"https:\/\/lfsevilla.com\/?s={search_term_string}\"},\"query-input\":{\"@type\":\"PropertyValueSpecification\",\"valueRequired\":true,\"valueName\":\"search_term_string\"}}],\"inLanguage\":\"fr-FR\"},{\"@type\":\"Organization\",\"@id\":\"https:\/\/lfsevilla.com\/#organization\",\"name\":\"Lyc\u00e9e Fran\u00e7ais International de S\u00e9ville\",\"url\":\"https:\/\/lfsevilla.com\/\",\"logo\":{\"@type\":\"ImageObject\",\"inLanguage\":\"fr-FR\",\"@id\":\"https:\/\/lfsevilla.com\/#\/schema\/logo\/image\/\",\"url\":\"https:\/\/lfsevilla.com\/wp-content\/uploads\/2023\/05\/Logo-Liceo-Frances-de-Sevilla-223x223-1.jpg\",\"contentUrl\":\"https:\/\/lfsevilla.com\/wp-content\/uploads\/2023\/05\/Logo-Liceo-Frances-de-Sevilla-223x223-1.jpg\",\"width\":223,\"height\":223,\"caption\":\"Lyc\u00e9e Fran\u00e7ais International de S\u00e9ville\"},\"image\":{\"@id\":\"https:\/\/lfsevilla.com\/#\/schema\/logo\/image\/\"},\"sameAs\":[\"https:\/\/www.facebook.com\/LiceoFrancesSevilla\/\",\"https:\/\/x.com\/lfsevilla\",\"https:\/\/www.linkedin.com\/company\/liceo-francs-internacional-de-sevilla\/\",\"https:\/\/www.instagram.com\/liceofrancessevilla\/\",\"https:\/\/www.youtube.com\/@liceofrancessevilla1124\"]},{\"@type\":\"Person\",\"@id\":\"https:\/\/lfsevilla.com\/#\/schema\/person\/ead715d6b1b6b2cb0bb6f7a06675d093\",\"name\":\"LFS\",\"image\":{\"@type\":\"ImageObject\",\"inLanguage\":\"fr-FR\",\"@id\":\"https:\/\/lfsevilla.com\/#\/schema\/person\/image\/\",\"url\":\"https:\/\/secure.gravatar.com\/avatar\/2b2587b6982746a9eb2cb62bda174a08069748c2251c7ca9b6e683d4aab29597?s=96&d=mm&r=g\",\"contentUrl\":\"https:\/\/secure.gravatar.com\/avatar\/2b2587b6982746a9eb2cb62bda174a08069748c2251c7ca9b6e683d4aab29597?s=96&d=mm&r=g\",\"caption\":\"LFS\"},\"url\":\"https:\/\/lfsevilla.com\/fr\/author\/weblfsevilla-com\/\"}]}<\/script>\n<!-- \/ Yoast SEO plugin. -->","yoast_head_json":{"title":"Bravo \u00e0 nos champions ! Salam El Achrafi de 5\u00e8me et Pol Cerda de 1\u00e8re sur le podium de la Course Villa de San Juan ! - Lyc\u00e9e Fran\u00e7ais de S\u00e9ville | Colegio privado biling\u00fce en Sevilla","robots":{"index":"index","follow":"follow","max-snippet":"max-snippet:-1","max-image-preview":"max-image-preview:large","max-video-preview":"max-video-preview:-1"},"canonical":"https:\/\/lfsevilla.com\/fr\/bravo-a-nos-champions-salam-el-achrafi-de-5eme-et-pol-cerda-de-1ere-sur-le-podium-de-la-course-villa-de-san-juan\/","og_locale":"fr_FR","og_type":"article","og_title":"Bravo \u00e0 nos champions ! Salam El Achrafi de 5\u00e8me et Pol Cerda de 1\u00e8re sur le podium de la Course Villa de San Juan ! - Lyc\u00e9e Fran\u00e7ais de S\u00e9ville | Colegio privado biling\u00fce en Sevilla","og_description":"Nous sommes ravis de partager avec vous une nouvelle extraordinaire : nos \u00e9l\u00e8ves Salam El Achrafi de 5\u00e8me et Pol Cerda de 1\u00e8re ont brill\u00e9 lors de la Course Villa de San Juan en montant sur le podium ! Leur d\u00e9termination et leurs comp\u00e9tences ont \u00e9t\u00e9 remarqu\u00e9es parmi les participants, et nous sommes extr\u00eamement fiers [&hellip;]","og_url":"https:\/\/lfsevilla.com\/fr\/bravo-a-nos-champions-salam-el-achrafi-de-5eme-et-pol-cerda-de-1ere-sur-le-podium-de-la-course-villa-de-san-juan\/","og_site_name":"Lyc\u00e9e Fran\u00e7ais de S\u00e9ville | Colegio privado biling\u00fce en Sevilla","article_publisher":"https:\/\/www.facebook.com\/LiceoFrancesSevilla\/","article_published_time":"2024-03-24T09:35:08+00:00","article_modified_time":"2024-03-24T09:35:11+00:00","og_image":[{"width":1080,"height":1080,"url":"https:\/\/lfsevilla.com\/wp-content\/uploads\/2024\/03\/Carrera-de-San-Juan.jpg","type":"image\/jpeg"}],"author":"LFS","twitter_card":"summary_large_image","twitter_creator":"@lfsevilla","twitter_site":"@lfsevilla","twitter_misc":{"\u00c9crit par":"LFS","Dur\u00e9e de lecture estim\u00e9e":"1 minute"},"schema":{"@context":"https:\/\/schema.org","@graph":[{"@type":"Article","@id":"https:\/\/lfsevilla.com\/fr\/bravo-a-nos-champions-salam-el-achrafi-de-5eme-et-pol-cerda-de-1ere-sur-le-podium-de-la-course-villa-de-san-juan\/#article","isPartOf":{"@id":"https:\/\/lfsevilla.com\/fr\/bravo-a-nos-champions-salam-el-achrafi-de-5eme-et-pol-cerda-de-1ere-sur-le-podium-de-la-course-villa-de-san-juan\/"},"author":{"name":"LFS","@id":"https:\/\/lfsevilla.com\/#\/schema\/person\/ead715d6b1b6b2cb0bb6f7a06675d093"},"headline":"Bravo \u00e0 nos champions ! Salam El Achrafi de 5\u00e8me et Pol Cerda de 1\u00e8re sur le podium de la Course Villa de San Juan !","datePublished":"2024-03-24T09:35:08+00:00","dateModified":"2024-03-24T09:35:11+00:00","mainEntityOfPage":{"@id":"https:\/\/lfsevilla.com\/fr\/bravo-a-nos-champions-salam-el-achrafi-de-5eme-et-pol-cerda-de-1ere-sur-le-podium-de-la-course-villa-de-san-juan\/"},"wordCount":167,"publisher":{"@id":"https:\/\/lfsevilla.com\/#organization"},"image":{"@id":"https:\/\/lfsevilla.com\/fr\/bravo-a-nos-champions-salam-el-achrafi-de-5eme-et-pol-cerda-de-1ere-sur-le-podium-de-la-course-villa-de-san-juan\/#primaryimage"},"thumbnailUrl":"https:\/\/lfsevilla.com\/wp-content\/uploads\/2024\/03\/Carrera-de-San-Juan.jpg","articleSection":["Ev\u00e9nements","Nouvelles"],"inLanguage":"fr-FR"},{"@type":"WebPage","@id":"https:\/\/lfsevilla.com\/fr\/bravo-a-nos-champions-salam-el-achrafi-de-5eme-et-pol-cerda-de-1ere-sur-le-podium-de-la-course-villa-de-san-juan\/","url":"https:\/\/lfsevilla.com\/fr\/bravo-a-nos-champions-salam-el-achrafi-de-5eme-et-pol-cerda-de-1ere-sur-le-podium-de-la-course-villa-de-san-juan\/","name":"Bravo \u00e0 nos champions ! Salam El Achrafi de 5\u00e8me et Pol Cerda de 1\u00e8re sur le podium de la Course Villa de San Juan ! - Lyc\u00e9e Fran\u00e7ais de S\u00e9ville | Colegio privado biling\u00fce en Sevilla","isPartOf":{"@id":"https:\/\/lfsevilla.com\/#website"},"primaryImageOfPage":{"@id":"https:\/\/lfsevilla.com\/fr\/bravo-a-nos-champions-salam-el-achrafi-de-5eme-et-pol-cerda-de-1ere-sur-le-podium-de-la-course-villa-de-san-juan\/#primaryimage"},"image":{"@id":"https:\/\/lfsevilla.com\/fr\/bravo-a-nos-champions-salam-el-achrafi-de-5eme-et-pol-cerda-de-1ere-sur-le-podium-de-la-course-villa-de-san-juan\/#primaryimage"},"thumbnailUrl":"https:\/\/lfsevilla.com\/wp-content\/uploads\/2024\/03\/Carrera-de-San-Juan.jpg","datePublished":"2024-03-24T09:35:08+00:00","dateModified":"2024-03-24T09:35:11+00:00","breadcrumb":{"@id":"https:\/\/lfsevilla.com\/fr\/bravo-a-nos-champions-salam-el-achrafi-de-5eme-et-pol-cerda-de-1ere-sur-le-podium-de-la-course-villa-de-san-juan\/#breadcrumb"},"inLanguage":"fr-FR","potentialAction":[{"@type":"ReadAction","target":["https:\/\/lfsevilla.com\/fr\/bravo-a-nos-champions-salam-el-achrafi-de-5eme-et-pol-cerda-de-1ere-sur-le-podium-de-la-course-villa-de-san-juan\/"]}]},{"@type":"ImageObject","inLanguage":"fr-FR","@id":"https:\/\/lfsevilla.com\/fr\/bravo-a-nos-champions-salam-el-achrafi-de-5eme-et-pol-cerda-de-1ere-sur-le-podium-de-la-course-villa-de-san-juan\/#primaryimage","url":"https:\/\/lfsevilla.com\/wp-content\/uploads\/2024\/03\/Carrera-de-San-Juan.jpg","contentUrl":"https:\/\/lfsevilla.com\/wp-content\/uploads\/2024\/03\/Carrera-de-San-Juan.jpg","width":1080,"height":1080},{"@type":"BreadcrumbList","@id":"https:\/\/lfsevilla.com\/fr\/bravo-a-nos-champions-salam-el-achrafi-de-5eme-et-pol-cerda-de-1ere-sur-le-podium-de-la-course-villa-de-san-juan\/#breadcrumb","itemListElement":[{"@type":"ListItem","position":1,"name":"Portada","item":"https:\/\/lfsevilla.com\/fr\/"},{"@type":"ListItem","position":2,"name":"Bravo \u00e0 nos champions ! Salam El Achrafi de 5\u00e8me et Pol Cerda de 1\u00e8re sur le podium de la Course Villa de San Juan !"}]},{"@type":"WebSite","@id":"https:\/\/lfsevilla.com\/#website","url":"https:\/\/lfsevilla.com\/","name":"Lyc\u00e9e Fran\u00e7ais de S\u00e9ville | Colegio privado internacional triling\u00fce en Sevilla","description":"El Liceo franc\u00e9s de Sevilla ofrece una ense\u00f1anza pluriling\u00fce (ingl\u00e9s, franc\u00e9s y espa\u00f1ol), multicultural y respetuosa con las libertades individuales.","publisher":{"@id":"https:\/\/lfsevilla.com\/#organization"},"potentialAction":[{"@type":"SearchAction","target":{"@type":"EntryPoint","urlTemplate":"https:\/\/lfsevilla.com\/?s={search_term_string}"},"query-input":{"@type":"PropertyValueSpecification","valueRequired":true,"valueName":"search_term_string"}}],"inLanguage":"fr-FR"},{"@type":"Organization","@id":"https:\/\/lfsevilla.com\/#organization","name":"Lyc\u00e9e Fran\u00e7ais International de S\u00e9ville","url":"https:\/\/lfsevilla.com\/","logo":{"@type":"ImageObject","inLanguage":"fr-FR","@id":"https:\/\/lfsevilla.com\/#\/schema\/logo\/image\/","url":"https:\/\/lfsevilla.com\/wp-content\/uploads\/2023\/05\/Logo-Liceo-Frances-de-Sevilla-223x223-1.jpg","contentUrl":"https:\/\/lfsevilla.com\/wp-content\/uploads\/2023\/05\/Logo-Liceo-Frances-de-Sevilla-223x223-1.jpg","width":223,"height":223,"caption":"Lyc\u00e9e Fran\u00e7ais International de S\u00e9ville"},"image":{"@id":"https:\/\/lfsevilla.com\/#\/schema\/logo\/image\/"},"sameAs":["https:\/\/www.facebook.com\/LiceoFrancesSevilla\/","https:\/\/x.com\/lfsevilla","https:\/\/www.linkedin.com\/company\/liceo-francs-internacional-de-sevilla\/","https:\/\/www.instagram.com\/liceofrancessevilla\/","https:\/\/www.youtube.com\/@liceofrancessevilla1124"]},{"@type":"Person","@id":"https:\/\/lfsevilla.com\/#\/schema\/person\/ead715d6b1b6b2cb0bb6f7a06675d093","name":"LFS","image":{"@type":"ImageObject","inLanguage":"fr-FR","@id":"https:\/\/lfsevilla.com\/#\/schema\/person\/image\/","url":"https:\/\/secure.gravatar.com\/avatar\/2b2587b6982746a9eb2cb62bda174a08069748c2251c7ca9b6e683d4aab29597?s=96&d=mm&r=g","contentUrl":"https:\/\/secure.gravatar.com\/avatar\/2b2587b6982746a9eb2cb62bda174a08069748c2251c7ca9b6e683d4aab29597?s=96&d=mm&r=g","caption":"LFS"},"url":"https:\/\/lfsevilla.com\/fr\/author\/weblfsevilla-com\/"}]}},"_links":{"self":[{"href":"https:\/\/lfsevilla.com\/fr\/wp-json\/wp\/v2\/posts\/14718","targetHints":{"allow":["GET"]}}],"collection":[{"href":"https:\/\/lfsevilla.com\/fr\/wp-json\/wp\/v2\/posts"}],"about":[{"href":"https:\/\/lfsevilla.com\/fr\/wp-json\/wp\/v2\/types\/post"}],"author":[{"embeddable":true,"href":"https:\/\/lfsevilla.com\/fr\/wp-json\/wp\/v2\/users\/2"}],"replies":[{"embeddable":true,"href":"https:\/\/lfsevilla.com\/fr\/wp-json\/wp\/v2\/comments?post=14718"}],"version-history":[{"count":1,"href":"https:\/\/lfsevilla.com\/fr\/wp-json\/wp\/v2\/posts\/14718\/revisions"}],"predecessor-version":[{"id":14719,"href":"https:\/\/lfsevilla.com\/fr\/wp-json\/wp\/v2\/posts\/14718\/revisions\/14719"}],"wp:featuredmedia":[{"embeddable":true,"href":"https:\/\/lfsevilla.com\/fr\/wp-json\/wp\/v2\/media\/14716"}],"wp:attachment":[{"href":"https:\/\/lfsevilla.com\/fr\/wp-json\/wp\/v2\/media?parent=14718"}],"wp:term":[{"taxonomy":"category","embeddable":true,"href":"https:\/\/lfsevilla.com\/fr\/wp-json\/wp\/v2\/categories?post=14718"},{"taxonomy":"post_tag","embeddable":true,"href":"https:\/\/lfsevilla.com\/fr\/wp-json\/wp\/v2\/tags?post=14718"}],"curies":[{"name":"wp","href":"https:\/\/api.w.org\/{rel}","templated":true}]}}