{"id":13286,"date":"2023-06-28T14:03:00","date_gmt":"2023-06-28T12:03:00","guid":{"rendered":"https:\/\/lfsevilla.com\/?p=13286"},"modified":"2023-06-28T14:03:03","modified_gmt":"2023-06-28T12:03:03","slug":"impressionnante-representation-de-batucada-de-fin-dannee","status":"publish","type":"post","link":"https:\/\/lfsevilla.com\/fr\/impressionnante-representation-de-batucada-de-fin-dannee\/","title":{"rendered":"Impressionnante repr\u00e9sentation de batucada de fin d&#8217;ann\u00e9e"},"content":{"rendered":"\n<p>Le Th\u00e9\u00e2tre Path\u00e9 de S\u00e9ville a accueilli le spectacle musical de fin d&#8217;ann\u00e9e du Lyc\u00e9e Fran\u00e7ais de S\u00e9ville. Impressionnante repr\u00e9sentation de batucada o\u00f9 tous les \u00e9l\u00e8ves de la Maternelle au Coll\u00e8ge ont particip\u00e9.<br><\/p>\n\n\n\n<p>Les familles ont pu appr\u00e9cier un spectacle rempli de force, de rythme et de puissance permettant \u00e0 chaque classe de pr\u00e9senter sur sc\u00e8ne tout le travail effectu\u00e9 tout au long de l&#8217;ann\u00e9e avec Manu notre professeur de batucada.<\/p>\n\n\n\n<figure class=\"wp-block-gallery has-nested-images columns-default is-cropped wp-block-gallery-1 is-layout-flex wp-block-gallery-is-layout-flex\">\n<figure class=\"wp-block-image size-large\"><img decoding=\"async\" width=\"771\" height=\"1024\" data-id=\"13277\" src=\"https:\/\/lfsevilla.com\/wp-content\/uploads\/2023\/06\/IMG20230624124714-1-771x1024.jpg\" alt=\"\" class=\"wp-image-13277\"\/><\/figure>\n\n\n\n<figure class=\"wp-block-image size-large\"><img decoding=\"async\" width=\"1024\" height=\"771\" data-id=\"13275\" src=\"https:\/\/lfsevilla.com\/wp-content\/uploads\/2023\/06\/IMG20230624130638-1024x771.jpg\" alt=\"\" class=\"wp-image-13275\" srcset=\"https:\/\/lfsevilla.com\/wp-content\/uploads\/2023\/06\/IMG20230624130638-980x738.jpg 980w, https:\/\/lfsevilla.com\/wp-content\/uploads\/2023\/06\/IMG20230624130638-480x362.jpg 480w\" sizes=\"(min-width: 0px) and (max-width: 480px) 480px, (min-width: 481px) and (max-width: 980px) 980px, (min-width: 981px) 1024px, 100vw\" \/><\/figure>\n\n\n\n<figure class=\"wp-block-image size-large\"><img decoding=\"async\" width=\"771\" height=\"1024\" data-id=\"13273\" src=\"https:\/\/lfsevilla.com\/wp-content\/uploads\/2023\/06\/IMG20230624130401-771x1024.jpg\" alt=\"\" class=\"wp-image-13273\"\/><\/figure>\n\n\n\n<figure class=\"wp-block-image size-large\"><img decoding=\"async\" width=\"1024\" height=\"1024\" data-id=\"13271\" src=\"https:\/\/lfsevilla.com\/wp-content\/uploads\/2023\/06\/IMG20230624125438_01-1024x1024.jpg\" alt=\"\" class=\"wp-image-13271\" srcset=\"https:\/\/lfsevilla.com\/wp-content\/uploads\/2023\/06\/IMG20230624125438_01-980x980.jpg 980w, https:\/\/lfsevilla.com\/wp-content\/uploads\/2023\/06\/IMG20230624125438_01-480x480.jpg 480w\" sizes=\"(min-width: 0px) and (max-width: 480px) 480px, (min-width: 481px) and (max-width: 980px) 980px, (min-width: 981px) 1024px, 100vw\" \/><\/figure>\n\n\n\n<figure class=\"wp-block-image size-large\"><img decoding=\"async\" width=\"1024\" height=\"1024\" data-id=\"13269\" src=\"https:\/\/lfsevilla.com\/wp-content\/uploads\/2023\/06\/IMG20230624125032-1-1024x1024.jpg\" alt=\"\" class=\"wp-image-13269\" srcset=\"https:\/\/lfsevilla.com\/wp-content\/uploads\/2023\/06\/IMG20230624125032-1-980x980.jpg 980w, https:\/\/lfsevilla.com\/wp-content\/uploads\/2023\/06\/IMG20230624125032-1-480x480.jpg 480w\" sizes=\"(min-width: 0px) and (max-width: 480px) 480px, (min-width: 481px) and (max-width: 980px) 980px, (min-width: 981px) 1024px, 100vw\" \/><\/figure>\n\n\n\n<figure class=\"wp-block-image size-large\"><img decoding=\"async\" width=\"768\" height=\"1024\" data-id=\"13267\" src=\"https:\/\/lfsevilla.com\/wp-content\/uploads\/2023\/06\/IMG20230624131204-1-768x1024.jpg\" alt=\"\" class=\"wp-image-13267\"\/><\/figure>\n\n\n\n<figure class=\"wp-block-image size-large\"><img decoding=\"async\" data-id=\"13263\" src=\"https:\/\/lfsevilla.com\/wp-content\/uploads\/2023\/06\/IMG20230624125036_01-scaled.jpg\" alt=\"\" class=\"wp-image-13263\"\/><\/figure>\n\n\n\n<figure class=\"wp-block-image size-large\"><img decoding=\"async\" data-id=\"13258\" src=\"https:\/\/lfsevilla.com\/wp-content\/uploads\/2023\/06\/IMG20230624125721-scaled.jpg\" alt=\"\" class=\"wp-image-13258\"\/><\/figure>\n\n\n\n<figure class=\"wp-block-image size-large\"><img decoding=\"async\" width=\"768\" height=\"1024\" data-id=\"13255\" src=\"https:\/\/lfsevilla.com\/wp-content\/uploads\/2023\/06\/IMG20230624131202-768x1024.jpg\" alt=\"\" class=\"wp-image-13255\"\/><\/figure>\n\n\n\n<figure class=\"wp-block-image size-large\"><img decoding=\"async\" width=\"768\" height=\"1024\" data-id=\"13249\" src=\"https:\/\/lfsevilla.com\/wp-content\/uploads\/2023\/06\/IMG20230624131204-768x1024.jpg\" alt=\"\" class=\"wp-image-13249\"\/><\/figure>\n<\/figure>\n","protected":false},"excerpt":{"rendered":"<p>Le Th\u00e9\u00e2tre Path\u00e9 de S\u00e9ville a accueilli le spectacle musical de fin d&#8217;ann\u00e9e du Lyc\u00e9e Fran\u00e7ais de S\u00e9ville. Impressionnante repr\u00e9sentation de batucada o\u00f9 tous les \u00e9l\u00e8ves de la Maternelle au Coll\u00e8ge ont particip\u00e9. Les familles ont pu appr\u00e9cier un spectacle rempli de force, de rythme et de puissance permettant \u00e0 chaque classe de pr\u00e9senter sur [&hellip;]<\/p>\n","protected":false},"author":2,"featured_media":13275,"comment_status":"closed","ping_status":"open","sticky":false,"template":"","format":"standard","meta":{"_et_pb_use_builder":"off","_et_pb_old_content":"","_et_gb_content_width":"","footnotes":""},"categories":[48,32],"tags":[],"class_list":["post-13286","post","type-post","status-publish","format-standard","has-post-thumbnail","hentry","category-actualites","category-nouvelles"],"yoast_head":"<!-- This site is optimized with the Yoast SEO plugin v27.0 - https:\/\/yoast.com\/product\/yoast-seo-wordpress\/ -->\n<title>Impressionnante repr\u00e9sentation de batucada de fin d&#039;ann\u00e9e - Lyc\u00e9e Fran\u00e7ais de S\u00e9ville | Colegio privado biling\u00fce en Sevilla<\/title>\n<meta name=\"robots\" content=\"index, follow, max-snippet:-1, max-image-preview:large, max-video-preview:-1\" \/>\n<link rel=\"canonical\" href=\"https:\/\/lfsevilla.com\/fr\/impressionnante-representation-de-batucada-de-fin-dannee\/\" \/>\n<meta property=\"og:locale\" content=\"fr_FR\" \/>\n<meta property=\"og:type\" content=\"article\" \/>\n<meta property=\"og:title\" content=\"Impressionnante repr\u00e9sentation de batucada de fin d&#039;ann\u00e9e - Lyc\u00e9e Fran\u00e7ais de S\u00e9ville | Colegio privado biling\u00fce en Sevilla\" \/>\n<meta property=\"og:description\" content=\"Le Th\u00e9\u00e2tre Path\u00e9 de S\u00e9ville a accueilli le spectacle musical de fin d&#8217;ann\u00e9e du Lyc\u00e9e Fran\u00e7ais de S\u00e9ville. Impressionnante repr\u00e9sentation de batucada o\u00f9 tous les \u00e9l\u00e8ves de la Maternelle au Coll\u00e8ge ont particip\u00e9. Les familles ont pu appr\u00e9cier un spectacle rempli de force, de rythme et de puissance permettant \u00e0 chaque classe de pr\u00e9senter sur [&hellip;]\" \/>\n<meta property=\"og:url\" content=\"https:\/\/lfsevilla.com\/fr\/impressionnante-representation-de-batucada-de-fin-dannee\/\" \/>\n<meta property=\"og:site_name\" content=\"Lyc\u00e9e Fran\u00e7ais de S\u00e9ville | Colegio privado biling\u00fce en Sevilla\" \/>\n<meta property=\"article:publisher\" content=\"https:\/\/www.facebook.com\/LiceoFrancesSevilla\/\" \/>\n<meta property=\"article:published_time\" content=\"2023-06-28T12:03:00+00:00\" \/>\n<meta property=\"article:modified_time\" content=\"2023-06-28T12:03:03+00:00\" \/>\n<meta property=\"og:image\" content=\"https:\/\/lfsevilla.com\/wp-content\/uploads\/2023\/06\/IMG20230624130638-scaled.jpg\" \/>\n\t<meta property=\"og:image:width\" content=\"2560\" \/>\n\t<meta property=\"og:image:height\" content=\"1928\" \/>\n\t<meta property=\"og:image:type\" content=\"image\/jpeg\" \/>\n<meta name=\"author\" content=\"LFS\" \/>\n<meta name=\"twitter:card\" content=\"summary_large_image\" \/>\n<meta name=\"twitter:creator\" content=\"@lfsevilla\" \/>\n<meta name=\"twitter:site\" content=\"@lfsevilla\" \/>\n<meta name=\"twitter:label1\" content=\"\u00c9crit par\" \/>\n\t<meta name=\"twitter:data1\" content=\"LFS\" \/>\n\t<meta name=\"twitter:label2\" content=\"Dur\u00e9e de lecture estim\u00e9e\" \/>\n\t<meta name=\"twitter:data2\" content=\"3 minutes\" \/>\n<script type=\"application\/ld+json\" class=\"yoast-schema-graph\">{\"@context\":\"https:\/\/schema.org\",\"@graph\":[{\"@type\":\"Article\",\"@id\":\"https:\/\/lfsevilla.com\/fr\/impressionnante-representation-de-batucada-de-fin-dannee\/#article\",\"isPartOf\":{\"@id\":\"https:\/\/lfsevilla.com\/fr\/impressionnante-representation-de-batucada-de-fin-dannee\/\"},\"author\":{\"name\":\"LFS\",\"@id\":\"https:\/\/lfsevilla.com\/#\/schema\/person\/ead715d6b1b6b2cb0bb6f7a06675d093\"},\"headline\":\"Impressionnante repr\u00e9sentation de batucada de fin d&#8217;ann\u00e9e\",\"datePublished\":\"2023-06-28T12:03:00+00:00\",\"dateModified\":\"2023-06-28T12:03:03+00:00\",\"mainEntityOfPage\":{\"@id\":\"https:\/\/lfsevilla.com\/fr\/impressionnante-representation-de-batucada-de-fin-dannee\/\"},\"wordCount\":95,\"publisher\":{\"@id\":\"https:\/\/lfsevilla.com\/#organization\"},\"image\":{\"@id\":\"https:\/\/lfsevilla.com\/fr\/impressionnante-representation-de-batucada-de-fin-dannee\/#primaryimage\"},\"thumbnailUrl\":\"https:\/\/lfsevilla.com\/wp-content\/uploads\/2023\/06\/IMG20230624130638-scaled.jpg\",\"articleSection\":[\"Actualit\u00e9s\",\"Nouvelles\"],\"inLanguage\":\"fr-FR\"},{\"@type\":\"WebPage\",\"@id\":\"https:\/\/lfsevilla.com\/fr\/impressionnante-representation-de-batucada-de-fin-dannee\/\",\"url\":\"https:\/\/lfsevilla.com\/fr\/impressionnante-representation-de-batucada-de-fin-dannee\/\",\"name\":\"Impressionnante repr\u00e9sentation de batucada de fin d'ann\u00e9e - Lyc\u00e9e Fran\u00e7ais de S\u00e9ville | Colegio privado biling\u00fce en Sevilla\",\"isPartOf\":{\"@id\":\"https:\/\/lfsevilla.com\/#website\"},\"primaryImageOfPage\":{\"@id\":\"https:\/\/lfsevilla.com\/fr\/impressionnante-representation-de-batucada-de-fin-dannee\/#primaryimage\"},\"image\":{\"@id\":\"https:\/\/lfsevilla.com\/fr\/impressionnante-representation-de-batucada-de-fin-dannee\/#primaryimage\"},\"thumbnailUrl\":\"https:\/\/lfsevilla.com\/wp-content\/uploads\/2023\/06\/IMG20230624130638-scaled.jpg\",\"datePublished\":\"2023-06-28T12:03:00+00:00\",\"dateModified\":\"2023-06-28T12:03:03+00:00\",\"breadcrumb\":{\"@id\":\"https:\/\/lfsevilla.com\/fr\/impressionnante-representation-de-batucada-de-fin-dannee\/#breadcrumb\"},\"inLanguage\":\"fr-FR\",\"potentialAction\":[{\"@type\":\"ReadAction\",\"target\":[\"https:\/\/lfsevilla.com\/fr\/impressionnante-representation-de-batucada-de-fin-dannee\/\"]}]},{\"@type\":\"ImageObject\",\"inLanguage\":\"fr-FR\",\"@id\":\"https:\/\/lfsevilla.com\/fr\/impressionnante-representation-de-batucada-de-fin-dannee\/#primaryimage\",\"url\":\"https:\/\/lfsevilla.com\/wp-content\/uploads\/2023\/06\/IMG20230624130638-scaled.jpg\",\"contentUrl\":\"https:\/\/lfsevilla.com\/wp-content\/uploads\/2023\/06\/IMG20230624130638-scaled.jpg\",\"width\":2560,\"height\":1928},{\"@type\":\"BreadcrumbList\",\"@id\":\"https:\/\/lfsevilla.com\/fr\/impressionnante-representation-de-batucada-de-fin-dannee\/#breadcrumb\",\"itemListElement\":[{\"@type\":\"ListItem\",\"position\":1,\"name\":\"Portada\",\"item\":\"https:\/\/lfsevilla.com\/fr\/\"},{\"@type\":\"ListItem\",\"position\":2,\"name\":\"Impressionnante repr\u00e9sentation de batucada de fin d&#8217;ann\u00e9e\"}]},{\"@type\":\"WebSite\",\"@id\":\"https:\/\/lfsevilla.com\/#website\",\"url\":\"https:\/\/lfsevilla.com\/\",\"name\":\"Lyc\u00e9e Fran\u00e7ais de S\u00e9ville | Colegio privado internacional triling\u00fce en Sevilla\",\"description\":\"El Liceo franc\u00e9s de Sevilla ofrece una ense\u00f1anza pluriling\u00fce (ingl\u00e9s, franc\u00e9s y espa\u00f1ol), multicultural y respetuosa con las libertades individuales.\",\"publisher\":{\"@id\":\"https:\/\/lfsevilla.com\/#organization\"},\"potentialAction\":[{\"@type\":\"SearchAction\",\"target\":{\"@type\":\"EntryPoint\",\"urlTemplate\":\"https:\/\/lfsevilla.com\/?s={search_term_string}\"},\"query-input\":{\"@type\":\"PropertyValueSpecification\",\"valueRequired\":true,\"valueName\":\"search_term_string\"}}],\"inLanguage\":\"fr-FR\"},{\"@type\":\"Organization\",\"@id\":\"https:\/\/lfsevilla.com\/#organization\",\"name\":\"Lyc\u00e9e Fran\u00e7ais International de S\u00e9ville\",\"url\":\"https:\/\/lfsevilla.com\/\",\"logo\":{\"@type\":\"ImageObject\",\"inLanguage\":\"fr-FR\",\"@id\":\"https:\/\/lfsevilla.com\/#\/schema\/logo\/image\/\",\"url\":\"https:\/\/lfsevilla.com\/wp-content\/uploads\/2023\/05\/Logo-Liceo-Frances-de-Sevilla-223x223-1.jpg\",\"contentUrl\":\"https:\/\/lfsevilla.com\/wp-content\/uploads\/2023\/05\/Logo-Liceo-Frances-de-Sevilla-223x223-1.jpg\",\"width\":223,\"height\":223,\"caption\":\"Lyc\u00e9e Fran\u00e7ais International de S\u00e9ville\"},\"image\":{\"@id\":\"https:\/\/lfsevilla.com\/#\/schema\/logo\/image\/\"},\"sameAs\":[\"https:\/\/www.facebook.com\/LiceoFrancesSevilla\/\",\"https:\/\/x.com\/lfsevilla\",\"https:\/\/www.linkedin.com\/company\/liceo-francs-internacional-de-sevilla\/\",\"https:\/\/www.instagram.com\/liceofrancessevilla\/\",\"https:\/\/www.youtube.com\/@liceofrancessevilla1124\"]},{\"@type\":\"Person\",\"@id\":\"https:\/\/lfsevilla.com\/#\/schema\/person\/ead715d6b1b6b2cb0bb6f7a06675d093\",\"name\":\"LFS\",\"image\":{\"@type\":\"ImageObject\",\"inLanguage\":\"fr-FR\",\"@id\":\"https:\/\/lfsevilla.com\/#\/schema\/person\/image\/\",\"url\":\"https:\/\/secure.gravatar.com\/avatar\/2b2587b6982746a9eb2cb62bda174a08069748c2251c7ca9b6e683d4aab29597?s=96&d=mm&r=g\",\"contentUrl\":\"https:\/\/secure.gravatar.com\/avatar\/2b2587b6982746a9eb2cb62bda174a08069748c2251c7ca9b6e683d4aab29597?s=96&d=mm&r=g\",\"caption\":\"LFS\"},\"url\":\"https:\/\/lfsevilla.com\/fr\/author\/weblfsevilla-com\/\"}]}<\/script>\n<!-- \/ Yoast SEO plugin. -->","yoast_head_json":{"title":"Impressionnante repr\u00e9sentation de batucada de fin d'ann\u00e9e - Lyc\u00e9e Fran\u00e7ais de S\u00e9ville | Colegio privado biling\u00fce en Sevilla","robots":{"index":"index","follow":"follow","max-snippet":"max-snippet:-1","max-image-preview":"max-image-preview:large","max-video-preview":"max-video-preview:-1"},"canonical":"https:\/\/lfsevilla.com\/fr\/impressionnante-representation-de-batucada-de-fin-dannee\/","og_locale":"fr_FR","og_type":"article","og_title":"Impressionnante repr\u00e9sentation de batucada de fin d'ann\u00e9e - Lyc\u00e9e Fran\u00e7ais de S\u00e9ville | Colegio privado biling\u00fce en Sevilla","og_description":"Le Th\u00e9\u00e2tre Path\u00e9 de S\u00e9ville a accueilli le spectacle musical de fin d&#8217;ann\u00e9e du Lyc\u00e9e Fran\u00e7ais de S\u00e9ville. Impressionnante repr\u00e9sentation de batucada o\u00f9 tous les \u00e9l\u00e8ves de la Maternelle au Coll\u00e8ge ont particip\u00e9. Les familles ont pu appr\u00e9cier un spectacle rempli de force, de rythme et de puissance permettant \u00e0 chaque classe de pr\u00e9senter sur [&hellip;]","og_url":"https:\/\/lfsevilla.com\/fr\/impressionnante-representation-de-batucada-de-fin-dannee\/","og_site_name":"Lyc\u00e9e Fran\u00e7ais de S\u00e9ville | Colegio privado biling\u00fce en Sevilla","article_publisher":"https:\/\/www.facebook.com\/LiceoFrancesSevilla\/","article_published_time":"2023-06-28T12:03:00+00:00","article_modified_time":"2023-06-28T12:03:03+00:00","og_image":[{"width":2560,"height":1928,"url":"https:\/\/lfsevilla.com\/wp-content\/uploads\/2023\/06\/IMG20230624130638-scaled.jpg","type":"image\/jpeg"}],"author":"LFS","twitter_card":"summary_large_image","twitter_creator":"@lfsevilla","twitter_site":"@lfsevilla","twitter_misc":{"\u00c9crit par":"LFS","Dur\u00e9e de lecture estim\u00e9e":"3 minutes"},"schema":{"@context":"https:\/\/schema.org","@graph":[{"@type":"Article","@id":"https:\/\/lfsevilla.com\/fr\/impressionnante-representation-de-batucada-de-fin-dannee\/#article","isPartOf":{"@id":"https:\/\/lfsevilla.com\/fr\/impressionnante-representation-de-batucada-de-fin-dannee\/"},"author":{"name":"LFS","@id":"https:\/\/lfsevilla.com\/#\/schema\/person\/ead715d6b1b6b2cb0bb6f7a06675d093"},"headline":"Impressionnante repr\u00e9sentation de batucada de fin d&#8217;ann\u00e9e","datePublished":"2023-06-28T12:03:00+00:00","dateModified":"2023-06-28T12:03:03+00:00","mainEntityOfPage":{"@id":"https:\/\/lfsevilla.com\/fr\/impressionnante-representation-de-batucada-de-fin-dannee\/"},"wordCount":95,"publisher":{"@id":"https:\/\/lfsevilla.com\/#organization"},"image":{"@id":"https:\/\/lfsevilla.com\/fr\/impressionnante-representation-de-batucada-de-fin-dannee\/#primaryimage"},"thumbnailUrl":"https:\/\/lfsevilla.com\/wp-content\/uploads\/2023\/06\/IMG20230624130638-scaled.jpg","articleSection":["Actualit\u00e9s","Nouvelles"],"inLanguage":"fr-FR"},{"@type":"WebPage","@id":"https:\/\/lfsevilla.com\/fr\/impressionnante-representation-de-batucada-de-fin-dannee\/","url":"https:\/\/lfsevilla.com\/fr\/impressionnante-representation-de-batucada-de-fin-dannee\/","name":"Impressionnante repr\u00e9sentation de batucada de fin d'ann\u00e9e - Lyc\u00e9e Fran\u00e7ais de S\u00e9ville | Colegio privado biling\u00fce en Sevilla","isPartOf":{"@id":"https:\/\/lfsevilla.com\/#website"},"primaryImageOfPage":{"@id":"https:\/\/lfsevilla.com\/fr\/impressionnante-representation-de-batucada-de-fin-dannee\/#primaryimage"},"image":{"@id":"https:\/\/lfsevilla.com\/fr\/impressionnante-representation-de-batucada-de-fin-dannee\/#primaryimage"},"thumbnailUrl":"https:\/\/lfsevilla.com\/wp-content\/uploads\/2023\/06\/IMG20230624130638-scaled.jpg","datePublished":"2023-06-28T12:03:00+00:00","dateModified":"2023-06-28T12:03:03+00:00","breadcrumb":{"@id":"https:\/\/lfsevilla.com\/fr\/impressionnante-representation-de-batucada-de-fin-dannee\/#breadcrumb"},"inLanguage":"fr-FR","potentialAction":[{"@type":"ReadAction","target":["https:\/\/lfsevilla.com\/fr\/impressionnante-representation-de-batucada-de-fin-dannee\/"]}]},{"@type":"ImageObject","inLanguage":"fr-FR","@id":"https:\/\/lfsevilla.com\/fr\/impressionnante-representation-de-batucada-de-fin-dannee\/#primaryimage","url":"https:\/\/lfsevilla.com\/wp-content\/uploads\/2023\/06\/IMG20230624130638-scaled.jpg","contentUrl":"https:\/\/lfsevilla.com\/wp-content\/uploads\/2023\/06\/IMG20230624130638-scaled.jpg","width":2560,"height":1928},{"@type":"BreadcrumbList","@id":"https:\/\/lfsevilla.com\/fr\/impressionnante-representation-de-batucada-de-fin-dannee\/#breadcrumb","itemListElement":[{"@type":"ListItem","position":1,"name":"Portada","item":"https:\/\/lfsevilla.com\/fr\/"},{"@type":"ListItem","position":2,"name":"Impressionnante repr\u00e9sentation de batucada de fin d&#8217;ann\u00e9e"}]},{"@type":"WebSite","@id":"https:\/\/lfsevilla.com\/#website","url":"https:\/\/lfsevilla.com\/","name":"Lyc\u00e9e Fran\u00e7ais de S\u00e9ville | Colegio privado internacional triling\u00fce en Sevilla","description":"El Liceo franc\u00e9s de Sevilla ofrece una ense\u00f1anza pluriling\u00fce (ingl\u00e9s, franc\u00e9s y espa\u00f1ol), multicultural y respetuosa con las libertades individuales.","publisher":{"@id":"https:\/\/lfsevilla.com\/#organization"},"potentialAction":[{"@type":"SearchAction","target":{"@type":"EntryPoint","urlTemplate":"https:\/\/lfsevilla.com\/?s={search_term_string}"},"query-input":{"@type":"PropertyValueSpecification","valueRequired":true,"valueName":"search_term_string"}}],"inLanguage":"fr-FR"},{"@type":"Organization","@id":"https:\/\/lfsevilla.com\/#organization","name":"Lyc\u00e9e Fran\u00e7ais International de S\u00e9ville","url":"https:\/\/lfsevilla.com\/","logo":{"@type":"ImageObject","inLanguage":"fr-FR","@id":"https:\/\/lfsevilla.com\/#\/schema\/logo\/image\/","url":"https:\/\/lfsevilla.com\/wp-content\/uploads\/2023\/05\/Logo-Liceo-Frances-de-Sevilla-223x223-1.jpg","contentUrl":"https:\/\/lfsevilla.com\/wp-content\/uploads\/2023\/05\/Logo-Liceo-Frances-de-Sevilla-223x223-1.jpg","width":223,"height":223,"caption":"Lyc\u00e9e Fran\u00e7ais International de S\u00e9ville"},"image":{"@id":"https:\/\/lfsevilla.com\/#\/schema\/logo\/image\/"},"sameAs":["https:\/\/www.facebook.com\/LiceoFrancesSevilla\/","https:\/\/x.com\/lfsevilla","https:\/\/www.linkedin.com\/company\/liceo-francs-internacional-de-sevilla\/","https:\/\/www.instagram.com\/liceofrancessevilla\/","https:\/\/www.youtube.com\/@liceofrancessevilla1124"]},{"@type":"Person","@id":"https:\/\/lfsevilla.com\/#\/schema\/person\/ead715d6b1b6b2cb0bb6f7a06675d093","name":"LFS","image":{"@type":"ImageObject","inLanguage":"fr-FR","@id":"https:\/\/lfsevilla.com\/#\/schema\/person\/image\/","url":"https:\/\/secure.gravatar.com\/avatar\/2b2587b6982746a9eb2cb62bda174a08069748c2251c7ca9b6e683d4aab29597?s=96&d=mm&r=g","contentUrl":"https:\/\/secure.gravatar.com\/avatar\/2b2587b6982746a9eb2cb62bda174a08069748c2251c7ca9b6e683d4aab29597?s=96&d=mm&r=g","caption":"LFS"},"url":"https:\/\/lfsevilla.com\/fr\/author\/weblfsevilla-com\/"}]}},"_links":{"self":[{"href":"https:\/\/lfsevilla.com\/fr\/wp-json\/wp\/v2\/posts\/13286","targetHints":{"allow":["GET"]}}],"collection":[{"href":"https:\/\/lfsevilla.com\/fr\/wp-json\/wp\/v2\/posts"}],"about":[{"href":"https:\/\/lfsevilla.com\/fr\/wp-json\/wp\/v2\/types\/post"}],"author":[{"embeddable":true,"href":"https:\/\/lfsevilla.com\/fr\/wp-json\/wp\/v2\/users\/2"}],"replies":[{"embeddable":true,"href":"https:\/\/lfsevilla.com\/fr\/wp-json\/wp\/v2\/comments?post=13286"}],"version-history":[{"count":1,"href":"https:\/\/lfsevilla.com\/fr\/wp-json\/wp\/v2\/posts\/13286\/revisions"}],"predecessor-version":[{"id":13287,"href":"https:\/\/lfsevilla.com\/fr\/wp-json\/wp\/v2\/posts\/13286\/revisions\/13287"}],"wp:featuredmedia":[{"embeddable":true,"href":"https:\/\/lfsevilla.com\/fr\/wp-json\/wp\/v2\/media\/13275"}],"wp:attachment":[{"href":"https:\/\/lfsevilla.com\/fr\/wp-json\/wp\/v2\/media?parent=13286"}],"wp:term":[{"taxonomy":"category","embeddable":true,"href":"https:\/\/lfsevilla.com\/fr\/wp-json\/wp\/v2\/categories?post=13286"},{"taxonomy":"post_tag","embeddable":true,"href":"https:\/\/lfsevilla.com\/fr\/wp-json\/wp\/v2\/tags?post=13286"}],"curies":[{"name":"wp","href":"https:\/\/api.w.org\/{rel}","templated":true}]}}