{"id":13184,"date":"2023-06-19T20:48:08","date_gmt":"2023-06-19T18:48:08","guid":{"rendered":"https:\/\/lfsevilla.com\/?p=13184"},"modified":"2023-06-19T20:48:10","modified_gmt":"2023-06-19T18:48:10","slug":"graduation-des-eleves-de-la-promotion-2022-23","status":"publish","type":"post","link":"https:\/\/lfsevilla.com\/fr\/graduation-des-eleves-de-la-promotion-2022-23\/","title":{"rendered":"Graduation des \u00e9l\u00e8ves de la promotion 2022-23"},"content":{"rendered":"\n<p>La &#8220;Graduation&#8221; des \u00e9l\u00e8ves de Terminale de la promotion 2022-23 s&#8217;est d\u00e9roul\u00e9e dans la salle polyvalente du Lyc\u00e9e, en pr\u00e9sence de l&#8217;\u00e9quipe de direction de l&#8217;\u00e9tablissement ainsi que des professeurs qui les ont pr\u00e9par\u00e9s \u00e0 cette nouvelle \u00e9tape acad\u00e9mique.<\/p>\n\n\n\n<p><br>Nous f\u00e9licitons Haitham, Eduardo, Ariane, Malena, Eve, Abdessamad, Laurelinna, Kenza, Grace, Eva et Violette pour leur dipl\u00f4me et leur souhaitons beaucoup de succ\u00e8s acad\u00e9mique et personnel dans leur vie universitaire.<\/p>\n\n\n\n<figure class=\"wp-block-gallery has-nested-images columns-default is-cropped wp-block-gallery-1 is-layout-flex wp-block-gallery-is-layout-flex\">\n<figure class=\"wp-block-image size-large\"><img decoding=\"async\" width=\"1024\" height=\"683\" data-id=\"13150\" src=\"https:\/\/lfsevilla.com\/wp-content\/uploads\/2023\/06\/IMG_6228-1024x683.jpg\" alt=\"\" class=\"wp-image-13150\" srcset=\"https:\/\/lfsevilla.com\/wp-content\/uploads\/2023\/06\/IMG_6228-980x653.jpg 980w, https:\/\/lfsevilla.com\/wp-content\/uploads\/2023\/06\/IMG_6228-480x320.jpg 480w\" sizes=\"(min-width: 0px) and (max-width: 480px) 480px, (min-width: 481px) and (max-width: 980px) 980px, (min-width: 981px) 1024px, 100vw\" \/><\/figure>\n\n\n\n<figure class=\"wp-block-image size-large\"><img decoding=\"async\" width=\"1024\" height=\"683\" data-id=\"13140\" src=\"https:\/\/lfsevilla.com\/wp-content\/uploads\/2023\/06\/IMG_6236-1024x683.jpg\" alt=\"\" class=\"wp-image-13140\" srcset=\"https:\/\/lfsevilla.com\/wp-content\/uploads\/2023\/06\/IMG_6236-980x653.jpg 980w, https:\/\/lfsevilla.com\/wp-content\/uploads\/2023\/06\/IMG_6236-480x320.jpg 480w\" sizes=\"(min-width: 0px) and (max-width: 480px) 480px, (min-width: 481px) and (max-width: 980px) 980px, (min-width: 981px) 1024px, 100vw\" \/><\/figure>\n\n\n\n<figure class=\"wp-block-image size-large\"><img decoding=\"async\" width=\"1024\" height=\"683\" data-id=\"13142\" src=\"https:\/\/lfsevilla.com\/wp-content\/uploads\/2023\/06\/IMG_6230-1024x683.jpg\" alt=\"\" class=\"wp-image-13142\" srcset=\"https:\/\/lfsevilla.com\/wp-content\/uploads\/2023\/06\/IMG_6230-980x653.jpg 980w, https:\/\/lfsevilla.com\/wp-content\/uploads\/2023\/06\/IMG_6230-480x320.jpg 480w\" sizes=\"(min-width: 0px) and (max-width: 480px) 480px, (min-width: 481px) and (max-width: 980px) 980px, (min-width: 981px) 1024px, 100vw\" \/><\/figure>\n\n\n\n<figure class=\"wp-block-image size-large\"><img decoding=\"async\" width=\"1024\" height=\"683\" data-id=\"13146\" src=\"https:\/\/lfsevilla.com\/wp-content\/uploads\/2023\/06\/IMG_6237-1024x683.jpg\" alt=\"\" class=\"wp-image-13146\" srcset=\"https:\/\/lfsevilla.com\/wp-content\/uploads\/2023\/06\/IMG_6237-980x653.jpg 980w, https:\/\/lfsevilla.com\/wp-content\/uploads\/2023\/06\/IMG_6237-480x320.jpg 480w\" sizes=\"(min-width: 0px) and (max-width: 480px) 480px, (min-width: 481px) and (max-width: 980px) 980px, (min-width: 981px) 1024px, 100vw\" \/><\/figure>\n\n\n\n<figure class=\"wp-block-image size-large\"><img decoding=\"async\" width=\"1024\" height=\"683\" data-id=\"13148\" src=\"https:\/\/lfsevilla.com\/wp-content\/uploads\/2023\/06\/IMG_6248-1024x683.jpg\" alt=\"\" class=\"wp-image-13148\" srcset=\"https:\/\/lfsevilla.com\/wp-content\/uploads\/2023\/06\/IMG_6248-980x653.jpg 980w, https:\/\/lfsevilla.com\/wp-content\/uploads\/2023\/06\/IMG_6248-480x320.jpg 480w\" sizes=\"(min-width: 0px) and (max-width: 480px) 480px, (min-width: 481px) and (max-width: 980px) 980px, (min-width: 981px) 1024px, 100vw\" \/><\/figure>\n\n\n\n<figure class=\"wp-block-image size-large\"><img decoding=\"async\" width=\"1024\" height=\"683\" data-id=\"13144\" src=\"https:\/\/lfsevilla.com\/wp-content\/uploads\/2023\/06\/IMG_6238-1024x683.jpg\" alt=\"\" class=\"wp-image-13144\" srcset=\"https:\/\/lfsevilla.com\/wp-content\/uploads\/2023\/06\/IMG_6238-980x653.jpg 980w, https:\/\/lfsevilla.com\/wp-content\/uploads\/2023\/06\/IMG_6238-480x320.jpg 480w\" sizes=\"(min-width: 0px) and (max-width: 480px) 480px, (min-width: 481px) and (max-width: 980px) 980px, (min-width: 981px) 1024px, 100vw\" \/><\/figure>\n\n\n\n<figure class=\"wp-block-image size-large\"><img decoding=\"async\" width=\"1024\" height=\"683\" data-id=\"13152\" src=\"https:\/\/lfsevilla.com\/wp-content\/uploads\/2023\/06\/IMG_6246-1024x683.jpg\" alt=\"\" class=\"wp-image-13152\" srcset=\"https:\/\/lfsevilla.com\/wp-content\/uploads\/2023\/06\/IMG_6246-980x653.jpg 980w, https:\/\/lfsevilla.com\/wp-content\/uploads\/2023\/06\/IMG_6246-480x320.jpg 480w\" sizes=\"(min-width: 0px) and (max-width: 480px) 480px, (min-width: 481px) and (max-width: 980px) 980px, (min-width: 981px) 1024px, 100vw\" \/><\/figure>\n\n\n\n<figure class=\"wp-block-image size-large\"><img decoding=\"async\" width=\"1024\" height=\"683\" data-id=\"13154\" src=\"https:\/\/lfsevilla.com\/wp-content\/uploads\/2023\/06\/IMG_6261-1024x683.jpg\" alt=\"\" class=\"wp-image-13154\" srcset=\"https:\/\/lfsevilla.com\/wp-content\/uploads\/2023\/06\/IMG_6261-980x653.jpg 980w, https:\/\/lfsevilla.com\/wp-content\/uploads\/2023\/06\/IMG_6261-480x320.jpg 480w\" sizes=\"(min-width: 0px) and (max-width: 480px) 480px, (min-width: 481px) and (max-width: 980px) 980px, (min-width: 981px) 1024px, 100vw\" \/><\/figure>\n\n\n\n<figure class=\"wp-block-image size-large\"><img decoding=\"async\" width=\"1024\" height=\"683\" data-id=\"13156\" src=\"https:\/\/lfsevilla.com\/wp-content\/uploads\/2023\/06\/IMG_6267-1024x683.jpg\" alt=\"\" class=\"wp-image-13156\" srcset=\"https:\/\/lfsevilla.com\/wp-content\/uploads\/2023\/06\/IMG_6267-980x653.jpg 980w, https:\/\/lfsevilla.com\/wp-content\/uploads\/2023\/06\/IMG_6267-480x320.jpg 480w\" sizes=\"(min-width: 0px) and (max-width: 480px) 480px, (min-width: 481px) and (max-width: 980px) 980px, (min-width: 981px) 1024px, 100vw\" \/><\/figure>\n\n\n\n<figure class=\"wp-block-image size-large\"><img decoding=\"async\" width=\"1024\" height=\"683\" data-id=\"13158\" src=\"https:\/\/lfsevilla.com\/wp-content\/uploads\/2023\/06\/IMG_6262-1024x683.jpg\" alt=\"\" class=\"wp-image-13158\" srcset=\"https:\/\/lfsevilla.com\/wp-content\/uploads\/2023\/06\/IMG_6262-980x653.jpg 980w, https:\/\/lfsevilla.com\/wp-content\/uploads\/2023\/06\/IMG_6262-480x320.jpg 480w\" sizes=\"(min-width: 0px) and (max-width: 480px) 480px, (min-width: 481px) and (max-width: 980px) 980px, (min-width: 981px) 1024px, 100vw\" \/><\/figure>\n\n\n\n<figure class=\"wp-block-image size-large\"><img decoding=\"async\" width=\"1024\" height=\"683\" data-id=\"13162\" src=\"https:\/\/lfsevilla.com\/wp-content\/uploads\/2023\/06\/IMG_6259-1024x683.jpg\" alt=\"\" class=\"wp-image-13162\" srcset=\"https:\/\/lfsevilla.com\/wp-content\/uploads\/2023\/06\/IMG_6259-980x653.jpg 980w, https:\/\/lfsevilla.com\/wp-content\/uploads\/2023\/06\/IMG_6259-480x320.jpg 480w\" sizes=\"(min-width: 0px) and (max-width: 480px) 480px, (min-width: 481px) and (max-width: 980px) 980px, (min-width: 981px) 1024px, 100vw\" \/><\/figure>\n\n\n\n<figure class=\"wp-block-image size-large\"><img decoding=\"async\" width=\"1024\" height=\"683\" data-id=\"13164\" src=\"https:\/\/lfsevilla.com\/wp-content\/uploads\/2023\/06\/IMG_6272-1024x683.jpg\" alt=\"\" class=\"wp-image-13164\" srcset=\"https:\/\/lfsevilla.com\/wp-content\/uploads\/2023\/06\/IMG_6272-980x653.jpg 980w, https:\/\/lfsevilla.com\/wp-content\/uploads\/2023\/06\/IMG_6272-480x320.jpg 480w\" sizes=\"(min-width: 0px) and (max-width: 480px) 480px, (min-width: 481px) and (max-width: 980px) 980px, (min-width: 981px) 1024px, 100vw\" \/><\/figure>\n\n\n\n<figure class=\"wp-block-image size-large\"><img decoding=\"async\" width=\"1024\" height=\"683\" data-id=\"13166\" src=\"https:\/\/lfsevilla.com\/wp-content\/uploads\/2023\/06\/IMG_6276-1024x683.jpg\" alt=\"\" class=\"wp-image-13166\" srcset=\"https:\/\/lfsevilla.com\/wp-content\/uploads\/2023\/06\/IMG_6276-980x653.jpg 980w, https:\/\/lfsevilla.com\/wp-content\/uploads\/2023\/06\/IMG_6276-480x320.jpg 480w\" sizes=\"(min-width: 0px) and (max-width: 480px) 480px, (min-width: 481px) and (max-width: 980px) 980px, (min-width: 981px) 1024px, 100vw\" \/><\/figure>\n\n\n\n<figure class=\"wp-block-image size-large\"><img decoding=\"async\" width=\"1024\" height=\"683\" data-id=\"13168\" src=\"https:\/\/lfsevilla.com\/wp-content\/uploads\/2023\/06\/IMG_6280-1024x683.jpg\" alt=\"\" class=\"wp-image-13168\" srcset=\"https:\/\/lfsevilla.com\/wp-content\/uploads\/2023\/06\/IMG_6280-980x653.jpg 980w, https:\/\/lfsevilla.com\/wp-content\/uploads\/2023\/06\/IMG_6280-480x320.jpg 480w\" sizes=\"(min-width: 0px) and (max-width: 480px) 480px, (min-width: 481px) and (max-width: 980px) 980px, (min-width: 981px) 1024px, 100vw\" \/><\/figure>\n\n\n\n<figure class=\"wp-block-image size-large\"><img decoding=\"async\" width=\"1024\" height=\"683\" data-id=\"13170\" src=\"https:\/\/lfsevilla.com\/wp-content\/uploads\/2023\/06\/IMG_6283-1024x683.jpg\" alt=\"\" class=\"wp-image-13170\" srcset=\"https:\/\/lfsevilla.com\/wp-content\/uploads\/2023\/06\/IMG_6283-980x653.jpg 980w, https:\/\/lfsevilla.com\/wp-content\/uploads\/2023\/06\/IMG_6283-480x320.jpg 480w\" sizes=\"(min-width: 0px) and (max-width: 480px) 480px, (min-width: 481px) and (max-width: 980px) 980px, (min-width: 981px) 1024px, 100vw\" \/><\/figure>\n\n\n\n<figure class=\"wp-block-image size-large\"><img decoding=\"async\" width=\"1024\" height=\"683\" data-id=\"13172\" src=\"https:\/\/lfsevilla.com\/wp-content\/uploads\/2023\/06\/IMG_6269-1024x683.jpg\" alt=\"\" class=\"wp-image-13172\" srcset=\"https:\/\/lfsevilla.com\/wp-content\/uploads\/2023\/06\/IMG_6269-980x653.jpg 980w, https:\/\/lfsevilla.com\/wp-content\/uploads\/2023\/06\/IMG_6269-480x320.jpg 480w\" sizes=\"(min-width: 0px) and (max-width: 480px) 480px, (min-width: 481px) and (max-width: 980px) 980px, (min-width: 981px) 1024px, 100vw\" \/><\/figure>\n\n\n\n<figure class=\"wp-block-image size-large\"><img decoding=\"async\" width=\"1024\" height=\"683\" data-id=\"13174\" src=\"https:\/\/lfsevilla.com\/wp-content\/uploads\/2023\/06\/IMG_6277-1024x683.jpg\" alt=\"\" class=\"wp-image-13174\" srcset=\"https:\/\/lfsevilla.com\/wp-content\/uploads\/2023\/06\/IMG_6277-980x653.jpg 980w, https:\/\/lfsevilla.com\/wp-content\/uploads\/2023\/06\/IMG_6277-480x320.jpg 480w\" sizes=\"(min-width: 0px) and (max-width: 480px) 480px, (min-width: 481px) and (max-width: 980px) 980px, (min-width: 981px) 1024px, 100vw\" \/><\/figure>\n\n\n\n<figure class=\"wp-block-image size-large\"><img decoding=\"async\" width=\"1024\" height=\"683\" data-id=\"13176\" src=\"https:\/\/lfsevilla.com\/wp-content\/uploads\/2023\/06\/IMG_6291-1024x683.jpg\" alt=\"\" class=\"wp-image-13176\" srcset=\"https:\/\/lfsevilla.com\/wp-content\/uploads\/2023\/06\/IMG_6291-980x653.jpg 980w, https:\/\/lfsevilla.com\/wp-content\/uploads\/2023\/06\/IMG_6291-480x320.jpg 480w\" sizes=\"(min-width: 0px) and (max-width: 480px) 480px, (min-width: 481px) and (max-width: 980px) 980px, (min-width: 981px) 1024px, 100vw\" \/><\/figure>\n\n\n\n<figure class=\"wp-block-image size-large\"><img decoding=\"async\" width=\"1024\" height=\"683\" data-id=\"13180\" src=\"https:\/\/lfsevilla.com\/wp-content\/uploads\/2023\/06\/IMG_6285-1024x683.jpg\" alt=\"\" class=\"wp-image-13180\" srcset=\"https:\/\/lfsevilla.com\/wp-content\/uploads\/2023\/06\/IMG_6285-980x653.jpg 980w, https:\/\/lfsevilla.com\/wp-content\/uploads\/2023\/06\/IMG_6285-480x320.jpg 480w\" sizes=\"(min-width: 0px) and (max-width: 480px) 480px, (min-width: 481px) and (max-width: 980px) 980px, (min-width: 981px) 1024px, 100vw\" \/><\/figure>\n<\/figure>\n\n\n\n<p><\/p>\n","protected":false},"excerpt":{"rendered":"<p>La &#8220;Graduation&#8221; des \u00e9l\u00e8ves de Terminale de la promotion 2022-23 s&#8217;est d\u00e9roul\u00e9e dans la salle polyvalente du Lyc\u00e9e, en pr\u00e9sence de l&#8217;\u00e9quipe de direction de l&#8217;\u00e9tablissement ainsi que des professeurs qui les ont pr\u00e9par\u00e9s \u00e0 cette nouvelle \u00e9tape acad\u00e9mique. Nous f\u00e9licitons Haitham, Eduardo, Ariane, Malena, Eve, Abdessamad, Laurelinna, Kenza, Grace, Eva et Violette pour leur [&hellip;]<\/p>\n","protected":false},"author":2,"featured_media":13178,"comment_status":"closed","ping_status":"open","sticky":false,"template":"","format":"standard","meta":{"_et_pb_use_builder":"off","_et_pb_old_content":"","_et_gb_content_width":"","footnotes":""},"categories":[48,32],"tags":[],"class_list":["post-13184","post","type-post","status-publish","format-standard","has-post-thumbnail","hentry","category-actualites","category-nouvelles"],"yoast_head":"<!-- This site is optimized with the Yoast SEO plugin v27.0 - https:\/\/yoast.com\/product\/yoast-seo-wordpress\/ -->\n<title>Graduation des \u00e9l\u00e8ves de la promotion 2022-23 - Lyc\u00e9e Fran\u00e7ais de S\u00e9ville | Colegio privado biling\u00fce en Sevilla<\/title>\n<meta name=\"robots\" content=\"index, follow, max-snippet:-1, max-image-preview:large, max-video-preview:-1\" \/>\n<link rel=\"canonical\" href=\"https:\/\/lfsevilla.com\/fr\/graduation-des-eleves-de-la-promotion-2022-23\/\" \/>\n<meta property=\"og:locale\" content=\"fr_FR\" \/>\n<meta property=\"og:type\" content=\"article\" \/>\n<meta property=\"og:title\" content=\"Graduation des \u00e9l\u00e8ves de la promotion 2022-23 - Lyc\u00e9e Fran\u00e7ais de S\u00e9ville | Colegio privado biling\u00fce en Sevilla\" \/>\n<meta property=\"og:description\" content=\"La &#8220;Graduation&#8221; des \u00e9l\u00e8ves de Terminale de la promotion 2022-23 s&#8217;est d\u00e9roul\u00e9e dans la salle polyvalente du Lyc\u00e9e, en pr\u00e9sence de l&#8217;\u00e9quipe de direction de l&#8217;\u00e9tablissement ainsi que des professeurs qui les ont pr\u00e9par\u00e9s \u00e0 cette nouvelle \u00e9tape acad\u00e9mique. Nous f\u00e9licitons Haitham, Eduardo, Ariane, Malena, Eve, Abdessamad, Laurelinna, Kenza, Grace, Eva et Violette pour leur [&hellip;]\" \/>\n<meta property=\"og:url\" content=\"https:\/\/lfsevilla.com\/fr\/graduation-des-eleves-de-la-promotion-2022-23\/\" \/>\n<meta property=\"og:site_name\" content=\"Lyc\u00e9e Fran\u00e7ais de S\u00e9ville | Colegio privado biling\u00fce en Sevilla\" \/>\n<meta property=\"article:publisher\" content=\"https:\/\/www.facebook.com\/LiceoFrancesSevilla\/\" \/>\n<meta property=\"article:published_time\" content=\"2023-06-19T18:48:08+00:00\" \/>\n<meta property=\"article:modified_time\" content=\"2023-06-19T18:48:10+00:00\" \/>\n<meta property=\"og:image\" content=\"https:\/\/lfsevilla.com\/wp-content\/uploads\/2023\/06\/IMG_6291-1-scaled.jpg\" \/>\n\t<meta property=\"og:image:width\" content=\"2560\" \/>\n\t<meta property=\"og:image:height\" content=\"1707\" \/>\n\t<meta property=\"og:image:type\" content=\"image\/jpeg\" \/>\n<meta name=\"author\" content=\"LFS\" \/>\n<meta name=\"twitter:card\" content=\"summary_large_image\" \/>\n<meta name=\"twitter:creator\" content=\"@lfsevilla\" \/>\n<meta name=\"twitter:site\" content=\"@lfsevilla\" \/>\n<meta name=\"twitter:label1\" content=\"\u00c9crit par\" \/>\n\t<meta name=\"twitter:data1\" content=\"LFS\" \/>\n\t<meta name=\"twitter:label2\" content=\"Dur\u00e9e de lecture estim\u00e9e\" \/>\n\t<meta name=\"twitter:data2\" content=\"5 minutes\" \/>\n<script type=\"application\/ld+json\" class=\"yoast-schema-graph\">{\"@context\":\"https:\/\/schema.org\",\"@graph\":[{\"@type\":\"Article\",\"@id\":\"https:\/\/lfsevilla.com\/fr\/graduation-des-eleves-de-la-promotion-2022-23\/#article\",\"isPartOf\":{\"@id\":\"https:\/\/lfsevilla.com\/fr\/graduation-des-eleves-de-la-promotion-2022-23\/\"},\"author\":{\"name\":\"LFS\",\"@id\":\"https:\/\/lfsevilla.com\/#\/schema\/person\/ead715d6b1b6b2cb0bb6f7a06675d093\"},\"headline\":\"Graduation des \u00e9l\u00e8ves de la promotion 2022-23\",\"datePublished\":\"2023-06-19T18:48:08+00:00\",\"dateModified\":\"2023-06-19T18:48:10+00:00\",\"mainEntityOfPage\":{\"@id\":\"https:\/\/lfsevilla.com\/fr\/graduation-des-eleves-de-la-promotion-2022-23\/\"},\"wordCount\":91,\"publisher\":{\"@id\":\"https:\/\/lfsevilla.com\/#organization\"},\"image\":{\"@id\":\"https:\/\/lfsevilla.com\/fr\/graduation-des-eleves-de-la-promotion-2022-23\/#primaryimage\"},\"thumbnailUrl\":\"https:\/\/lfsevilla.com\/wp-content\/uploads\/2023\/06\/IMG_6291-1-scaled.jpg\",\"articleSection\":[\"Actualit\u00e9s\",\"Nouvelles\"],\"inLanguage\":\"fr-FR\"},{\"@type\":\"WebPage\",\"@id\":\"https:\/\/lfsevilla.com\/fr\/graduation-des-eleves-de-la-promotion-2022-23\/\",\"url\":\"https:\/\/lfsevilla.com\/fr\/graduation-des-eleves-de-la-promotion-2022-23\/\",\"name\":\"Graduation des \u00e9l\u00e8ves de la promotion 2022-23 - Lyc\u00e9e Fran\u00e7ais de S\u00e9ville | Colegio privado biling\u00fce en Sevilla\",\"isPartOf\":{\"@id\":\"https:\/\/lfsevilla.com\/#website\"},\"primaryImageOfPage\":{\"@id\":\"https:\/\/lfsevilla.com\/fr\/graduation-des-eleves-de-la-promotion-2022-23\/#primaryimage\"},\"image\":{\"@id\":\"https:\/\/lfsevilla.com\/fr\/graduation-des-eleves-de-la-promotion-2022-23\/#primaryimage\"},\"thumbnailUrl\":\"https:\/\/lfsevilla.com\/wp-content\/uploads\/2023\/06\/IMG_6291-1-scaled.jpg\",\"datePublished\":\"2023-06-19T18:48:08+00:00\",\"dateModified\":\"2023-06-19T18:48:10+00:00\",\"breadcrumb\":{\"@id\":\"https:\/\/lfsevilla.com\/fr\/graduation-des-eleves-de-la-promotion-2022-23\/#breadcrumb\"},\"inLanguage\":\"fr-FR\",\"potentialAction\":[{\"@type\":\"ReadAction\",\"target\":[\"https:\/\/lfsevilla.com\/fr\/graduation-des-eleves-de-la-promotion-2022-23\/\"]}]},{\"@type\":\"ImageObject\",\"inLanguage\":\"fr-FR\",\"@id\":\"https:\/\/lfsevilla.com\/fr\/graduation-des-eleves-de-la-promotion-2022-23\/#primaryimage\",\"url\":\"https:\/\/lfsevilla.com\/wp-content\/uploads\/2023\/06\/IMG_6291-1-scaled.jpg\",\"contentUrl\":\"https:\/\/lfsevilla.com\/wp-content\/uploads\/2023\/06\/IMG_6291-1-scaled.jpg\",\"width\":2560,\"height\":1707},{\"@type\":\"BreadcrumbList\",\"@id\":\"https:\/\/lfsevilla.com\/fr\/graduation-des-eleves-de-la-promotion-2022-23\/#breadcrumb\",\"itemListElement\":[{\"@type\":\"ListItem\",\"position\":1,\"name\":\"Portada\",\"item\":\"https:\/\/lfsevilla.com\/fr\/\"},{\"@type\":\"ListItem\",\"position\":2,\"name\":\"Graduation des \u00e9l\u00e8ves de la promotion 2022-23\"}]},{\"@type\":\"WebSite\",\"@id\":\"https:\/\/lfsevilla.com\/#website\",\"url\":\"https:\/\/lfsevilla.com\/\",\"name\":\"Lyc\u00e9e Fran\u00e7ais de S\u00e9ville | Colegio privado internacional triling\u00fce en Sevilla\",\"description\":\"El Liceo franc\u00e9s de Sevilla ofrece una ense\u00f1anza pluriling\u00fce (ingl\u00e9s, franc\u00e9s y espa\u00f1ol), multicultural y respetuosa con las libertades individuales.\",\"publisher\":{\"@id\":\"https:\/\/lfsevilla.com\/#organization\"},\"potentialAction\":[{\"@type\":\"SearchAction\",\"target\":{\"@type\":\"EntryPoint\",\"urlTemplate\":\"https:\/\/lfsevilla.com\/?s={search_term_string}\"},\"query-input\":{\"@type\":\"PropertyValueSpecification\",\"valueRequired\":true,\"valueName\":\"search_term_string\"}}],\"inLanguage\":\"fr-FR\"},{\"@type\":\"Organization\",\"@id\":\"https:\/\/lfsevilla.com\/#organization\",\"name\":\"Lyc\u00e9e Fran\u00e7ais International de S\u00e9ville\",\"url\":\"https:\/\/lfsevilla.com\/\",\"logo\":{\"@type\":\"ImageObject\",\"inLanguage\":\"fr-FR\",\"@id\":\"https:\/\/lfsevilla.com\/#\/schema\/logo\/image\/\",\"url\":\"https:\/\/lfsevilla.com\/wp-content\/uploads\/2023\/05\/Logo-Liceo-Frances-de-Sevilla-223x223-1.jpg\",\"contentUrl\":\"https:\/\/lfsevilla.com\/wp-content\/uploads\/2023\/05\/Logo-Liceo-Frances-de-Sevilla-223x223-1.jpg\",\"width\":223,\"height\":223,\"caption\":\"Lyc\u00e9e Fran\u00e7ais International de S\u00e9ville\"},\"image\":{\"@id\":\"https:\/\/lfsevilla.com\/#\/schema\/logo\/image\/\"},\"sameAs\":[\"https:\/\/www.facebook.com\/LiceoFrancesSevilla\/\",\"https:\/\/x.com\/lfsevilla\",\"https:\/\/www.linkedin.com\/company\/liceo-francs-internacional-de-sevilla\/\",\"https:\/\/www.instagram.com\/liceofrancessevilla\/\",\"https:\/\/www.youtube.com\/@liceofrancessevilla1124\"]},{\"@type\":\"Person\",\"@id\":\"https:\/\/lfsevilla.com\/#\/schema\/person\/ead715d6b1b6b2cb0bb6f7a06675d093\",\"name\":\"LFS\",\"image\":{\"@type\":\"ImageObject\",\"inLanguage\":\"fr-FR\",\"@id\":\"https:\/\/lfsevilla.com\/#\/schema\/person\/image\/\",\"url\":\"https:\/\/secure.gravatar.com\/avatar\/2b2587b6982746a9eb2cb62bda174a08069748c2251c7ca9b6e683d4aab29597?s=96&d=mm&r=g\",\"contentUrl\":\"https:\/\/secure.gravatar.com\/avatar\/2b2587b6982746a9eb2cb62bda174a08069748c2251c7ca9b6e683d4aab29597?s=96&d=mm&r=g\",\"caption\":\"LFS\"},\"url\":\"https:\/\/lfsevilla.com\/fr\/author\/weblfsevilla-com\/\"}]}<\/script>\n<!-- \/ Yoast SEO plugin. -->","yoast_head_json":{"title":"Graduation des \u00e9l\u00e8ves de la promotion 2022-23 - Lyc\u00e9e Fran\u00e7ais de S\u00e9ville | Colegio privado biling\u00fce en Sevilla","robots":{"index":"index","follow":"follow","max-snippet":"max-snippet:-1","max-image-preview":"max-image-preview:large","max-video-preview":"max-video-preview:-1"},"canonical":"https:\/\/lfsevilla.com\/fr\/graduation-des-eleves-de-la-promotion-2022-23\/","og_locale":"fr_FR","og_type":"article","og_title":"Graduation des \u00e9l\u00e8ves de la promotion 2022-23 - Lyc\u00e9e Fran\u00e7ais de S\u00e9ville | Colegio privado biling\u00fce en Sevilla","og_description":"La &#8220;Graduation&#8221; des \u00e9l\u00e8ves de Terminale de la promotion 2022-23 s&#8217;est d\u00e9roul\u00e9e dans la salle polyvalente du Lyc\u00e9e, en pr\u00e9sence de l&#8217;\u00e9quipe de direction de l&#8217;\u00e9tablissement ainsi que des professeurs qui les ont pr\u00e9par\u00e9s \u00e0 cette nouvelle \u00e9tape acad\u00e9mique. Nous f\u00e9licitons Haitham, Eduardo, Ariane, Malena, Eve, Abdessamad, Laurelinna, Kenza, Grace, Eva et Violette pour leur [&hellip;]","og_url":"https:\/\/lfsevilla.com\/fr\/graduation-des-eleves-de-la-promotion-2022-23\/","og_site_name":"Lyc\u00e9e Fran\u00e7ais de S\u00e9ville | Colegio privado biling\u00fce en Sevilla","article_publisher":"https:\/\/www.facebook.com\/LiceoFrancesSevilla\/","article_published_time":"2023-06-19T18:48:08+00:00","article_modified_time":"2023-06-19T18:48:10+00:00","og_image":[{"width":2560,"height":1707,"url":"https:\/\/lfsevilla.com\/wp-content\/uploads\/2023\/06\/IMG_6291-1-scaled.jpg","type":"image\/jpeg"}],"author":"LFS","twitter_card":"summary_large_image","twitter_creator":"@lfsevilla","twitter_site":"@lfsevilla","twitter_misc":{"\u00c9crit par":"LFS","Dur\u00e9e de lecture estim\u00e9e":"5 minutes"},"schema":{"@context":"https:\/\/schema.org","@graph":[{"@type":"Article","@id":"https:\/\/lfsevilla.com\/fr\/graduation-des-eleves-de-la-promotion-2022-23\/#article","isPartOf":{"@id":"https:\/\/lfsevilla.com\/fr\/graduation-des-eleves-de-la-promotion-2022-23\/"},"author":{"name":"LFS","@id":"https:\/\/lfsevilla.com\/#\/schema\/person\/ead715d6b1b6b2cb0bb6f7a06675d093"},"headline":"Graduation des \u00e9l\u00e8ves de la promotion 2022-23","datePublished":"2023-06-19T18:48:08+00:00","dateModified":"2023-06-19T18:48:10+00:00","mainEntityOfPage":{"@id":"https:\/\/lfsevilla.com\/fr\/graduation-des-eleves-de-la-promotion-2022-23\/"},"wordCount":91,"publisher":{"@id":"https:\/\/lfsevilla.com\/#organization"},"image":{"@id":"https:\/\/lfsevilla.com\/fr\/graduation-des-eleves-de-la-promotion-2022-23\/#primaryimage"},"thumbnailUrl":"https:\/\/lfsevilla.com\/wp-content\/uploads\/2023\/06\/IMG_6291-1-scaled.jpg","articleSection":["Actualit\u00e9s","Nouvelles"],"inLanguage":"fr-FR"},{"@type":"WebPage","@id":"https:\/\/lfsevilla.com\/fr\/graduation-des-eleves-de-la-promotion-2022-23\/","url":"https:\/\/lfsevilla.com\/fr\/graduation-des-eleves-de-la-promotion-2022-23\/","name":"Graduation des \u00e9l\u00e8ves de la promotion 2022-23 - Lyc\u00e9e Fran\u00e7ais de S\u00e9ville | Colegio privado biling\u00fce en Sevilla","isPartOf":{"@id":"https:\/\/lfsevilla.com\/#website"},"primaryImageOfPage":{"@id":"https:\/\/lfsevilla.com\/fr\/graduation-des-eleves-de-la-promotion-2022-23\/#primaryimage"},"image":{"@id":"https:\/\/lfsevilla.com\/fr\/graduation-des-eleves-de-la-promotion-2022-23\/#primaryimage"},"thumbnailUrl":"https:\/\/lfsevilla.com\/wp-content\/uploads\/2023\/06\/IMG_6291-1-scaled.jpg","datePublished":"2023-06-19T18:48:08+00:00","dateModified":"2023-06-19T18:48:10+00:00","breadcrumb":{"@id":"https:\/\/lfsevilla.com\/fr\/graduation-des-eleves-de-la-promotion-2022-23\/#breadcrumb"},"inLanguage":"fr-FR","potentialAction":[{"@type":"ReadAction","target":["https:\/\/lfsevilla.com\/fr\/graduation-des-eleves-de-la-promotion-2022-23\/"]}]},{"@type":"ImageObject","inLanguage":"fr-FR","@id":"https:\/\/lfsevilla.com\/fr\/graduation-des-eleves-de-la-promotion-2022-23\/#primaryimage","url":"https:\/\/lfsevilla.com\/wp-content\/uploads\/2023\/06\/IMG_6291-1-scaled.jpg","contentUrl":"https:\/\/lfsevilla.com\/wp-content\/uploads\/2023\/06\/IMG_6291-1-scaled.jpg","width":2560,"height":1707},{"@type":"BreadcrumbList","@id":"https:\/\/lfsevilla.com\/fr\/graduation-des-eleves-de-la-promotion-2022-23\/#breadcrumb","itemListElement":[{"@type":"ListItem","position":1,"name":"Portada","item":"https:\/\/lfsevilla.com\/fr\/"},{"@type":"ListItem","position":2,"name":"Graduation des \u00e9l\u00e8ves de la promotion 2022-23"}]},{"@type":"WebSite","@id":"https:\/\/lfsevilla.com\/#website","url":"https:\/\/lfsevilla.com\/","name":"Lyc\u00e9e Fran\u00e7ais de S\u00e9ville | Colegio privado internacional triling\u00fce en Sevilla","description":"El Liceo franc\u00e9s de Sevilla ofrece una ense\u00f1anza pluriling\u00fce (ingl\u00e9s, franc\u00e9s y espa\u00f1ol), multicultural y respetuosa con las libertades individuales.","publisher":{"@id":"https:\/\/lfsevilla.com\/#organization"},"potentialAction":[{"@type":"SearchAction","target":{"@type":"EntryPoint","urlTemplate":"https:\/\/lfsevilla.com\/?s={search_term_string}"},"query-input":{"@type":"PropertyValueSpecification","valueRequired":true,"valueName":"search_term_string"}}],"inLanguage":"fr-FR"},{"@type":"Organization","@id":"https:\/\/lfsevilla.com\/#organization","name":"Lyc\u00e9e Fran\u00e7ais International de S\u00e9ville","url":"https:\/\/lfsevilla.com\/","logo":{"@type":"ImageObject","inLanguage":"fr-FR","@id":"https:\/\/lfsevilla.com\/#\/schema\/logo\/image\/","url":"https:\/\/lfsevilla.com\/wp-content\/uploads\/2023\/05\/Logo-Liceo-Frances-de-Sevilla-223x223-1.jpg","contentUrl":"https:\/\/lfsevilla.com\/wp-content\/uploads\/2023\/05\/Logo-Liceo-Frances-de-Sevilla-223x223-1.jpg","width":223,"height":223,"caption":"Lyc\u00e9e Fran\u00e7ais International de S\u00e9ville"},"image":{"@id":"https:\/\/lfsevilla.com\/#\/schema\/logo\/image\/"},"sameAs":["https:\/\/www.facebook.com\/LiceoFrancesSevilla\/","https:\/\/x.com\/lfsevilla","https:\/\/www.linkedin.com\/company\/liceo-francs-internacional-de-sevilla\/","https:\/\/www.instagram.com\/liceofrancessevilla\/","https:\/\/www.youtube.com\/@liceofrancessevilla1124"]},{"@type":"Person","@id":"https:\/\/lfsevilla.com\/#\/schema\/person\/ead715d6b1b6b2cb0bb6f7a06675d093","name":"LFS","image":{"@type":"ImageObject","inLanguage":"fr-FR","@id":"https:\/\/lfsevilla.com\/#\/schema\/person\/image\/","url":"https:\/\/secure.gravatar.com\/avatar\/2b2587b6982746a9eb2cb62bda174a08069748c2251c7ca9b6e683d4aab29597?s=96&d=mm&r=g","contentUrl":"https:\/\/secure.gravatar.com\/avatar\/2b2587b6982746a9eb2cb62bda174a08069748c2251c7ca9b6e683d4aab29597?s=96&d=mm&r=g","caption":"LFS"},"url":"https:\/\/lfsevilla.com\/fr\/author\/weblfsevilla-com\/"}]}},"_links":{"self":[{"href":"https:\/\/lfsevilla.com\/fr\/wp-json\/wp\/v2\/posts\/13184","targetHints":{"allow":["GET"]}}],"collection":[{"href":"https:\/\/lfsevilla.com\/fr\/wp-json\/wp\/v2\/posts"}],"about":[{"href":"https:\/\/lfsevilla.com\/fr\/wp-json\/wp\/v2\/types\/post"}],"author":[{"embeddable":true,"href":"https:\/\/lfsevilla.com\/fr\/wp-json\/wp\/v2\/users\/2"}],"replies":[{"embeddable":true,"href":"https:\/\/lfsevilla.com\/fr\/wp-json\/wp\/v2\/comments?post=13184"}],"version-history":[{"count":1,"href":"https:\/\/lfsevilla.com\/fr\/wp-json\/wp\/v2\/posts\/13184\/revisions"}],"predecessor-version":[{"id":13185,"href":"https:\/\/lfsevilla.com\/fr\/wp-json\/wp\/v2\/posts\/13184\/revisions\/13185"}],"wp:featuredmedia":[{"embeddable":true,"href":"https:\/\/lfsevilla.com\/fr\/wp-json\/wp\/v2\/media\/13178"}],"wp:attachment":[{"href":"https:\/\/lfsevilla.com\/fr\/wp-json\/wp\/v2\/media?parent=13184"}],"wp:term":[{"taxonomy":"category","embeddable":true,"href":"https:\/\/lfsevilla.com\/fr\/wp-json\/wp\/v2\/categories?post=13184"},{"taxonomy":"post_tag","embeddable":true,"href":"https:\/\/lfsevilla.com\/fr\/wp-json\/wp\/v2\/tags?post=13184"}],"curies":[{"name":"wp","href":"https:\/\/api.w.org\/{rel}","templated":true}]}}