{"id":10443,"date":"2022-06-07T12:34:05","date_gmt":"2022-06-07T10:34:05","guid":{"rendered":"https:\/\/lfsevilla.com\/?p=10443"},"modified":"2022-06-07T12:34:05","modified_gmt":"2022-06-07T10:34:05","slug":"mai-des-langues-au-lycee","status":"publish","type":"post","link":"https:\/\/lfsevilla.com\/fr\/mai-des-langues-au-lycee\/","title":{"rendered":"&#8216;Mai des langues&#8217; au Lyc\u00e9e"},"content":{"rendered":"<p>Les \u00e9l\u00e8ves du Lyc\u00e9e Fran\u00e7ais International de S\u00e9ville, du CM1 \u00e0\u00a0la 2de, ont la chance de participer au <strong>projet du <em>Mai des Langues\u00a0<\/em><\/strong>initi\u00e9 par le r\u00e9seau <a href=\"https:\/\/www.aefe.fr\/la-ensenanza-francesa-en-el-extranjero\">AEFE<\/a>. L&#8217;id\u00e9e est de faire entendre les\u00a0diff\u00e9rentes langues qui se parlent dans notre \u00e9tablissement, des\u00a0langues qui ne sont pas forc\u00e9ment enseign\u00e9es mais qui sont parl\u00e9es\u00a0par nos \u00e9l\u00e8ves, des langues avec lesquelles ils ont un lien\u00a0particulier, affectif&#8230;<\/p>\n<p>Nous souhaitons donc vous faire entendre des po\u00e8mes lus, pr\u00e9sent\u00e9s\u00a0et expliqu\u00e9s par les \u00e9l\u00e8ves, des po\u00e8mes qu&#8217;ils ont choisis, qu&#8217;ils\u00a0aiment, qui les touchent, et qu&#8217;ils vont vous lire dans leur langue.<\/p>\n<p>Ecoutons-les et laissons-nous porter par la musique des mots, des\u00a0langues, de la po\u00e9sie, qui vont nous faire voyager du V\u00e9n\u00e9zuela \u00e0\u00a0l&#8217;Indon\u00e9sie, en passant par le Pays Basque, l&#8217;Italie ou le Maroc.<\/p>\n<p><a href=\"https:\/\/youtu.be\/BkxpYABF7-E\"><strong>CM1<\/strong><\/a><\/p>\n<p><strong><a href=\"https:\/\/youtu.be\/Mo3NdpCUNAY\">6\u00e8me B<\/a><\/strong><\/p>\n<p><strong><a href=\"https:\/\/youtu.be\/ERqeoyu-BWA\">6\u00e8me A<\/a><\/strong><\/p>\n<p><strong><a href=\"https:\/\/youtu.be\/LoYJtyhUyZs\">5\u00e8me<\/a><\/strong><\/p>\n<p><strong><a href=\"https:\/\/youtu.be\/XTEBu6gurgo\">4\u00e8me<\/a><\/strong><\/p>\n<p><strong><a href=\"https:\/\/youtu.be\/L-Pzl9ewzk0\">3\u00e8me<\/a><\/strong><\/p>\n<p><strong><a href=\"https:\/\/youtu.be\/lhU-vLTtLuk\">2nde<\/a><\/strong><\/p>\n<p>&nbsp;<\/p>\n","protected":false},"excerpt":{"rendered":"<p>Les \u00e9l\u00e8ves du Lyc\u00e9e Fran\u00e7ais International de S\u00e9ville, du CM1 \u00e0\u00a0la 2de, ont la chance de participer au projet du Mai des Langues\u00a0initi\u00e9 par le r\u00e9seau AEFE. L&#8217;id\u00e9e est de faire entendre les\u00a0diff\u00e9rentes langues qui se parlent dans notre \u00e9tablissement, des\u00a0langues qui ne sont pas forc\u00e9ment enseign\u00e9es mais qui sont parl\u00e9es\u00a0par nos \u00e9l\u00e8ves, des langues [&hellip;]<\/p>\n","protected":false},"author":2,"featured_media":10444,"comment_status":"closed","ping_status":"open","sticky":false,"template":"","format":"standard","meta":{"_et_pb_use_builder":"","_et_pb_old_content":"","_et_gb_content_width":"","footnotes":""},"categories":[48,32],"tags":[],"class_list":["post-10443","post","type-post","status-publish","format-standard","has-post-thumbnail","hentry","category-actualites","category-nouvelles"],"yoast_head":"<!-- This site is optimized with the Yoast SEO plugin v27.0 - https:\/\/yoast.com\/product\/yoast-seo-wordpress\/ -->\n<title>&#039;Mai des langues&#039; au Lyc\u00e9e - Lyc\u00e9e Fran\u00e7ais de S\u00e9ville | Colegio privado biling\u00fce en Sevilla<\/title>\n<meta name=\"robots\" content=\"index, follow, max-snippet:-1, max-image-preview:large, max-video-preview:-1\" \/>\n<link rel=\"canonical\" href=\"https:\/\/lfsevilla.com\/fr\/mai-des-langues-au-lycee\/\" \/>\n<meta property=\"og:locale\" content=\"fr_FR\" \/>\n<meta property=\"og:type\" content=\"article\" \/>\n<meta property=\"og:title\" content=\"&#039;Mai des langues&#039; au Lyc\u00e9e - Lyc\u00e9e Fran\u00e7ais de S\u00e9ville | Colegio privado biling\u00fce en Sevilla\" \/>\n<meta property=\"og:description\" content=\"Les \u00e9l\u00e8ves du Lyc\u00e9e Fran\u00e7ais International de S\u00e9ville, du CM1 \u00e0\u00a0la 2de, ont la chance de participer au projet du Mai des Langues\u00a0initi\u00e9 par le r\u00e9seau AEFE. L&#8217;id\u00e9e est de faire entendre les\u00a0diff\u00e9rentes langues qui se parlent dans notre \u00e9tablissement, des\u00a0langues qui ne sont pas forc\u00e9ment enseign\u00e9es mais qui sont parl\u00e9es\u00a0par nos \u00e9l\u00e8ves, des langues [&hellip;]\" \/>\n<meta property=\"og:url\" content=\"https:\/\/lfsevilla.com\/fr\/mai-des-langues-au-lycee\/\" \/>\n<meta property=\"og:site_name\" content=\"Lyc\u00e9e Fran\u00e7ais de S\u00e9ville | Colegio privado biling\u00fce en Sevilla\" \/>\n<meta property=\"article:publisher\" content=\"https:\/\/www.facebook.com\/LiceoFrancesSevilla\/\" \/>\n<meta property=\"article:published_time\" content=\"2022-06-07T10:34:05+00:00\" \/>\n<meta property=\"og:image\" content=\"https:\/\/lfsevilla.com\/wp-content\/uploads\/2022\/06\/Captura-de-pantalla-2022-06-07-a-las-12.33.32.png\" \/>\n\t<meta property=\"og:image:width\" content=\"1045\" \/>\n\t<meta property=\"og:image:height\" content=\"586\" \/>\n\t<meta property=\"og:image:type\" content=\"image\/png\" \/>\n<meta name=\"author\" content=\"LFS\" \/>\n<meta name=\"twitter:card\" content=\"summary_large_image\" \/>\n<meta name=\"twitter:creator\" content=\"@lfsevilla\" \/>\n<meta name=\"twitter:site\" content=\"@lfsevilla\" \/>\n<meta name=\"twitter:label1\" content=\"\u00c9crit par\" \/>\n\t<meta name=\"twitter:data1\" content=\"LFS\" \/>\n\t<meta name=\"twitter:label2\" content=\"Dur\u00e9e de lecture estim\u00e9e\" \/>\n\t<meta name=\"twitter:data2\" content=\"1 minute\" \/>\n<script type=\"application\/ld+json\" class=\"yoast-schema-graph\">{\"@context\":\"https:\/\/schema.org\",\"@graph\":[{\"@type\":\"Article\",\"@id\":\"https:\/\/lfsevilla.com\/fr\/mai-des-langues-au-lycee\/#article\",\"isPartOf\":{\"@id\":\"https:\/\/lfsevilla.com\/fr\/mai-des-langues-au-lycee\/\"},\"author\":{\"name\":\"LFS\",\"@id\":\"https:\/\/lfsevilla.com\/#\/schema\/person\/ead715d6b1b6b2cb0bb6f7a06675d093\"},\"headline\":\"&#8216;Mai des langues&#8217; au Lyc\u00e9e\",\"datePublished\":\"2022-06-07T10:34:05+00:00\",\"mainEntityOfPage\":{\"@id\":\"https:\/\/lfsevilla.com\/fr\/mai-des-langues-au-lycee\/\"},\"wordCount\":175,\"publisher\":{\"@id\":\"https:\/\/lfsevilla.com\/#organization\"},\"image\":{\"@id\":\"https:\/\/lfsevilla.com\/fr\/mai-des-langues-au-lycee\/#primaryimage\"},\"thumbnailUrl\":\"https:\/\/lfsevilla.com\/wp-content\/uploads\/2022\/06\/Captura-de-pantalla-2022-06-07-a-las-12.33.32.png\",\"articleSection\":[\"Actualit\u00e9s\",\"Nouvelles\"],\"inLanguage\":\"fr-FR\"},{\"@type\":\"WebPage\",\"@id\":\"https:\/\/lfsevilla.com\/fr\/mai-des-langues-au-lycee\/\",\"url\":\"https:\/\/lfsevilla.com\/fr\/mai-des-langues-au-lycee\/\",\"name\":\"'Mai des langues' au Lyc\u00e9e - Lyc\u00e9e Fran\u00e7ais de S\u00e9ville | Colegio privado biling\u00fce en Sevilla\",\"isPartOf\":{\"@id\":\"https:\/\/lfsevilla.com\/#website\"},\"primaryImageOfPage\":{\"@id\":\"https:\/\/lfsevilla.com\/fr\/mai-des-langues-au-lycee\/#primaryimage\"},\"image\":{\"@id\":\"https:\/\/lfsevilla.com\/fr\/mai-des-langues-au-lycee\/#primaryimage\"},\"thumbnailUrl\":\"https:\/\/lfsevilla.com\/wp-content\/uploads\/2022\/06\/Captura-de-pantalla-2022-06-07-a-las-12.33.32.png\",\"datePublished\":\"2022-06-07T10:34:05+00:00\",\"breadcrumb\":{\"@id\":\"https:\/\/lfsevilla.com\/fr\/mai-des-langues-au-lycee\/#breadcrumb\"},\"inLanguage\":\"fr-FR\",\"potentialAction\":[{\"@type\":\"ReadAction\",\"target\":[\"https:\/\/lfsevilla.com\/fr\/mai-des-langues-au-lycee\/\"]}]},{\"@type\":\"ImageObject\",\"inLanguage\":\"fr-FR\",\"@id\":\"https:\/\/lfsevilla.com\/fr\/mai-des-langues-au-lycee\/#primaryimage\",\"url\":\"https:\/\/lfsevilla.com\/wp-content\/uploads\/2022\/06\/Captura-de-pantalla-2022-06-07-a-las-12.33.32.png\",\"contentUrl\":\"https:\/\/lfsevilla.com\/wp-content\/uploads\/2022\/06\/Captura-de-pantalla-2022-06-07-a-las-12.33.32.png\",\"width\":1045,\"height\":586},{\"@type\":\"BreadcrumbList\",\"@id\":\"https:\/\/lfsevilla.com\/fr\/mai-des-langues-au-lycee\/#breadcrumb\",\"itemListElement\":[{\"@type\":\"ListItem\",\"position\":1,\"name\":\"Portada\",\"item\":\"https:\/\/lfsevilla.com\/fr\/\"},{\"@type\":\"ListItem\",\"position\":2,\"name\":\"&#8216;Mai des langues&#8217; au Lyc\u00e9e\"}]},{\"@type\":\"WebSite\",\"@id\":\"https:\/\/lfsevilla.com\/#website\",\"url\":\"https:\/\/lfsevilla.com\/\",\"name\":\"Lyc\u00e9e Fran\u00e7ais de S\u00e9ville | Colegio privado internacional triling\u00fce en Sevilla\",\"description\":\"El Liceo franc\u00e9s de Sevilla ofrece una ense\u00f1anza pluriling\u00fce (ingl\u00e9s, franc\u00e9s y espa\u00f1ol), multicultural y respetuosa con las libertades individuales.\",\"publisher\":{\"@id\":\"https:\/\/lfsevilla.com\/#organization\"},\"potentialAction\":[{\"@type\":\"SearchAction\",\"target\":{\"@type\":\"EntryPoint\",\"urlTemplate\":\"https:\/\/lfsevilla.com\/?s={search_term_string}\"},\"query-input\":{\"@type\":\"PropertyValueSpecification\",\"valueRequired\":true,\"valueName\":\"search_term_string\"}}],\"inLanguage\":\"fr-FR\"},{\"@type\":\"Organization\",\"@id\":\"https:\/\/lfsevilla.com\/#organization\",\"name\":\"Lyc\u00e9e Fran\u00e7ais International de S\u00e9ville\",\"url\":\"https:\/\/lfsevilla.com\/\",\"logo\":{\"@type\":\"ImageObject\",\"inLanguage\":\"fr-FR\",\"@id\":\"https:\/\/lfsevilla.com\/#\/schema\/logo\/image\/\",\"url\":\"https:\/\/lfsevilla.com\/wp-content\/uploads\/2023\/05\/Logo-Liceo-Frances-de-Sevilla-223x223-1.jpg\",\"contentUrl\":\"https:\/\/lfsevilla.com\/wp-content\/uploads\/2023\/05\/Logo-Liceo-Frances-de-Sevilla-223x223-1.jpg\",\"width\":223,\"height\":223,\"caption\":\"Lyc\u00e9e Fran\u00e7ais International de S\u00e9ville\"},\"image\":{\"@id\":\"https:\/\/lfsevilla.com\/#\/schema\/logo\/image\/\"},\"sameAs\":[\"https:\/\/www.facebook.com\/LiceoFrancesSevilla\/\",\"https:\/\/x.com\/lfsevilla\",\"https:\/\/www.linkedin.com\/company\/liceo-francs-internacional-de-sevilla\/\",\"https:\/\/www.instagram.com\/liceofrancessevilla\/\",\"https:\/\/www.youtube.com\/@liceofrancessevilla1124\"]},{\"@type\":\"Person\",\"@id\":\"https:\/\/lfsevilla.com\/#\/schema\/person\/ead715d6b1b6b2cb0bb6f7a06675d093\",\"name\":\"LFS\",\"image\":{\"@type\":\"ImageObject\",\"inLanguage\":\"fr-FR\",\"@id\":\"https:\/\/lfsevilla.com\/#\/schema\/person\/image\/\",\"url\":\"https:\/\/secure.gravatar.com\/avatar\/2b2587b6982746a9eb2cb62bda174a08069748c2251c7ca9b6e683d4aab29597?s=96&d=mm&r=g\",\"contentUrl\":\"https:\/\/secure.gravatar.com\/avatar\/2b2587b6982746a9eb2cb62bda174a08069748c2251c7ca9b6e683d4aab29597?s=96&d=mm&r=g\",\"caption\":\"LFS\"},\"url\":\"https:\/\/lfsevilla.com\/fr\/author\/weblfsevilla-com\/\"}]}<\/script>\n<!-- \/ Yoast SEO plugin. -->","yoast_head_json":{"title":"'Mai des langues' au Lyc\u00e9e - Lyc\u00e9e Fran\u00e7ais de S\u00e9ville | Colegio privado biling\u00fce en Sevilla","robots":{"index":"index","follow":"follow","max-snippet":"max-snippet:-1","max-image-preview":"max-image-preview:large","max-video-preview":"max-video-preview:-1"},"canonical":"https:\/\/lfsevilla.com\/fr\/mai-des-langues-au-lycee\/","og_locale":"fr_FR","og_type":"article","og_title":"'Mai des langues' au Lyc\u00e9e - Lyc\u00e9e Fran\u00e7ais de S\u00e9ville | Colegio privado biling\u00fce en Sevilla","og_description":"Les \u00e9l\u00e8ves du Lyc\u00e9e Fran\u00e7ais International de S\u00e9ville, du CM1 \u00e0\u00a0la 2de, ont la chance de participer au projet du Mai des Langues\u00a0initi\u00e9 par le r\u00e9seau AEFE. L&#8217;id\u00e9e est de faire entendre les\u00a0diff\u00e9rentes langues qui se parlent dans notre \u00e9tablissement, des\u00a0langues qui ne sont pas forc\u00e9ment enseign\u00e9es mais qui sont parl\u00e9es\u00a0par nos \u00e9l\u00e8ves, des langues [&hellip;]","og_url":"https:\/\/lfsevilla.com\/fr\/mai-des-langues-au-lycee\/","og_site_name":"Lyc\u00e9e Fran\u00e7ais de S\u00e9ville | Colegio privado biling\u00fce en Sevilla","article_publisher":"https:\/\/www.facebook.com\/LiceoFrancesSevilla\/","article_published_time":"2022-06-07T10:34:05+00:00","og_image":[{"width":1045,"height":586,"url":"https:\/\/lfsevilla.com\/wp-content\/uploads\/2022\/06\/Captura-de-pantalla-2022-06-07-a-las-12.33.32.png","type":"image\/png"}],"author":"LFS","twitter_card":"summary_large_image","twitter_creator":"@lfsevilla","twitter_site":"@lfsevilla","twitter_misc":{"\u00c9crit par":"LFS","Dur\u00e9e de lecture estim\u00e9e":"1 minute"},"schema":{"@context":"https:\/\/schema.org","@graph":[{"@type":"Article","@id":"https:\/\/lfsevilla.com\/fr\/mai-des-langues-au-lycee\/#article","isPartOf":{"@id":"https:\/\/lfsevilla.com\/fr\/mai-des-langues-au-lycee\/"},"author":{"name":"LFS","@id":"https:\/\/lfsevilla.com\/#\/schema\/person\/ead715d6b1b6b2cb0bb6f7a06675d093"},"headline":"&#8216;Mai des langues&#8217; au Lyc\u00e9e","datePublished":"2022-06-07T10:34:05+00:00","mainEntityOfPage":{"@id":"https:\/\/lfsevilla.com\/fr\/mai-des-langues-au-lycee\/"},"wordCount":175,"publisher":{"@id":"https:\/\/lfsevilla.com\/#organization"},"image":{"@id":"https:\/\/lfsevilla.com\/fr\/mai-des-langues-au-lycee\/#primaryimage"},"thumbnailUrl":"https:\/\/lfsevilla.com\/wp-content\/uploads\/2022\/06\/Captura-de-pantalla-2022-06-07-a-las-12.33.32.png","articleSection":["Actualit\u00e9s","Nouvelles"],"inLanguage":"fr-FR"},{"@type":"WebPage","@id":"https:\/\/lfsevilla.com\/fr\/mai-des-langues-au-lycee\/","url":"https:\/\/lfsevilla.com\/fr\/mai-des-langues-au-lycee\/","name":"'Mai des langues' au Lyc\u00e9e - Lyc\u00e9e Fran\u00e7ais de S\u00e9ville | Colegio privado biling\u00fce en Sevilla","isPartOf":{"@id":"https:\/\/lfsevilla.com\/#website"},"primaryImageOfPage":{"@id":"https:\/\/lfsevilla.com\/fr\/mai-des-langues-au-lycee\/#primaryimage"},"image":{"@id":"https:\/\/lfsevilla.com\/fr\/mai-des-langues-au-lycee\/#primaryimage"},"thumbnailUrl":"https:\/\/lfsevilla.com\/wp-content\/uploads\/2022\/06\/Captura-de-pantalla-2022-06-07-a-las-12.33.32.png","datePublished":"2022-06-07T10:34:05+00:00","breadcrumb":{"@id":"https:\/\/lfsevilla.com\/fr\/mai-des-langues-au-lycee\/#breadcrumb"},"inLanguage":"fr-FR","potentialAction":[{"@type":"ReadAction","target":["https:\/\/lfsevilla.com\/fr\/mai-des-langues-au-lycee\/"]}]},{"@type":"ImageObject","inLanguage":"fr-FR","@id":"https:\/\/lfsevilla.com\/fr\/mai-des-langues-au-lycee\/#primaryimage","url":"https:\/\/lfsevilla.com\/wp-content\/uploads\/2022\/06\/Captura-de-pantalla-2022-06-07-a-las-12.33.32.png","contentUrl":"https:\/\/lfsevilla.com\/wp-content\/uploads\/2022\/06\/Captura-de-pantalla-2022-06-07-a-las-12.33.32.png","width":1045,"height":586},{"@type":"BreadcrumbList","@id":"https:\/\/lfsevilla.com\/fr\/mai-des-langues-au-lycee\/#breadcrumb","itemListElement":[{"@type":"ListItem","position":1,"name":"Portada","item":"https:\/\/lfsevilla.com\/fr\/"},{"@type":"ListItem","position":2,"name":"&#8216;Mai des langues&#8217; au Lyc\u00e9e"}]},{"@type":"WebSite","@id":"https:\/\/lfsevilla.com\/#website","url":"https:\/\/lfsevilla.com\/","name":"Lyc\u00e9e Fran\u00e7ais de S\u00e9ville | Colegio privado internacional triling\u00fce en Sevilla","description":"El Liceo franc\u00e9s de Sevilla ofrece una ense\u00f1anza pluriling\u00fce (ingl\u00e9s, franc\u00e9s y espa\u00f1ol), multicultural y respetuosa con las libertades individuales.","publisher":{"@id":"https:\/\/lfsevilla.com\/#organization"},"potentialAction":[{"@type":"SearchAction","target":{"@type":"EntryPoint","urlTemplate":"https:\/\/lfsevilla.com\/?s={search_term_string}"},"query-input":{"@type":"PropertyValueSpecification","valueRequired":true,"valueName":"search_term_string"}}],"inLanguage":"fr-FR"},{"@type":"Organization","@id":"https:\/\/lfsevilla.com\/#organization","name":"Lyc\u00e9e Fran\u00e7ais International de S\u00e9ville","url":"https:\/\/lfsevilla.com\/","logo":{"@type":"ImageObject","inLanguage":"fr-FR","@id":"https:\/\/lfsevilla.com\/#\/schema\/logo\/image\/","url":"https:\/\/lfsevilla.com\/wp-content\/uploads\/2023\/05\/Logo-Liceo-Frances-de-Sevilla-223x223-1.jpg","contentUrl":"https:\/\/lfsevilla.com\/wp-content\/uploads\/2023\/05\/Logo-Liceo-Frances-de-Sevilla-223x223-1.jpg","width":223,"height":223,"caption":"Lyc\u00e9e Fran\u00e7ais International de S\u00e9ville"},"image":{"@id":"https:\/\/lfsevilla.com\/#\/schema\/logo\/image\/"},"sameAs":["https:\/\/www.facebook.com\/LiceoFrancesSevilla\/","https:\/\/x.com\/lfsevilla","https:\/\/www.linkedin.com\/company\/liceo-francs-internacional-de-sevilla\/","https:\/\/www.instagram.com\/liceofrancessevilla\/","https:\/\/www.youtube.com\/@liceofrancessevilla1124"]},{"@type":"Person","@id":"https:\/\/lfsevilla.com\/#\/schema\/person\/ead715d6b1b6b2cb0bb6f7a06675d093","name":"LFS","image":{"@type":"ImageObject","inLanguage":"fr-FR","@id":"https:\/\/lfsevilla.com\/#\/schema\/person\/image\/","url":"https:\/\/secure.gravatar.com\/avatar\/2b2587b6982746a9eb2cb62bda174a08069748c2251c7ca9b6e683d4aab29597?s=96&d=mm&r=g","contentUrl":"https:\/\/secure.gravatar.com\/avatar\/2b2587b6982746a9eb2cb62bda174a08069748c2251c7ca9b6e683d4aab29597?s=96&d=mm&r=g","caption":"LFS"},"url":"https:\/\/lfsevilla.com\/fr\/author\/weblfsevilla-com\/"}]}},"_links":{"self":[{"href":"https:\/\/lfsevilla.com\/fr\/wp-json\/wp\/v2\/posts\/10443","targetHints":{"allow":["GET"]}}],"collection":[{"href":"https:\/\/lfsevilla.com\/fr\/wp-json\/wp\/v2\/posts"}],"about":[{"href":"https:\/\/lfsevilla.com\/fr\/wp-json\/wp\/v2\/types\/post"}],"author":[{"embeddable":true,"href":"https:\/\/lfsevilla.com\/fr\/wp-json\/wp\/v2\/users\/2"}],"replies":[{"embeddable":true,"href":"https:\/\/lfsevilla.com\/fr\/wp-json\/wp\/v2\/comments?post=10443"}],"version-history":[{"count":2,"href":"https:\/\/lfsevilla.com\/fr\/wp-json\/wp\/v2\/posts\/10443\/revisions"}],"predecessor-version":[{"id":10447,"href":"https:\/\/lfsevilla.com\/fr\/wp-json\/wp\/v2\/posts\/10443\/revisions\/10447"}],"wp:featuredmedia":[{"embeddable":true,"href":"https:\/\/lfsevilla.com\/fr\/wp-json\/wp\/v2\/media\/10444"}],"wp:attachment":[{"href":"https:\/\/lfsevilla.com\/fr\/wp-json\/wp\/v2\/media?parent=10443"}],"wp:term":[{"taxonomy":"category","embeddable":true,"href":"https:\/\/lfsevilla.com\/fr\/wp-json\/wp\/v2\/categories?post=10443"},{"taxonomy":"post_tag","embeddable":true,"href":"https:\/\/lfsevilla.com\/fr\/wp-json\/wp\/v2\/tags?post=10443"}],"curies":[{"name":"wp","href":"https:\/\/api.w.org\/{rel}","templated":true}]}}