{"id":10133,"date":"2022-05-03T15:15:51","date_gmt":"2022-05-03T13:15:51","guid":{"rendered":"https:\/\/lfsevilla.com\/?p=10133"},"modified":"2022-05-03T15:15:51","modified_gmt":"2022-05-03T13:15:51","slug":"promenade-dans-le-quartier-santa-cruz","status":"publish","type":"post","link":"https:\/\/lfsevilla.com\/fr\/promenade-dans-le-quartier-santa-cruz\/","title":{"rendered":"Promenade dans le quartier Santa Cruz"},"content":{"rendered":"<p>Les 4\u00e8mes se sont promen\u00e9s dans le quartier Santa Cruz sur les pas de l\u00e9gendes amoureuses, en lien avec l&#8217;etude de Rom\u00e9o et Juliette de Shakespeare.<\/p>\n<p>Nous avons \u00e9cout\u00e9<span class=\"Apple-converted-space\">\u00a0 <\/span>les histoires de Rosine, Susona, Pedro le Cruel&#8230;<\/p>\n\n\t\t<style type=\"text\/css\">\n\t\t\t#gallery-1 {\n\t\t\t\tmargin: auto;\n\t\t\t}\n\t\t\t#gallery-1 .gallery-item {\n\t\t\t\tfloat: left;\n\t\t\t\tmargin-top: 10px;\n\t\t\t\ttext-align: center;\n\t\t\t\twidth: 16%;\n\t\t\t}\n\t\t\t#gallery-1 img {\n\t\t\t\tborder: 2px solid #cfcfcf;\n\t\t\t}\n\t\t\t#gallery-1 .gallery-caption {\n\t\t\t\tmargin-left: 0;\n\t\t\t}\n\t\t\t\/* see gallery_shortcode() in wp-includes\/media.php *\/\n\t\t<\/style>\n\t\t<div id='gallery-1' class='gallery galleryid-10133 gallery-columns-6 gallery-size-thumbnail'><dl class='gallery-item'>\n\t\t\t<dt class='gallery-icon landscape'>\n\t\t\t\t<a href='https:\/\/lfsevilla.com\/wp-content\/uploads\/2022\/05\/WhatsApp-Image-2022-04-29-at-4.30.55-PM.jpeg'><img decoding=\"async\" width=\"150\" height=\"150\" src=\"https:\/\/lfsevilla.com\/wp-content\/uploads\/2022\/05\/WhatsApp-Image-2022-04-29-at-4.30.55-PM-150x150.jpeg\" class=\"attachment-thumbnail size-thumbnail\" alt=\"\" \/><\/a>\n\t\t\t<\/dt><\/dl><dl class='gallery-item'>\n\t\t\t<dt class='gallery-icon landscape'>\n\t\t\t\t<a href='https:\/\/lfsevilla.com\/wp-content\/uploads\/2022\/05\/WhatsApp-Image-2022-04-29-at-4.30.55-PM-1.jpeg'><img decoding=\"async\" width=\"150\" height=\"150\" src=\"https:\/\/lfsevilla.com\/wp-content\/uploads\/2022\/05\/WhatsApp-Image-2022-04-29-at-4.30.55-PM-1-150x150.jpeg\" class=\"attachment-thumbnail size-thumbnail\" alt=\"\" \/><\/a>\n\t\t\t<\/dt><\/dl><dl class='gallery-item'>\n\t\t\t<dt class='gallery-icon landscape'>\n\t\t\t\t<a href='https:\/\/lfsevilla.com\/wp-content\/uploads\/2022\/05\/WhatsApp-Image-2022-04-29-at-4.30.54-PM.jpeg'><img decoding=\"async\" width=\"150\" height=\"150\" src=\"https:\/\/lfsevilla.com\/wp-content\/uploads\/2022\/05\/WhatsApp-Image-2022-04-29-at-4.30.54-PM-150x150.jpeg\" class=\"attachment-thumbnail size-thumbnail\" alt=\"\" \/><\/a>\n\t\t\t<\/dt><\/dl><dl class='gallery-item'>\n\t\t\t<dt class='gallery-icon landscape'>\n\t\t\t\t<a href='https:\/\/lfsevilla.com\/wp-content\/uploads\/2022\/05\/WhatsApp-Image-2022-04-29-at-4.30.54-PM-4.jpeg'><img decoding=\"async\" width=\"150\" height=\"150\" src=\"https:\/\/lfsevilla.com\/wp-content\/uploads\/2022\/05\/WhatsApp-Image-2022-04-29-at-4.30.54-PM-4-150x150.jpeg\" class=\"attachment-thumbnail size-thumbnail\" alt=\"\" \/><\/a>\n\t\t\t<\/dt><\/dl><dl class='gallery-item'>\n\t\t\t<dt class='gallery-icon portrait'>\n\t\t\t\t<a href='https:\/\/lfsevilla.com\/wp-content\/uploads\/2022\/05\/WhatsApp-Image-2022-04-29-at-4.30.54-PM-3.jpeg'><img decoding=\"async\" width=\"150\" height=\"150\" src=\"https:\/\/lfsevilla.com\/wp-content\/uploads\/2022\/05\/WhatsApp-Image-2022-04-29-at-4.30.54-PM-3-150x150.jpeg\" class=\"attachment-thumbnail size-thumbnail\" alt=\"\" \/><\/a>\n\t\t\t<\/dt><\/dl><dl class='gallery-item'>\n\t\t\t<dt class='gallery-icon landscape'>\n\t\t\t\t<a href='https:\/\/lfsevilla.com\/wp-content\/uploads\/2022\/05\/WhatsApp-Image-2022-04-29-at-4.30.53-PM-1.jpeg'><img decoding=\"async\" width=\"150\" height=\"150\" src=\"https:\/\/lfsevilla.com\/wp-content\/uploads\/2022\/05\/WhatsApp-Image-2022-04-29-at-4.30.53-PM-1-150x150.jpeg\" class=\"attachment-thumbnail size-thumbnail\" alt=\"\" \/><\/a>\n\t\t\t<\/dt><\/dl><br style=\"clear: both\" \/><dl class='gallery-item'>\n\t\t\t<dt class='gallery-icon portrait'>\n\t\t\t\t<a href='https:\/\/lfsevilla.com\/wp-content\/uploads\/2022\/05\/WhatsApp-Image-2022-04-29-at-4.30.53-PM-2.jpeg'><img decoding=\"async\" width=\"150\" height=\"150\" src=\"https:\/\/lfsevilla.com\/wp-content\/uploads\/2022\/05\/WhatsApp-Image-2022-04-29-at-4.30.53-PM-2-150x150.jpeg\" class=\"attachment-thumbnail size-thumbnail\" alt=\"\" \/><\/a>\n\t\t\t<\/dt><\/dl><dl class='gallery-item'>\n\t\t\t<dt class='gallery-icon landscape'>\n\t\t\t\t<a href='https:\/\/lfsevilla.com\/wp-content\/uploads\/2022\/05\/WhatsApp-Image-2022-04-29-at-4.30.53-PM-3.jpeg'><img decoding=\"async\" width=\"150\" height=\"150\" src=\"https:\/\/lfsevilla.com\/wp-content\/uploads\/2022\/05\/WhatsApp-Image-2022-04-29-at-4.30.53-PM-3-150x150.jpeg\" class=\"attachment-thumbnail size-thumbnail\" alt=\"\" \/><\/a>\n\t\t\t<\/dt><\/dl><dl class='gallery-item'>\n\t\t\t<dt class='gallery-icon landscape'>\n\t\t\t\t<a href='https:\/\/lfsevilla.com\/wp-content\/uploads\/2022\/05\/WhatsApp-Image-2022-04-29-at-4.30.53-PM.jpeg'><img decoding=\"async\" width=\"150\" height=\"150\" src=\"https:\/\/lfsevilla.com\/wp-content\/uploads\/2022\/05\/WhatsApp-Image-2022-04-29-at-4.30.53-PM-150x150.jpeg\" class=\"attachment-thumbnail size-thumbnail\" alt=\"\" \/><\/a>\n\t\t\t<\/dt><\/dl><dl class='gallery-item'>\n\t\t\t<dt class='gallery-icon landscape'>\n\t\t\t\t<a href='https:\/\/lfsevilla.com\/wp-content\/uploads\/2022\/05\/WhatsApp-Image-2022-04-29-at-4.30.54-PM-1.jpeg'><img decoding=\"async\" width=\"150\" height=\"150\" src=\"https:\/\/lfsevilla.com\/wp-content\/uploads\/2022\/05\/WhatsApp-Image-2022-04-29-at-4.30.54-PM-1-150x150.jpeg\" class=\"attachment-thumbnail size-thumbnail\" alt=\"\" \/><\/a>\n\t\t\t<\/dt><\/dl><dl class='gallery-item'>\n\t\t\t<dt class='gallery-icon portrait'>\n\t\t\t\t<a href='https:\/\/lfsevilla.com\/wp-content\/uploads\/2022\/05\/WhatsApp-Image-2022-04-29-at-4.30.54-PM-2.jpeg'><img decoding=\"async\" width=\"150\" height=\"150\" src=\"https:\/\/lfsevilla.com\/wp-content\/uploads\/2022\/05\/WhatsApp-Image-2022-04-29-at-4.30.54-PM-2-150x150.jpeg\" class=\"attachment-thumbnail size-thumbnail\" alt=\"\" \/><\/a>\n\t\t\t<\/dt><\/dl>\n\t\t\t<br style='clear: both' \/>\n\t\t<\/div>\n\n","protected":false},"excerpt":{"rendered":"<p>Les 4\u00e8mes se sont promen\u00e9s dans le quartier Santa Cruz sur les pas de l\u00e9gendes amoureuses, en lien avec l&#8217;etude de Rom\u00e9o et Juliette de Shakespeare. Nous avons \u00e9cout\u00e9\u00a0 les histoires de Rosine, Susona, Pedro le Cruel&#8230;<\/p>\n","protected":false},"author":2,"featured_media":10127,"comment_status":"closed","ping_status":"open","sticky":false,"template":"","format":"standard","meta":{"_et_pb_use_builder":"","_et_pb_old_content":"","_et_gb_content_width":"","footnotes":""},"categories":[48,32],"tags":[],"class_list":["post-10133","post","type-post","status-publish","format-standard","has-post-thumbnail","hentry","category-actualites","category-nouvelles"],"yoast_head":"<!-- This site is optimized with the Yoast SEO plugin v27.0 - https:\/\/yoast.com\/product\/yoast-seo-wordpress\/ -->\n<title>Promenade dans le quartier Santa Cruz - Lyc\u00e9e Fran\u00e7ais de S\u00e9ville | Colegio privado biling\u00fce en Sevilla<\/title>\n<meta name=\"robots\" content=\"index, follow, max-snippet:-1, max-image-preview:large, max-video-preview:-1\" \/>\n<link rel=\"canonical\" href=\"https:\/\/lfsevilla.com\/fr\/promenade-dans-le-quartier-santa-cruz\/\" \/>\n<meta property=\"og:locale\" content=\"fr_FR\" \/>\n<meta property=\"og:type\" content=\"article\" \/>\n<meta property=\"og:title\" content=\"Promenade dans le quartier Santa Cruz - Lyc\u00e9e Fran\u00e7ais de S\u00e9ville | Colegio privado biling\u00fce en Sevilla\" \/>\n<meta property=\"og:description\" content=\"Les 4\u00e8mes se sont promen\u00e9s dans le quartier Santa Cruz sur les pas de l\u00e9gendes amoureuses, en lien avec l&#8217;etude de Rom\u00e9o et Juliette de Shakespeare. Nous avons \u00e9cout\u00e9\u00a0 les histoires de Rosine, Susona, Pedro le Cruel&#8230;\" \/>\n<meta property=\"og:url\" content=\"https:\/\/lfsevilla.com\/fr\/promenade-dans-le-quartier-santa-cruz\/\" \/>\n<meta property=\"og:site_name\" content=\"Lyc\u00e9e Fran\u00e7ais de S\u00e9ville | Colegio privado biling\u00fce en Sevilla\" \/>\n<meta property=\"article:publisher\" content=\"https:\/\/www.facebook.com\/LiceoFrancesSevilla\/\" \/>\n<meta property=\"article:published_time\" content=\"2022-05-03T13:15:51+00:00\" \/>\n<meta property=\"og:image\" content=\"https:\/\/lfsevilla.com\/wp-content\/uploads\/2022\/05\/WhatsApp-Image-2022-04-29-at-4.30.55-PM-1.jpeg\" \/>\n\t<meta property=\"og:image:width\" content=\"2048\" \/>\n\t<meta property=\"og:image:height\" content=\"1536\" \/>\n\t<meta property=\"og:image:type\" content=\"image\/jpeg\" \/>\n<meta name=\"author\" content=\"LFS\" \/>\n<meta name=\"twitter:card\" content=\"summary_large_image\" \/>\n<meta name=\"twitter:creator\" content=\"@lfsevilla\" \/>\n<meta name=\"twitter:site\" content=\"@lfsevilla\" \/>\n<meta name=\"twitter:label1\" content=\"\u00c9crit par\" \/>\n\t<meta name=\"twitter:data1\" content=\"LFS\" \/>\n\t<meta name=\"twitter:label2\" content=\"Dur\u00e9e de lecture estim\u00e9e\" \/>\n\t<meta name=\"twitter:data2\" content=\"1 minute\" \/>\n<script type=\"application\/ld+json\" class=\"yoast-schema-graph\">{\"@context\":\"https:\/\/schema.org\",\"@graph\":[{\"@type\":\"Article\",\"@id\":\"https:\/\/lfsevilla.com\/fr\/promenade-dans-le-quartier-santa-cruz\/#article\",\"isPartOf\":{\"@id\":\"https:\/\/lfsevilla.com\/fr\/promenade-dans-le-quartier-santa-cruz\/\"},\"author\":{\"name\":\"LFS\",\"@id\":\"https:\/\/lfsevilla.com\/#\/schema\/person\/ead715d6b1b6b2cb0bb6f7a06675d093\"},\"headline\":\"Promenade dans le quartier Santa Cruz\",\"datePublished\":\"2022-05-03T13:15:51+00:00\",\"mainEntityOfPage\":{\"@id\":\"https:\/\/lfsevilla.com\/fr\/promenade-dans-le-quartier-santa-cruz\/\"},\"wordCount\":52,\"publisher\":{\"@id\":\"https:\/\/lfsevilla.com\/#organization\"},\"image\":{\"@id\":\"https:\/\/lfsevilla.com\/fr\/promenade-dans-le-quartier-santa-cruz\/#primaryimage\"},\"thumbnailUrl\":\"https:\/\/lfsevilla.com\/wp-content\/uploads\/2022\/05\/WhatsApp-Image-2022-04-29-at-4.30.55-PM-1.jpeg\",\"articleSection\":[\"Actualit\u00e9s\",\"Nouvelles\"],\"inLanguage\":\"fr-FR\"},{\"@type\":\"WebPage\",\"@id\":\"https:\/\/lfsevilla.com\/fr\/promenade-dans-le-quartier-santa-cruz\/\",\"url\":\"https:\/\/lfsevilla.com\/fr\/promenade-dans-le-quartier-santa-cruz\/\",\"name\":\"Promenade dans le quartier Santa Cruz - Lyc\u00e9e Fran\u00e7ais de S\u00e9ville | Colegio privado biling\u00fce en Sevilla\",\"isPartOf\":{\"@id\":\"https:\/\/lfsevilla.com\/#website\"},\"primaryImageOfPage\":{\"@id\":\"https:\/\/lfsevilla.com\/fr\/promenade-dans-le-quartier-santa-cruz\/#primaryimage\"},\"image\":{\"@id\":\"https:\/\/lfsevilla.com\/fr\/promenade-dans-le-quartier-santa-cruz\/#primaryimage\"},\"thumbnailUrl\":\"https:\/\/lfsevilla.com\/wp-content\/uploads\/2022\/05\/WhatsApp-Image-2022-04-29-at-4.30.55-PM-1.jpeg\",\"datePublished\":\"2022-05-03T13:15:51+00:00\",\"breadcrumb\":{\"@id\":\"https:\/\/lfsevilla.com\/fr\/promenade-dans-le-quartier-santa-cruz\/#breadcrumb\"},\"inLanguage\":\"fr-FR\",\"potentialAction\":[{\"@type\":\"ReadAction\",\"target\":[\"https:\/\/lfsevilla.com\/fr\/promenade-dans-le-quartier-santa-cruz\/\"]}]},{\"@type\":\"ImageObject\",\"inLanguage\":\"fr-FR\",\"@id\":\"https:\/\/lfsevilla.com\/fr\/promenade-dans-le-quartier-santa-cruz\/#primaryimage\",\"url\":\"https:\/\/lfsevilla.com\/wp-content\/uploads\/2022\/05\/WhatsApp-Image-2022-04-29-at-4.30.55-PM-1.jpeg\",\"contentUrl\":\"https:\/\/lfsevilla.com\/wp-content\/uploads\/2022\/05\/WhatsApp-Image-2022-04-29-at-4.30.55-PM-1.jpeg\",\"width\":2048,\"height\":1536},{\"@type\":\"BreadcrumbList\",\"@id\":\"https:\/\/lfsevilla.com\/fr\/promenade-dans-le-quartier-santa-cruz\/#breadcrumb\",\"itemListElement\":[{\"@type\":\"ListItem\",\"position\":1,\"name\":\"Portada\",\"item\":\"https:\/\/lfsevilla.com\/fr\/\"},{\"@type\":\"ListItem\",\"position\":2,\"name\":\"Promenade dans le quartier Santa Cruz\"}]},{\"@type\":\"WebSite\",\"@id\":\"https:\/\/lfsevilla.com\/#website\",\"url\":\"https:\/\/lfsevilla.com\/\",\"name\":\"Lyc\u00e9e Fran\u00e7ais de S\u00e9ville | Colegio privado internacional triling\u00fce en Sevilla\",\"description\":\"El Liceo franc\u00e9s de Sevilla ofrece una ense\u00f1anza pluriling\u00fce (ingl\u00e9s, franc\u00e9s y espa\u00f1ol), multicultural y respetuosa con las libertades individuales.\",\"publisher\":{\"@id\":\"https:\/\/lfsevilla.com\/#organization\"},\"potentialAction\":[{\"@type\":\"SearchAction\",\"target\":{\"@type\":\"EntryPoint\",\"urlTemplate\":\"https:\/\/lfsevilla.com\/?s={search_term_string}\"},\"query-input\":{\"@type\":\"PropertyValueSpecification\",\"valueRequired\":true,\"valueName\":\"search_term_string\"}}],\"inLanguage\":\"fr-FR\"},{\"@type\":\"Organization\",\"@id\":\"https:\/\/lfsevilla.com\/#organization\",\"name\":\"Lyc\u00e9e Fran\u00e7ais International de S\u00e9ville\",\"url\":\"https:\/\/lfsevilla.com\/\",\"logo\":{\"@type\":\"ImageObject\",\"inLanguage\":\"fr-FR\",\"@id\":\"https:\/\/lfsevilla.com\/#\/schema\/logo\/image\/\",\"url\":\"https:\/\/lfsevilla.com\/wp-content\/uploads\/2023\/05\/Logo-Liceo-Frances-de-Sevilla-223x223-1.jpg\",\"contentUrl\":\"https:\/\/lfsevilla.com\/wp-content\/uploads\/2023\/05\/Logo-Liceo-Frances-de-Sevilla-223x223-1.jpg\",\"width\":223,\"height\":223,\"caption\":\"Lyc\u00e9e Fran\u00e7ais International de S\u00e9ville\"},\"image\":{\"@id\":\"https:\/\/lfsevilla.com\/#\/schema\/logo\/image\/\"},\"sameAs\":[\"https:\/\/www.facebook.com\/LiceoFrancesSevilla\/\",\"https:\/\/x.com\/lfsevilla\",\"https:\/\/www.linkedin.com\/company\/liceo-francs-internacional-de-sevilla\/\",\"https:\/\/www.instagram.com\/liceofrancessevilla\/\",\"https:\/\/www.youtube.com\/@liceofrancessevilla1124\"]},{\"@type\":\"Person\",\"@id\":\"https:\/\/lfsevilla.com\/#\/schema\/person\/ead715d6b1b6b2cb0bb6f7a06675d093\",\"name\":\"LFS\",\"image\":{\"@type\":\"ImageObject\",\"inLanguage\":\"fr-FR\",\"@id\":\"https:\/\/lfsevilla.com\/#\/schema\/person\/image\/\",\"url\":\"https:\/\/secure.gravatar.com\/avatar\/2b2587b6982746a9eb2cb62bda174a08069748c2251c7ca9b6e683d4aab29597?s=96&d=mm&r=g\",\"contentUrl\":\"https:\/\/secure.gravatar.com\/avatar\/2b2587b6982746a9eb2cb62bda174a08069748c2251c7ca9b6e683d4aab29597?s=96&d=mm&r=g\",\"caption\":\"LFS\"},\"url\":\"https:\/\/lfsevilla.com\/fr\/author\/weblfsevilla-com\/\"}]}<\/script>\n<!-- \/ Yoast SEO plugin. -->","yoast_head_json":{"title":"Promenade dans le quartier Santa Cruz - Lyc\u00e9e Fran\u00e7ais de S\u00e9ville | Colegio privado biling\u00fce en Sevilla","robots":{"index":"index","follow":"follow","max-snippet":"max-snippet:-1","max-image-preview":"max-image-preview:large","max-video-preview":"max-video-preview:-1"},"canonical":"https:\/\/lfsevilla.com\/fr\/promenade-dans-le-quartier-santa-cruz\/","og_locale":"fr_FR","og_type":"article","og_title":"Promenade dans le quartier Santa Cruz - Lyc\u00e9e Fran\u00e7ais de S\u00e9ville | Colegio privado biling\u00fce en Sevilla","og_description":"Les 4\u00e8mes se sont promen\u00e9s dans le quartier Santa Cruz sur les pas de l\u00e9gendes amoureuses, en lien avec l&#8217;etude de Rom\u00e9o et Juliette de Shakespeare. Nous avons \u00e9cout\u00e9\u00a0 les histoires de Rosine, Susona, Pedro le Cruel&#8230;","og_url":"https:\/\/lfsevilla.com\/fr\/promenade-dans-le-quartier-santa-cruz\/","og_site_name":"Lyc\u00e9e Fran\u00e7ais de S\u00e9ville | Colegio privado biling\u00fce en Sevilla","article_publisher":"https:\/\/www.facebook.com\/LiceoFrancesSevilla\/","article_published_time":"2022-05-03T13:15:51+00:00","og_image":[{"width":2048,"height":1536,"url":"https:\/\/lfsevilla.com\/wp-content\/uploads\/2022\/05\/WhatsApp-Image-2022-04-29-at-4.30.55-PM-1.jpeg","type":"image\/jpeg"}],"author":"LFS","twitter_card":"summary_large_image","twitter_creator":"@lfsevilla","twitter_site":"@lfsevilla","twitter_misc":{"\u00c9crit par":"LFS","Dur\u00e9e de lecture estim\u00e9e":"1 minute"},"schema":{"@context":"https:\/\/schema.org","@graph":[{"@type":"Article","@id":"https:\/\/lfsevilla.com\/fr\/promenade-dans-le-quartier-santa-cruz\/#article","isPartOf":{"@id":"https:\/\/lfsevilla.com\/fr\/promenade-dans-le-quartier-santa-cruz\/"},"author":{"name":"LFS","@id":"https:\/\/lfsevilla.com\/#\/schema\/person\/ead715d6b1b6b2cb0bb6f7a06675d093"},"headline":"Promenade dans le quartier Santa Cruz","datePublished":"2022-05-03T13:15:51+00:00","mainEntityOfPage":{"@id":"https:\/\/lfsevilla.com\/fr\/promenade-dans-le-quartier-santa-cruz\/"},"wordCount":52,"publisher":{"@id":"https:\/\/lfsevilla.com\/#organization"},"image":{"@id":"https:\/\/lfsevilla.com\/fr\/promenade-dans-le-quartier-santa-cruz\/#primaryimage"},"thumbnailUrl":"https:\/\/lfsevilla.com\/wp-content\/uploads\/2022\/05\/WhatsApp-Image-2022-04-29-at-4.30.55-PM-1.jpeg","articleSection":["Actualit\u00e9s","Nouvelles"],"inLanguage":"fr-FR"},{"@type":"WebPage","@id":"https:\/\/lfsevilla.com\/fr\/promenade-dans-le-quartier-santa-cruz\/","url":"https:\/\/lfsevilla.com\/fr\/promenade-dans-le-quartier-santa-cruz\/","name":"Promenade dans le quartier Santa Cruz - Lyc\u00e9e Fran\u00e7ais de S\u00e9ville | Colegio privado biling\u00fce en Sevilla","isPartOf":{"@id":"https:\/\/lfsevilla.com\/#website"},"primaryImageOfPage":{"@id":"https:\/\/lfsevilla.com\/fr\/promenade-dans-le-quartier-santa-cruz\/#primaryimage"},"image":{"@id":"https:\/\/lfsevilla.com\/fr\/promenade-dans-le-quartier-santa-cruz\/#primaryimage"},"thumbnailUrl":"https:\/\/lfsevilla.com\/wp-content\/uploads\/2022\/05\/WhatsApp-Image-2022-04-29-at-4.30.55-PM-1.jpeg","datePublished":"2022-05-03T13:15:51+00:00","breadcrumb":{"@id":"https:\/\/lfsevilla.com\/fr\/promenade-dans-le-quartier-santa-cruz\/#breadcrumb"},"inLanguage":"fr-FR","potentialAction":[{"@type":"ReadAction","target":["https:\/\/lfsevilla.com\/fr\/promenade-dans-le-quartier-santa-cruz\/"]}]},{"@type":"ImageObject","inLanguage":"fr-FR","@id":"https:\/\/lfsevilla.com\/fr\/promenade-dans-le-quartier-santa-cruz\/#primaryimage","url":"https:\/\/lfsevilla.com\/wp-content\/uploads\/2022\/05\/WhatsApp-Image-2022-04-29-at-4.30.55-PM-1.jpeg","contentUrl":"https:\/\/lfsevilla.com\/wp-content\/uploads\/2022\/05\/WhatsApp-Image-2022-04-29-at-4.30.55-PM-1.jpeg","width":2048,"height":1536},{"@type":"BreadcrumbList","@id":"https:\/\/lfsevilla.com\/fr\/promenade-dans-le-quartier-santa-cruz\/#breadcrumb","itemListElement":[{"@type":"ListItem","position":1,"name":"Portada","item":"https:\/\/lfsevilla.com\/fr\/"},{"@type":"ListItem","position":2,"name":"Promenade dans le quartier Santa Cruz"}]},{"@type":"WebSite","@id":"https:\/\/lfsevilla.com\/#website","url":"https:\/\/lfsevilla.com\/","name":"Lyc\u00e9e Fran\u00e7ais de S\u00e9ville | Colegio privado internacional triling\u00fce en Sevilla","description":"El Liceo franc\u00e9s de Sevilla ofrece una ense\u00f1anza pluriling\u00fce (ingl\u00e9s, franc\u00e9s y espa\u00f1ol), multicultural y respetuosa con las libertades individuales.","publisher":{"@id":"https:\/\/lfsevilla.com\/#organization"},"potentialAction":[{"@type":"SearchAction","target":{"@type":"EntryPoint","urlTemplate":"https:\/\/lfsevilla.com\/?s={search_term_string}"},"query-input":{"@type":"PropertyValueSpecification","valueRequired":true,"valueName":"search_term_string"}}],"inLanguage":"fr-FR"},{"@type":"Organization","@id":"https:\/\/lfsevilla.com\/#organization","name":"Lyc\u00e9e Fran\u00e7ais International de S\u00e9ville","url":"https:\/\/lfsevilla.com\/","logo":{"@type":"ImageObject","inLanguage":"fr-FR","@id":"https:\/\/lfsevilla.com\/#\/schema\/logo\/image\/","url":"https:\/\/lfsevilla.com\/wp-content\/uploads\/2023\/05\/Logo-Liceo-Frances-de-Sevilla-223x223-1.jpg","contentUrl":"https:\/\/lfsevilla.com\/wp-content\/uploads\/2023\/05\/Logo-Liceo-Frances-de-Sevilla-223x223-1.jpg","width":223,"height":223,"caption":"Lyc\u00e9e Fran\u00e7ais International de S\u00e9ville"},"image":{"@id":"https:\/\/lfsevilla.com\/#\/schema\/logo\/image\/"},"sameAs":["https:\/\/www.facebook.com\/LiceoFrancesSevilla\/","https:\/\/x.com\/lfsevilla","https:\/\/www.linkedin.com\/company\/liceo-francs-internacional-de-sevilla\/","https:\/\/www.instagram.com\/liceofrancessevilla\/","https:\/\/www.youtube.com\/@liceofrancessevilla1124"]},{"@type":"Person","@id":"https:\/\/lfsevilla.com\/#\/schema\/person\/ead715d6b1b6b2cb0bb6f7a06675d093","name":"LFS","image":{"@type":"ImageObject","inLanguage":"fr-FR","@id":"https:\/\/lfsevilla.com\/#\/schema\/person\/image\/","url":"https:\/\/secure.gravatar.com\/avatar\/2b2587b6982746a9eb2cb62bda174a08069748c2251c7ca9b6e683d4aab29597?s=96&d=mm&r=g","contentUrl":"https:\/\/secure.gravatar.com\/avatar\/2b2587b6982746a9eb2cb62bda174a08069748c2251c7ca9b6e683d4aab29597?s=96&d=mm&r=g","caption":"LFS"},"url":"https:\/\/lfsevilla.com\/fr\/author\/weblfsevilla-com\/"}]}},"_links":{"self":[{"href":"https:\/\/lfsevilla.com\/fr\/wp-json\/wp\/v2\/posts\/10133","targetHints":{"allow":["GET"]}}],"collection":[{"href":"https:\/\/lfsevilla.com\/fr\/wp-json\/wp\/v2\/posts"}],"about":[{"href":"https:\/\/lfsevilla.com\/fr\/wp-json\/wp\/v2\/types\/post"}],"author":[{"embeddable":true,"href":"https:\/\/lfsevilla.com\/fr\/wp-json\/wp\/v2\/users\/2"}],"replies":[{"embeddable":true,"href":"https:\/\/lfsevilla.com\/fr\/wp-json\/wp\/v2\/comments?post=10133"}],"version-history":[{"count":1,"href":"https:\/\/lfsevilla.com\/fr\/wp-json\/wp\/v2\/posts\/10133\/revisions"}],"predecessor-version":[{"id":10134,"href":"https:\/\/lfsevilla.com\/fr\/wp-json\/wp\/v2\/posts\/10133\/revisions\/10134"}],"wp:featuredmedia":[{"embeddable":true,"href":"https:\/\/lfsevilla.com\/fr\/wp-json\/wp\/v2\/media\/10127"}],"wp:attachment":[{"href":"https:\/\/lfsevilla.com\/fr\/wp-json\/wp\/v2\/media?parent=10133"}],"wp:term":[{"taxonomy":"category","embeddable":true,"href":"https:\/\/lfsevilla.com\/fr\/wp-json\/wp\/v2\/categories?post=10133"},{"taxonomy":"post_tag","embeddable":true,"href":"https:\/\/lfsevilla.com\/fr\/wp-json\/wp\/v2\/tags?post=10133"}],"curies":[{"name":"wp","href":"https:\/\/api.w.org\/{rel}","templated":true}]}}